{"id":91430,"date":"2025-09-17T22:08:18","date_gmt":"2025-09-18T01:08:18","guid":{"rendered":"https:\/\/vocesparalelas.com.ar\/sitio\/?p=91430"},"modified":"2025-09-18T22:33:28","modified_gmt":"2025-09-19T01:33:28","slug":"san-juan-defendio-el-financiamiento-universitario-de-argentina","status":"publish","type":"post","link":"https:\/\/vocesparalelas.com.ar\/sitio\/san-juan-defendio-el-financiamiento-universitario-de-argentina\/","title":{"rendered":"San Juan defendi\u00f3 el Financiamiento Universitario de Argentina"},"content":{"rendered":"<p>Distintas agrupaciones de la Universidad Nacional de San Juan se concentro em la Plaza 25 de Mayo para Defender el Financiamiento Universitario de Argentina de las Universidades Nacionales P\u00fablicas.<\/p>\n<p>En la previa, Voces Paralelas desarroll\u00f3 una Entrevista Period\u00edstica al Rector de la UNSJ, Ing. Tadeo Berenguer, quien destac\u00f3 la espera de los resultados de la sesi\u00f3n de la C\u00e1mara de Diputados de la Naci\u00f3n para rechazar el Veto del Financiamiento Universitario de Argentina decretado por el presidente.<\/p>\n<p><iframe loading=\"lazy\" title=\"UNSJ RECTOR ING TADEO BERENGUER \" width=\"800\" height=\"450\" src=\"https:\/\/www.youtube.com\/embed\/cVoPh0gyGVo?feature=oembed\" frameborder=\"0\" allow=\"accelerometer; autoplay; clipboard-write; encrypted-media; gyroscope; picture-in-picture; web-share\" referrerpolicy=\"strict-origin-when-cross-origin\" allowfullscreen><\/iframe><\/p>\n<p>Posteriormente, entrevist\u00f3 al Secretario de ADICUS San Juan, Prof. Jaime Barcelona, quien puntualiz\u00f3 la necesidad que los legisladores Nacionales que fueron elegidos por el pueblo rechacen el veto del presidente frente a una necesidad que las Universidades Nacionales tengan su presupuesto y permitan el mejoramiento del servicio en todo sentido como as\u00ed tambi\u00e9n, mejorar los sueldos del personal.<\/p>\n<p><iframe loading=\"lazy\" title=\"UNSJ ADICUS PROF. JAIME BARCELONA\" width=\"800\" height=\"450\" src=\"https:\/\/www.youtube.com\/embed\/VzXKOSBQ1iA?feature=oembed\" frameborder=\"0\" allow=\"accelerometer; autoplay; clipboard-write; encrypted-media; gyroscope; picture-in-picture; web-share\" referrerpolicy=\"strict-origin-when-cross-origin\" allowfullscreen><\/iframe><\/p>\n<p>La cantidad que se convoc\u00f3 fue impresionante porque cada uno se los integrantes de la comunidad universitaria de las Unidades Acad\u00e9micas de la UNSJ camin\u00f3 y cant\u00f3 para que sean escuchados bajo el lema \u00abNo nos veten el futuro\u00bb.<\/p>\n<p><iframe loading=\"lazy\" title=\"UNSJ MARCHA FINANCIAMIENTO UNIVERSITARIO \" width=\"800\" height=\"450\" src=\"https:\/\/www.youtube.com\/embed\/zyaq1xgUbS4?feature=oembed\" frameborder=\"0\" allow=\"accelerometer; autoplay; clipboard-write; encrypted-media; gyroscope; picture-in-picture; web-share\" referrerpolicy=\"strict-origin-when-cross-origin\" allowfullscreen><\/iframe><\/p>\n<p>La uni\u00f3n hace la fuerza donde docentes, cient\u00edficos, estudiantes, no docentes, familias, se icieron sentir en las calles de San Juan.<\/p>\n<p><iframe loading=\"lazy\" title=\"UNSJ MARCHA POR FINANCIAMIENTO UNIVERSITARIO \" width=\"800\" height=\"450\" src=\"https:\/\/www.youtube.com\/embed\/QHoQB0ZFq20?feature=oembed\" frameborder=\"0\" allow=\"accelerometer; autoplay; clipboard-write; encrypted-media; gyroscope; picture-in-picture; web-share\" referrerpolicy=\"strict-origin-when-cross-origin\" allowfullscreen><\/iframe><\/p>\n<p>&nbsp;<\/p>\n<p>Se sumaron otras agrupaciones cuyos hijos son estudiantes universitarios de la UNSJ y pidieron con su apoyo luchar por los derechos de recibir educaci\u00f3n superior.<\/p>\n<p><iframe loading=\"lazy\" title=\"UNSJ MARCHA FINANCIAMIENTO UNIVERSITARIO \" width=\"800\" height=\"450\" src=\"https:\/\/www.youtube.com\/embed\/SvJVukEIFfo?feature=oembed\" frameborder=\"0\" allow=\"accelerometer; autoplay; clipboard-write; encrypted-media; gyroscope; picture-in-picture; web-share\" referrerpolicy=\"strict-origin-when-cross-origin\" allowfullscreen><\/iframe><\/p>\n<p>Finalmente, la fuerza de los deseos de lucha con unidad dio sus frutos porque en distintas provincia se desarrollaron esta defensa y que reflej\u00f3 que el pueblo protegi\u00f3 sus derechos de recibir educaci\u00f3n p\u00fablica.<\/p>\n<p><img loading=\"lazy\" decoding=\"async\" class=\"alignnone size-full wp-image-91434\" src=\"https:\/\/vocesparalelas.com.ar\/sitio\/wp-content\/uploads\/2025\/09\/VOTACION.jpg\" alt=\"\" width=\"800\" height=\"532\" srcset=\"https:\/\/vocesparalelas.com.ar\/sitio\/wp-content\/uploads\/2025\/09\/VOTACION.jpg 800w, https:\/\/vocesparalelas.com.ar\/sitio\/wp-content\/uploads\/2025\/09\/VOTACION-300x200.jpg 300w, https:\/\/vocesparalelas.com.ar\/sitio\/wp-content\/uploads\/2025\/09\/VOTACION-768x511.jpg 768w\" sizes=\"auto, (max-width: 800px) 100vw, 800px\" \/><\/p>\n<p>Caminaron asta el edificio del Rectorado de la Universidad Nacional de San Juan donde los presentes cantaron el Himno Nacional Argentino.<\/p>\n<p><iframe loading=\"lazy\" title=\"UNSJ HIMNO NACIONAL ARGENTINO\" width=\"563\" height=\"1000\" src=\"https:\/\/www.youtube.com\/embed\/-mliccCrpQk?feature=oembed\" frameborder=\"0\" allow=\"accelerometer; autoplay; clipboard-write; encrypted-media; gyroscope; picture-in-picture; web-share\" referrerpolicy=\"strict-origin-when-cross-origin\" allowfullscreen><\/iframe><\/p>\n<p>&nbsp;<\/p>\n<p><img loading=\"lazy\" decoding=\"async\" class=\"alignnone size-full wp-image-79515\" src=\"https:\/\/vocesparalelas.com.ar\/sitio\/wp-content\/uploads\/2024\/11\/UNSJ-LOGO-01.jpg\" alt=\"\" width=\"800\" height=\"459\" srcset=\"https:\/\/vocesparalelas.com.ar\/sitio\/wp-content\/uploads\/2024\/11\/UNSJ-LOGO-01.jpg 800w, https:\/\/vocesparalelas.com.ar\/sitio\/wp-content\/uploads\/2024\/11\/UNSJ-LOGO-01-300x172.jpg 300w, https:\/\/vocesparalelas.com.ar\/sitio\/wp-content\/uploads\/2024\/11\/UNSJ-LOGO-01-768x441.jpg 768w\" sizes=\"auto, (max-width: 800px) 100vw, 800px\" \/><\/p>\n","protected":false},"excerpt":{"rendered":"<p>Distintas agrupaciones de la Universidad Nacional de San Juan se concentro em la Plaza 25 de Mayo para Defender el<\/p>\n","protected":false},"author":3,"featured_media":91433,"comment_status":"closed","ping_status":"closed","sticky":false,"template":"","format":"standard","meta":{"_acf_changed":false,"_seopress_robots_primary_cat":"none","_seopress_titles_title":"","_seopress_titles_desc":"","_seopress_robots_index":"","colormag_page_container_layout":"default_layout","colormag_page_sidebar_layout":"default_layout","footnotes":""},"categories":[10,7],"tags":[],"class_list":["post-91430","post","type-post","status-publish","format-standard","has-post-thumbnail","hentry","category-opiniones","category-videos"],"acf":[],"_links":{"self":[{"href":"https:\/\/vocesparalelas.com.ar\/sitio\/wp-json\/wp\/v2\/posts\/91430","targetHints":{"allow":["GET"]}}],"collection":[{"href":"https:\/\/vocesparalelas.com.ar\/sitio\/wp-json\/wp\/v2\/posts"}],"about":[{"href":"https:\/\/vocesparalelas.com.ar\/sitio\/wp-json\/wp\/v2\/types\/post"}],"author":[{"embeddable":true,"href":"https:\/\/vocesparalelas.com.ar\/sitio\/wp-json\/wp\/v2\/users\/3"}],"replies":[{"embeddable":true,"href":"https:\/\/vocesparalelas.com.ar\/sitio\/wp-json\/wp\/v2\/comments?post=91430"}],"version-history":[{"count":3,"href":"https:\/\/vocesparalelas.com.ar\/sitio\/wp-json\/wp\/v2\/posts\/91430\/revisions"}],"predecessor-version":[{"id":91437,"href":"https:\/\/vocesparalelas.com.ar\/sitio\/wp-json\/wp\/v2\/posts\/91430\/revisions\/91437"}],"wp:featuredmedia":[{"embeddable":true,"href":"https:\/\/vocesparalelas.com.ar\/sitio\/wp-json\/wp\/v2\/media\/91433"}],"wp:attachment":[{"href":"https:\/\/vocesparalelas.com.ar\/sitio\/wp-json\/wp\/v2\/media?parent=91430"}],"wp:term":[{"taxonomy":"category","embeddable":true,"href":"https:\/\/vocesparalelas.com.ar\/sitio\/wp-json\/wp\/v2\/categories?post=91430"},{"taxonomy":"post_tag","embeddable":true,"href":"https:\/\/vocesparalelas.com.ar\/sitio\/wp-json\/wp\/v2\/tags?post=91430"}],"curies":[{"name":"wp","href":"https:\/\/api.w.org\/{rel}","templated":true}]}}