{"id":91396,"date":"2025-09-17T13:07:41","date_gmt":"2025-09-17T16:07:41","guid":{"rendered":"https:\/\/vocesparalelas.com.ar\/sitio\/?p=91396"},"modified":"2025-09-18T22:34:42","modified_gmt":"2025-09-19T01:34:42","slug":"la-fiscalia-de-estado-de-san-juan-iniciara-demandas-civiles-por-amenazas-de-bomba-en-edificios-publicos","status":"publish","type":"post","link":"https:\/\/vocesparalelas.com.ar\/sitio\/la-fiscalia-de-estado-de-san-juan-iniciara-demandas-civiles-por-amenazas-de-bomba-en-edificios-publicos\/","title":{"rendered":"La Fiscal\u00eda de Estado de San Juan iniciar\u00e1 demandas civiles por amenazas de bomba en edificios p\u00fablicos"},"content":{"rendered":"<p>La Fiscal\u00eda de Estado de San Juan informa que, frente a la reiteraci\u00f3n de amenazas de bomba en edificios p\u00fablicos, se ha dispuesto dar inicio de demandas civiles por da\u00f1os y perjuicios contra quienes resulten responsables por si, o por personas a su cargo bajo responsabilidad parental, en paralelo al seguimiento de las acciones penales correspondientes.<\/p>\n<p>Estas conductas, en donde el Estado Provincial es v\u00edctima, adem\u00e1s de generar alarma social y desviar recursos p\u00fablicos esenciales, constituyen hechos de gravedad que no pueden quedar impunes.<\/p>\n<p><img loading=\"lazy\" decoding=\"async\" class=\"alignnone size-full wp-image-34375\" src=\"https:\/\/vocesparalelas.com.ar\/sitio\/wp-content\/uploads\/2021\/01\/CENTRO-CIVICO-SAN-JUAN.jpg\" alt=\"\" width=\"800\" height=\"450\" srcset=\"https:\/\/vocesparalelas.com.ar\/sitio\/wp-content\/uploads\/2021\/01\/CENTRO-CIVICO-SAN-JUAN.jpg 800w, https:\/\/vocesparalelas.com.ar\/sitio\/wp-content\/uploads\/2021\/01\/CENTRO-CIVICO-SAN-JUAN-300x169.jpg 300w, https:\/\/vocesparalelas.com.ar\/sitio\/wp-content\/uploads\/2021\/01\/CENTRO-CIVICO-SAN-JUAN-768x432.jpg 768w\" sizes=\"auto, (max-width: 800px) 100vw, 800px\" \/><\/p>\n<p>Adem\u00e1s, en los casos penales en donde se ha identificado la participaci\u00f3n de personas menores de edad, se solicitar\u00e1 la intervenci\u00f3n de la Direcci\u00f3n de Ni\u00f1ez, Adolescencia y Familia, a fin de garantizar un abordaje integral que contemple tanto la dimensi\u00f3n legal como la socioeducativa del menor en conflicto con la ley penal, con la participaci\u00f3n de su c\u00edrculo familiar, vecinal y social, seg\u00fan corresponda y de acuerdo a lo que determine el abordaje de los gabinetes t\u00e9cnicos de la propia Direcci\u00f3n o bien, seg\u00fan lo crea conveniente, mediante el Programa de Justicia Restaurativa Juvenil, a cargo del Poder Judicial de la Provincia de San Juan, con el objetivo de promover el an\u00e1lisis, la reflexi\u00f3n, y la prevenci\u00f3n de futuras conductas de riesgo.<\/p>\n<p>Reafirmamos nuestro compromiso con la seguridad de la ciudadan\u00eda, la protecci\u00f3n integral de los espacios p\u00fablicos, y el fortalecimiento de una convivencia basada en el respeto y la responsabilidad que contribuya a la paz social de la Provincia.<\/p>\n<p><img loading=\"lazy\" decoding=\"async\" class=\"alignnone size-full wp-image-91409\" src=\"https:\/\/vocesparalelas.com.ar\/sitio\/wp-content\/uploads\/2025\/09\/FISCALIA-ESTADO-FRENTE.jpg\" alt=\"\" width=\"800\" height=\"451\" srcset=\"https:\/\/vocesparalelas.com.ar\/sitio\/wp-content\/uploads\/2025\/09\/FISCALIA-ESTADO-FRENTE.jpg 800w, https:\/\/vocesparalelas.com.ar\/sitio\/wp-content\/uploads\/2025\/09\/FISCALIA-ESTADO-FRENTE-300x169.jpg 300w, https:\/\/vocesparalelas.com.ar\/sitio\/wp-content\/uploads\/2025\/09\/FISCALIA-ESTADO-FRENTE-768x433.jpg 768w\" sizes=\"auto, (max-width: 800px) 100vw, 800px\" \/><\/p>\n","protected":false},"excerpt":{"rendered":"<p>La Fiscal\u00eda de Estado de San Juan informa que, frente a la reiteraci\u00f3n de amenazas de bomba en edificios p\u00fablicos,<\/p>\n","protected":false},"author":3,"featured_media":91408,"comment_status":"closed","ping_status":"closed","sticky":false,"template":"","format":"standard","meta":{"_acf_changed":false,"_seopress_robots_primary_cat":"none","_seopress_titles_title":"","_seopress_titles_desc":"","_seopress_robots_index":"","colormag_page_container_layout":"default_layout","colormag_page_sidebar_layout":"default_layout","footnotes":""},"categories":[2],"tags":[],"class_list":["post-91396","post","type-post","status-publish","format-standard","has-post-thumbnail","hentry","category-convocatorias"],"acf":[],"_links":{"self":[{"href":"https:\/\/vocesparalelas.com.ar\/sitio\/wp-json\/wp\/v2\/posts\/91396","targetHints":{"allow":["GET"]}}],"collection":[{"href":"https:\/\/vocesparalelas.com.ar\/sitio\/wp-json\/wp\/v2\/posts"}],"about":[{"href":"https:\/\/vocesparalelas.com.ar\/sitio\/wp-json\/wp\/v2\/types\/post"}],"author":[{"embeddable":true,"href":"https:\/\/vocesparalelas.com.ar\/sitio\/wp-json\/wp\/v2\/users\/3"}],"replies":[{"embeddable":true,"href":"https:\/\/vocesparalelas.com.ar\/sitio\/wp-json\/wp\/v2\/comments?post=91396"}],"version-history":[{"count":1,"href":"https:\/\/vocesparalelas.com.ar\/sitio\/wp-json\/wp\/v2\/posts\/91396\/revisions"}],"predecessor-version":[{"id":91410,"href":"https:\/\/vocesparalelas.com.ar\/sitio\/wp-json\/wp\/v2\/posts\/91396\/revisions\/91410"}],"wp:featuredmedia":[{"embeddable":true,"href":"https:\/\/vocesparalelas.com.ar\/sitio\/wp-json\/wp\/v2\/media\/91408"}],"wp:attachment":[{"href":"https:\/\/vocesparalelas.com.ar\/sitio\/wp-json\/wp\/v2\/media?parent=91396"}],"wp:term":[{"taxonomy":"category","embeddable":true,"href":"https:\/\/vocesparalelas.com.ar\/sitio\/wp-json\/wp\/v2\/categories?post=91396"},{"taxonomy":"post_tag","embeddable":true,"href":"https:\/\/vocesparalelas.com.ar\/sitio\/wp-json\/wp\/v2\/tags?post=91396"}],"curies":[{"name":"wp","href":"https:\/\/api.w.org\/{rel}","templated":true}]}}