{"id":91388,"date":"2025-09-16T11:39:21","date_gmt":"2025-09-16T14:39:21","guid":{"rendered":"https:\/\/vocesparalelas.com.ar\/sitio\/?p=91388"},"modified":"2025-09-17T21:09:07","modified_gmt":"2025-09-18T00:09:07","slug":"labor-parlamentaria-de-san-juan-definio-temario-de-la-9-sesion-ordinaria-2025","status":"publish","type":"post","link":"https:\/\/vocesparalelas.com.ar\/sitio\/labor-parlamentaria-de-san-juan-definio-temario-de-la-9-sesion-ordinaria-2025\/","title":{"rendered":"Labor Parlamentaria de San Juan defini\u00f3 temario de la 9\u00b0 sesi\u00f3n ordinaria 2025"},"content":{"rendered":"<div class=\"com-content-article__body\">\n<p>Los diputados titulares de los bloques que integran el Poder Legislativo mantuvieron una reuni\u00f3n de labor parlamentaria en la que definieron el temario del orden del d\u00eda correspondiente a la Novena Sesi\u00f3n, que se desarrolla el Jueves, 18 de Septiembre. a las 10 horas.<\/p>\n<p>El encuentro fue presidida por el vicegobernador Dr. Fabi\u00e1n Mart\u00edn y cont\u00f3 con la participaci\u00f3n del secretario Legislativo, Dr. Gustavo Velert, as\u00ed como de los presidentes de los distintos bloques:<\/p>\n<ul>\n<li>Dr. Juan de la Cruz C\u00f3rdoba (Producci\u00f3n y Trabajo),<\/li>\n<li>Alejandra Leonardo (UCR),<\/li>\n<li>Gustavo Usin (Actuar),<\/li>\n<li>Fernando Patinella (La Libertad Avanza \u2013 ADN),<\/li>\n<li>Marcelo Mallea (Bloque del Este),<\/li>\n<li>Marta Gramajo (bloque Crecer),<\/li>\n<li>Juan Carlos Quiroga Moyano (bloque Justicialista) y<\/li>\n<li>Franco Aranda (bloque Frente Renovador).<\/li>\n<\/ul>\n<p data-start=\"966\" data-end=\"1267\">Durante la reuni\u00f3n se acord\u00f3 incluir en el temario el tratamiento de los expedientes N.\u00ba 967\/24 y N.\u00ba 1759\/25, referidos al Informe de Auditor\u00eda de la Cuenta General del Ejercicio 2023 del Tribunal de Cuentas de la Provincia, en cumplimiento de lo establecido por el art\u00edculo 123 de la Ley N.\u00ba 1100-E.<\/p>\n<p data-start=\"1269\" data-end=\"1684\">Asimismo, se resolvi\u00f3 tratar el despacho de la Comisi\u00f3n de Justicia relacionado con la elecci\u00f3n del profesional que ocupar\u00e1 el cargo de Juez de Primera Instancia del Fuero de Familia. La definici\u00f3n se dar\u00e1 tras las entrevistas realizadas a los integrantes de la terna elevada por el Consejo de la Magistratura, conformada por los abogados Ana Martina Dai Pra, Silvana Lorena Romero Meglioli y Ricardo Daniel Romero.<\/p>\n<p>Adem\u00e1s, los legisladores decidieron someter a votaci\u00f3n los siguientes proyectos de resoluci\u00f3n que proponen declara de inter\u00e9s:<\/p>\n<ul>\n<li>La Feria de Emprendedores And-Art a realizarse el 17 de octubre. (Interbloque Cambia San Juan)<\/li>\n<li>El Encuentro Violetitas 2025, Sembrando Valores, que tendr\u00e1 lugar el 5 de octubre. (Interbloque Cambia San Juan)<\/li>\n<li>El II Congreso Nacional de Deporte Inclusivo que se realizar\u00e1 el 2 y 3 de octubre. (Interbloque Cambia San Juan)<\/li>\n<li>La participaci\u00f3n de la delegaci\u00f3n sanjuanina en la Primera Jornada de Traducci\u00f3n e Interpretaci\u00f3n de Cuyo, que se lleva a cabo en la Ciudad de Mendoza. (Interbloque Cambia San Juan)<\/li>\n<\/ul>\n<p>Por \u00faltimo, tratar\u00e1n el proyecto de Declaraci\u00f3n del bloque Justicialista por el que se declara su benepl\u00e1cito por la participaci\u00f3n y obtenci\u00f3n del t\u00edtulo de Campe\u00f3n al Ciclista Sanjuanino Germ\u00e1n Nicol\u00e1s Tivani P\u00e9rez.<\/p>\n<\/div>\n<figure id=\"attachment_37951\" aria-describedby=\"caption-attachment-37951\" style=\"width: 800px\" class=\"wp-caption alignnone\"><img loading=\"lazy\" decoding=\"async\" class=\"size-full wp-image-37951\" src=\"https:\/\/vocesparalelas.com.ar\/sitio\/wp-content\/uploads\/2021\/05\/CAMARA-EDIFICIO.jpg\" alt=\"\" width=\"800\" height=\"515\" srcset=\"https:\/\/vocesparalelas.com.ar\/sitio\/wp-content\/uploads\/2021\/05\/CAMARA-EDIFICIO.jpg 800w, https:\/\/vocesparalelas.com.ar\/sitio\/wp-content\/uploads\/2021\/05\/CAMARA-EDIFICIO-300x193.jpg 300w, https:\/\/vocesparalelas.com.ar\/sitio\/wp-content\/uploads\/2021\/05\/CAMARA-EDIFICIO-768x494.jpg 768w\" sizes=\"auto, (max-width: 800px) 100vw, 800px\" \/><figcaption id=\"caption-attachment-37951\" class=\"wp-caption-text\">Legislatura Provincial de San Juan, Rep\u00fablica Argentina<\/figcaption><\/figure>\n","protected":false},"excerpt":{"rendered":"<p>Los diputados titulares de los bloques que integran el Poder Legislativo mantuvieron una reuni\u00f3n de labor parlamentaria en la que<\/p>\n","protected":false},"author":3,"featured_media":91391,"comment_status":"closed","ping_status":"closed","sticky":false,"template":"","format":"standard","meta":{"_acf_changed":false,"_seopress_robots_primary_cat":"none","_seopress_titles_title":"","_seopress_titles_desc":"","_seopress_robots_index":"","colormag_page_container_layout":"default_layout","colormag_page_sidebar_layout":"default_layout","footnotes":""},"categories":[1],"tags":[],"class_list":["post-91388","post","type-post","status-publish","format-standard","has-post-thumbnail","hentry","category-destacadas"],"acf":[],"_links":{"self":[{"href":"https:\/\/vocesparalelas.com.ar\/sitio\/wp-json\/wp\/v2\/posts\/91388","targetHints":{"allow":["GET"]}}],"collection":[{"href":"https:\/\/vocesparalelas.com.ar\/sitio\/wp-json\/wp\/v2\/posts"}],"about":[{"href":"https:\/\/vocesparalelas.com.ar\/sitio\/wp-json\/wp\/v2\/types\/post"}],"author":[{"embeddable":true,"href":"https:\/\/vocesparalelas.com.ar\/sitio\/wp-json\/wp\/v2\/users\/3"}],"replies":[{"embeddable":true,"href":"https:\/\/vocesparalelas.com.ar\/sitio\/wp-json\/wp\/v2\/comments?post=91388"}],"version-history":[{"count":4,"href":"https:\/\/vocesparalelas.com.ar\/sitio\/wp-json\/wp\/v2\/posts\/91388\/revisions"}],"predecessor-version":[{"id":91395,"href":"https:\/\/vocesparalelas.com.ar\/sitio\/wp-json\/wp\/v2\/posts\/91388\/revisions\/91395"}],"wp:featuredmedia":[{"embeddable":true,"href":"https:\/\/vocesparalelas.com.ar\/sitio\/wp-json\/wp\/v2\/media\/91391"}],"wp:attachment":[{"href":"https:\/\/vocesparalelas.com.ar\/sitio\/wp-json\/wp\/v2\/media?parent=91388"}],"wp:term":[{"taxonomy":"category","embeddable":true,"href":"https:\/\/vocesparalelas.com.ar\/sitio\/wp-json\/wp\/v2\/categories?post=91388"},{"taxonomy":"post_tag","embeddable":true,"href":"https:\/\/vocesparalelas.com.ar\/sitio\/wp-json\/wp\/v2\/tags?post=91388"}],"curies":[{"name":"wp","href":"https:\/\/api.w.org\/{rel}","templated":true}]}}