{"id":91384,"date":"2025-09-16T23:52:58","date_gmt":"2025-09-17T02:52:58","guid":{"rendered":"https:\/\/vocesparalelas.com.ar\/sitio\/?p=91384"},"modified":"2025-09-17T23:19:32","modified_gmt":"2025-09-18T02:19:32","slug":"sumate-al-festijoven-2025-en-san-juan","status":"publish","type":"post","link":"https:\/\/vocesparalelas.com.ar\/sitio\/sumate-al-festijoven-2025-en-san-juan\/","title":{"rendered":"Sumate al FestiJoven 2025 en San Juan"},"content":{"rendered":"<p>Llega el d\u00eda m\u00e1s esperado por los estudiantes con el FestiJoven 2025, en el Parque de Mayo, el Domingo, 21 de Septiembre, a las 15 hs.<\/p>\n<p>Adem\u00e1s, juegos recreativos, competencias, una kermese urbana y sorteos, actuar\u00e1n bandas locales conocidas y otras para las que ser\u00e1 el debut.<\/p>\n<p>Para llegar hasta el lugar hay colectivo escolar gratuito, durante la jornada.<\/p>\n<p>El Domingo, 21 de Septiembre, el sector Oeste del Parque de Mayo, en las cercan\u00edas del Monumento al Deporte- concentran las actividades del FestiJoven 2025.<\/p>\n<p>La celebraci\u00f3n organizada por dependencias de varios ministerios para conmemorar el D\u00eda de la Juventud y de los Estudiantes. Se espera una verdadera fiesta multitudinaria que, por recaer en d\u00eda no laboral, convocar\u00e1 a miles de familias.<\/p>\n<p>Est\u00e1 previsto que una serie de juegos y actividades recreativas, como volley playa, f\u00fatbol tennis, basquet, tiro de penales en parejas e inclusive una kermese urbana con su propia propuesta de skate park, bikers y rollers, demostraci\u00f3n de parkour y otros ritmos urbanos, freestyle, break dance, hip hop, ska, k-pop.<\/p>\n<p>Alrededor de las 16:30 horas, se lanza el despliegue de las bandas locales, una verdadera oportunidad para demostrar el talento de los artistas sanjuaninos de todos los g\u00e9neros. Es que si bien el cierre esta a cargo de los grupos m\u00e1s reconocidos de la provincia tambi\u00e9n suben al escenario otros para quienes son su debut ante el p\u00fablico.<\/p>\n<p><strong><span style=\"color: #ff6600;\">En la oportunidad act\u00faan <\/span><\/strong><\/p>\n<ul>\n<li>Omega,<\/li>\n<li>Pijama Party,<\/li>\n<li>Palo Santto,<\/li>\n<li>La Costa,<\/li>\n<li>Anita Pau,<\/li>\n<li>DJ Leo Franovich,<\/li>\n<li>Mi combo RKT,<\/li>\n<li>De la lora,<\/li>\n<li>Aby Only,<\/li>\n<li>La nueva banda,<\/li>\n<li>entre otros.<\/li>\n<\/ul>\n<p>La conducci\u00f3n del evento est\u00e1 a cargo de los comunicadores Vicky Vedia y Luis Linares.<\/p>\n<p>Como parte de la propuesta, hay sorteos y competencias adem\u00e1s de la presencia de diferentes streamings e iniciativas medi\u00e1ticas locales que transmitir\u00e1n en vivo todo lo que vaya ocurriendo en el lugar. Adem\u00e1s, se repartir\u00e1n bolsas ecol\u00f3gicas para la separaci\u00f3n de residuos pl\u00e1sticos, desechos org\u00e1nicos, papeles y habr\u00e1 promotoras y puestos de Salud y de Defensa Civil, aparte de espacios de hidrataci\u00f3n.<\/p>\n<p>Grupos Scouts de Santa Luc\u00eda est\u00e1n presentes con su programa \u201cConocete\u201d de Salud Mental; y la Cruz Roja con talleres de RCP, adem\u00e1s habr\u00e1 una feria de emprendedores sociales.<\/p>\n<p>Para llegar, durante toda la jornada hay colectivos gratuitos a trav\u00e9s del boleto escolar de todas las l\u00edneas que tengan sus paradas en la zona del Parque de Mayo. El beneficio es exclusivo para los estudiantes.<\/p>\n<p><strong><span style=\"color: #ff6600;\">Hay 6 puntos de ingreso al Parque: <\/span><\/strong><\/p>\n<ul>\n<li>Avenida Libertador y Las Heras; sobre calle Las Heras, frente al Centro Cultural Conte Grand;<\/li>\n<li>por\u00a0 25 de mayo y Maradona;<\/li>\n<li>Urquiza y 25 de Mayo;<\/li>\n<li>Urquiza y San Luis y<\/li>\n<li>Avenida Libertador por el lateral del club Lawn Tennis.<\/li>\n<\/ul>\n<p>La intenci\u00f3n, salvo medidas extremas y ocasionales, es no cortar la circulaci\u00f3n vehicular a lo largo de la jornada. Si se ha determinado que en ning\u00fan caso se afecta la Avenida Libertador como acceso vehicular.<\/p>\n<p>Se ha previsto la presencia de dispositivos de seguridad, custodiando el predio y sus alrededores, adem\u00e1s de al menos 6 ambulancias para emergencias m\u00e9dicas.<\/p>\n<p>M\u00e1s de 250 efectivos de la Polic\u00eda de San Juan trabajan el Domingo, 21 de Septiembre. Tambi\u00e9n se ha planteado que ni bien finalice el evento, personal de la Municipalidad de la Capital, se aboque a la limpieza y el ordenamiento de este espacio.<\/p>\n<p>Se puede ingresar al parque con bebidas no alcoh\u00f3licas, mates e infusiones, comidas. Hay en las cercan\u00edas diferentes food trucks con diversidad de comidas para la venta.<\/p>\n<p>En la organizaci\u00f3n del FestiJoven 2025, los ministerios de Familia y Desarrollo Humano; de Turismo, Cultura y Deporte; de Gobierno; de Salud; la Secretar\u00eda de Ambiente y Desarrollo Sustentable; la de Seguridad y Orden P\u00fablico; la Direcci\u00f3n de Juventudes y la municipalidad de la Capital.<\/p>\n<p><img loading=\"lazy\" decoding=\"async\" class=\"alignnone size-large wp-image-5171\" src=\"https:\/\/vocesparalelas.com.ar\/sitio\/wp-content\/uploads\/2017\/09\/estudiantes-800x531.jpg\" alt=\"\" width=\"800\" height=\"531\" srcset=\"https:\/\/vocesparalelas.com.ar\/sitio\/wp-content\/uploads\/2017\/09\/estudiantes-800x531.jpg 800w, https:\/\/vocesparalelas.com.ar\/sitio\/wp-content\/uploads\/2017\/09\/estudiantes-300x199.jpg 300w, https:\/\/vocesparalelas.com.ar\/sitio\/wp-content\/uploads\/2017\/09\/estudiantes-768x510.jpg 768w, https:\/\/vocesparalelas.com.ar\/sitio\/wp-content\/uploads\/2017\/09\/estudiantes.jpg 1024w\" sizes=\"auto, (max-width: 800px) 100vw, 800px\" \/><\/p>\n<p>&nbsp;<\/p>\n","protected":false},"excerpt":{"rendered":"<p>Llega el d\u00eda m\u00e1s esperado por los estudiantes con el FestiJoven 2025, en el Parque de Mayo, el Domingo, 21<\/p>\n","protected":false},"author":3,"featured_media":82308,"comment_status":"closed","ping_status":"closed","sticky":false,"template":"","format":"standard","meta":{"_acf_changed":false,"_seopress_robots_primary_cat":"none","_seopress_titles_title":"","_seopress_titles_desc":"","_seopress_robots_index":"","colormag_page_container_layout":"default_layout","colormag_page_sidebar_layout":"default_layout","footnotes":""},"categories":[2],"tags":[],"class_list":["post-91384","post","type-post","status-publish","format-standard","has-post-thumbnail","hentry","category-convocatorias"],"acf":[],"_links":{"self":[{"href":"https:\/\/vocesparalelas.com.ar\/sitio\/wp-json\/wp\/v2\/posts\/91384","targetHints":{"allow":["GET"]}}],"collection":[{"href":"https:\/\/vocesparalelas.com.ar\/sitio\/wp-json\/wp\/v2\/posts"}],"about":[{"href":"https:\/\/vocesparalelas.com.ar\/sitio\/wp-json\/wp\/v2\/types\/post"}],"author":[{"embeddable":true,"href":"https:\/\/vocesparalelas.com.ar\/sitio\/wp-json\/wp\/v2\/users\/3"}],"replies":[{"embeddable":true,"href":"https:\/\/vocesparalelas.com.ar\/sitio\/wp-json\/wp\/v2\/comments?post=91384"}],"version-history":[{"count":1,"href":"https:\/\/vocesparalelas.com.ar\/sitio\/wp-json\/wp\/v2\/posts\/91384\/revisions"}],"predecessor-version":[{"id":91387,"href":"https:\/\/vocesparalelas.com.ar\/sitio\/wp-json\/wp\/v2\/posts\/91384\/revisions\/91387"}],"wp:featuredmedia":[{"embeddable":true,"href":"https:\/\/vocesparalelas.com.ar\/sitio\/wp-json\/wp\/v2\/media\/82308"}],"wp:attachment":[{"href":"https:\/\/vocesparalelas.com.ar\/sitio\/wp-json\/wp\/v2\/media?parent=91384"}],"wp:term":[{"taxonomy":"category","embeddable":true,"href":"https:\/\/vocesparalelas.com.ar\/sitio\/wp-json\/wp\/v2\/categories?post=91384"},{"taxonomy":"post_tag","embeddable":true,"href":"https:\/\/vocesparalelas.com.ar\/sitio\/wp-json\/wp\/v2\/tags?post=91384"}],"curies":[{"name":"wp","href":"https:\/\/api.w.org\/{rel}","templated":true}]}}