{"id":91379,"date":"2025-09-16T23:34:58","date_gmt":"2025-09-17T02:34:58","guid":{"rendered":"https:\/\/vocesparalelas.com.ar\/sitio\/?p=91379"},"modified":"2025-09-17T23:01:25","modified_gmt":"2025-09-18T02:01:25","slug":"mujeres-que-buscan-ser-la-emprendedora-del-sol-2025-en-san-juan","status":"publish","type":"post","link":"https:\/\/vocesparalelas.com.ar\/sitio\/mujeres-que-buscan-ser-la-emprendedora-del-sol-2025-en-san-juan\/","title":{"rendered":"Mujeres que buscan ser la Emprendedora del Sol 2025 en San Juan"},"content":{"rendered":"<p>La convocatoria a la segunda edici\u00f3n de la Emprendedora del Sol super\u00f3 todas las expectativas: 449 mujeres de los 19 departamentos de la provincia se inscribieron para participar del certamen, lo que representa un incremento del 42% en comparaci\u00f3n con la primera edici\u00f3n.<\/p>\n<p>El entusiasmo refleja el inter\u00e9s que despierta esta propuesta, que ya se ha instalado como un espacio de referencia para las sanjuaninas.<\/p>\n<p>En cuanto a la distribuci\u00f3n, los departamentos con mayor cantidad de inscripciones fueron<\/p>\n<ul>\n<li>Capital (64),<\/li>\n<li>Rawson (63),<\/li>\n<li>Rivadavia (47),<\/li>\n<li>Chimbas (32),<\/li>\n<li>Pocito (25) y<\/li>\n<li>Santa Luc\u00eda (21).<\/li>\n<\/ul>\n<p>El concurso, enmarcado en la Fiesta Nacional del Sol 2025, busca reconocer, fortalecer y potenciar los proyectos liderados por mujeres, destacando su aporte a la econom\u00eda provincial, la innovaci\u00f3n y el desarrollo social y productivo. Como en la edici\u00f3n pasada, se recorrer\u00e1n los 19 departamentos para elegir a las representantes locales, y un jurado integrado por referentes del sector productivo tendr\u00e1 la tarea de seleccionar a la ganadora provincial.<\/p>\n<p>La directora de Industria y Comercio, Roc\u00edo C\u00e1rdenas, puso en valor la convocatoria: \u201cEstamos orgullosos de la gran convocatoria que tuvo esta segunda edici\u00f3n de la Emprendedora del Sol porque refleja el compromiso, la creatividad y el talento que existe en cada rinc\u00f3n de nuestra provincia.<\/p>\n<p>Este certamen no solo busca premiar a las ganadoras, sino tambi\u00e9n acompa\u00f1ar a todas las participantes en un proceso de crecimiento, brind\u00e1ndoles herramientas, mentor\u00edas y espacios de visibilidad para que sus proyectos sigan desarroll\u00e1ndose\u00bb.<\/p>\n<p><strong><span style=\"color: #800000;\">Premios y oportunidades<\/span><\/strong><\/p>\n<p>Las participantes acceder\u00e1n a aportes no reembolsables (ANR) destinados a impulsar sus proyectos:<br \/>\n$2.000.000 para el primer puesto en cada municipio.<br \/>\n$1.500.000 para el segundo puesto en cada municipio.<br \/>\n$7.000.000 para la ganadora provincial.<\/p>\n<p>Adem\u00e1s, las finalistas contar\u00e1n con capacitaciones, mentor\u00edas y espacios de difusi\u00f3n, herramientas que permitir\u00e1n no solo el crecimiento de sus emprendimientos, sino tambi\u00e9n el fortalecimiento de sus capacidades personales y empresariales.<\/p>\n<p>De esta manera, la Emprendedora del Sol reafirma su prop\u00f3sito de inspirar, crear y generar nuevas oportunidades de futuro para cientos de sanjuaninas.<\/p>\n<p><img loading=\"lazy\" decoding=\"async\" class=\"alignnone size-full wp-image-90510\" src=\"https:\/\/vocesparalelas.com.ar\/sitio\/wp-content\/uploads\/2025\/08\/FNS-2025-01.jpg\" alt=\"\" width=\"800\" height=\"450\" srcset=\"https:\/\/vocesparalelas.com.ar\/sitio\/wp-content\/uploads\/2025\/08\/FNS-2025-01.jpg 800w, https:\/\/vocesparalelas.com.ar\/sitio\/wp-content\/uploads\/2025\/08\/FNS-2025-01-300x169.jpg 300w, https:\/\/vocesparalelas.com.ar\/sitio\/wp-content\/uploads\/2025\/08\/FNS-2025-01-768x432.jpg 768w\" sizes=\"auto, (max-width: 800px) 100vw, 800px\" \/><\/p>\n","protected":false},"excerpt":{"rendered":"<p>La convocatoria a la segunda edici\u00f3n de la Emprendedora del Sol super\u00f3 todas las expectativas: 449 mujeres de los 19<\/p>\n","protected":false},"author":3,"featured_media":91382,"comment_status":"closed","ping_status":"closed","sticky":false,"template":"","format":"standard","meta":{"_acf_changed":false,"_seopress_robots_primary_cat":"none","_seopress_titles_title":"","_seopress_titles_desc":"","_seopress_robots_index":"","colormag_page_container_layout":"default_layout","colormag_page_sidebar_layout":"default_layout","footnotes":""},"categories":[8],"tags":[],"class_list":["post-91379","post","type-post","status-publish","format-standard","has-post-thumbnail","hentry","category-concursos"],"acf":[],"_links":{"self":[{"href":"https:\/\/vocesparalelas.com.ar\/sitio\/wp-json\/wp\/v2\/posts\/91379","targetHints":{"allow":["GET"]}}],"collection":[{"href":"https:\/\/vocesparalelas.com.ar\/sitio\/wp-json\/wp\/v2\/posts"}],"about":[{"href":"https:\/\/vocesparalelas.com.ar\/sitio\/wp-json\/wp\/v2\/types\/post"}],"author":[{"embeddable":true,"href":"https:\/\/vocesparalelas.com.ar\/sitio\/wp-json\/wp\/v2\/users\/3"}],"replies":[{"embeddable":true,"href":"https:\/\/vocesparalelas.com.ar\/sitio\/wp-json\/wp\/v2\/comments?post=91379"}],"version-history":[{"count":1,"href":"https:\/\/vocesparalelas.com.ar\/sitio\/wp-json\/wp\/v2\/posts\/91379\/revisions"}],"predecessor-version":[{"id":91383,"href":"https:\/\/vocesparalelas.com.ar\/sitio\/wp-json\/wp\/v2\/posts\/91379\/revisions\/91383"}],"wp:featuredmedia":[{"embeddable":true,"href":"https:\/\/vocesparalelas.com.ar\/sitio\/wp-json\/wp\/v2\/media\/91382"}],"wp:attachment":[{"href":"https:\/\/vocesparalelas.com.ar\/sitio\/wp-json\/wp\/v2\/media?parent=91379"}],"wp:term":[{"taxonomy":"category","embeddable":true,"href":"https:\/\/vocesparalelas.com.ar\/sitio\/wp-json\/wp\/v2\/categories?post=91379"},{"taxonomy":"post_tag","embeddable":true,"href":"https:\/\/vocesparalelas.com.ar\/sitio\/wp-json\/wp\/v2\/tags?post=91379"}],"curies":[{"name":"wp","href":"https:\/\/api.w.org\/{rel}","templated":true}]}}