{"id":91373,"date":"2025-09-16T23:27:55","date_gmt":"2025-09-17T02:27:55","guid":{"rendered":"https:\/\/vocesparalelas.com.ar\/sitio\/?p=91373"},"modified":"2025-09-17T23:04:07","modified_gmt":"2025-09-18T02:04:07","slug":"concierto-de-musica-clasica-y-popular-espanola-en-el-auditorio-ing-juan-victoria","status":"publish","type":"post","link":"https:\/\/vocesparalelas.com.ar\/sitio\/concierto-de-musica-clasica-y-popular-espanola-en-el-auditorio-ing-juan-victoria\/","title":{"rendered":"Concierto de m\u00fasica cl\u00e1sica y popular espa\u00f1ola en el Auditorio Ing. Juan Victoria"},"content":{"rendered":"<p>El Ministerio de Turismo, Cultura y Deporte del Gobierno de San Juan junto a Mozarteum San Juan presenta el sexto concierto de la 43\u00b0 Temporada, con una fusi\u00f3n de m\u00fasica cl\u00e1sica y m\u00fasica popular espa\u00f1ola, el Jueves, 18 de Septiembre, a las 21:30 hs.; en la Sala Principal del Auditorio Ing. Juan Victoria.<\/p>\n<p>El concierto presenta al\u00a0prestigioso guitarrista espa\u00f1ol Miguel Tr\u00e1paga, solista de amplia trayectoria internacional,\u00a0junto al cuarteto de cuerdas Estaci\u00f3n Buenos Aires, formado por reconocidos m\u00fasicos argentinos.<\/p>\n<p>La propuesta art\u00edstica invita a un viaje sonoro entre dos mundos musicales que dialogan con naturalidad y sensibilidad. As\u00ed, la interpretaci\u00f3n de los m\u00fasicos recorre un repertorio cl\u00e1sico espa\u00f1ol y el tango contempor\u00e1neo\u00a0con obras de Isaac Alb\u00e9niz, Joaqu\u00edn Turina, Astor Piazzolla, Luigi Boccherini y Leo Brouwer, entre otros.<\/p>\n<p><span style=\"color: #ff6600;\"><strong>Las entradas<\/strong><\/span><\/p>\n<p>Est\u00e1n a la venta en\u00a0<a href=\"http:\/\/avantti.io\">http:\/\/avantti.io<\/a> y en Oficina de Mozarteum, Ignacio de la Roza 161 &#8211; O &#8211; Capital, de Lunes a Viernes, de 9 a 12:30 hs.<\/p>\n<p>&nbsp;<\/p>\n<figure id=\"attachment_61468\" aria-describedby=\"caption-attachment-61468\" style=\"width: 800px\" class=\"wp-caption alignnone\"><img loading=\"lazy\" decoding=\"async\" class=\"size-full wp-image-61468\" src=\"https:\/\/vocesparalelas.com.ar\/sitio\/wp-content\/uploads\/2023\/07\/AUDITORIO-EDIFICIO.jpg\" alt=\"\" width=\"800\" height=\"533\" srcset=\"https:\/\/vocesparalelas.com.ar\/sitio\/wp-content\/uploads\/2023\/07\/AUDITORIO-EDIFICIO.jpg 800w, https:\/\/vocesparalelas.com.ar\/sitio\/wp-content\/uploads\/2023\/07\/AUDITORIO-EDIFICIO-300x200.jpg 300w, https:\/\/vocesparalelas.com.ar\/sitio\/wp-content\/uploads\/2023\/07\/AUDITORIO-EDIFICIO-768x512.jpg 768w\" sizes=\"auto, (max-width: 800px) 100vw, 800px\" \/><figcaption id=\"caption-attachment-61468\" class=\"wp-caption-text\">Auditorio Ing. Juan Victoria, Departamento Capital, Provincia San Juan, Rep\u00fablica Argentita<\/figcaption><\/figure>\n","protected":false},"excerpt":{"rendered":"<p>El Ministerio de Turismo, Cultura y Deporte del Gobierno de San Juan junto a Mozarteum San Juan presenta el sexto<\/p>\n","protected":false},"author":3,"featured_media":59915,"comment_status":"closed","ping_status":"closed","sticky":false,"template":"","format":"standard","meta":{"_acf_changed":false,"_seopress_robots_primary_cat":"none","_seopress_titles_title":"","_seopress_titles_desc":"","_seopress_robots_index":"","colormag_page_container_layout":"default_layout","colormag_page_sidebar_layout":"default_layout","footnotes":""},"categories":[20],"tags":[],"class_list":["post-91373","post","type-post","status-publish","format-standard","has-post-thumbnail","hentry","category-cartelera"],"acf":[],"_links":{"self":[{"href":"https:\/\/vocesparalelas.com.ar\/sitio\/wp-json\/wp\/v2\/posts\/91373","targetHints":{"allow":["GET"]}}],"collection":[{"href":"https:\/\/vocesparalelas.com.ar\/sitio\/wp-json\/wp\/v2\/posts"}],"about":[{"href":"https:\/\/vocesparalelas.com.ar\/sitio\/wp-json\/wp\/v2\/types\/post"}],"author":[{"embeddable":true,"href":"https:\/\/vocesparalelas.com.ar\/sitio\/wp-json\/wp\/v2\/users\/3"}],"replies":[{"embeddable":true,"href":"https:\/\/vocesparalelas.com.ar\/sitio\/wp-json\/wp\/v2\/comments?post=91373"}],"version-history":[{"count":3,"href":"https:\/\/vocesparalelas.com.ar\/sitio\/wp-json\/wp\/v2\/posts\/91373\/revisions"}],"predecessor-version":[{"id":91378,"href":"https:\/\/vocesparalelas.com.ar\/sitio\/wp-json\/wp\/v2\/posts\/91373\/revisions\/91378"}],"wp:featuredmedia":[{"embeddable":true,"href":"https:\/\/vocesparalelas.com.ar\/sitio\/wp-json\/wp\/v2\/media\/59915"}],"wp:attachment":[{"href":"https:\/\/vocesparalelas.com.ar\/sitio\/wp-json\/wp\/v2\/media?parent=91373"}],"wp:term":[{"taxonomy":"category","embeddable":true,"href":"https:\/\/vocesparalelas.com.ar\/sitio\/wp-json\/wp\/v2\/categories?post=91373"},{"taxonomy":"post_tag","embeddable":true,"href":"https:\/\/vocesparalelas.com.ar\/sitio\/wp-json\/wp\/v2\/tags?post=91373"}],"curies":[{"name":"wp","href":"https:\/\/api.w.org\/{rel}","templated":true}]}}