{"id":91348,"date":"2025-09-16T20:59:08","date_gmt":"2025-09-16T23:59:08","guid":{"rendered":"https:\/\/vocesparalelas.com.ar\/sitio\/?p=91348"},"modified":"2025-09-18T21:04:23","modified_gmt":"2025-09-19T00:04:23","slug":"seminario-de-ceremonial-escolar-normativa-y-practica-en-la-organizacion-de-actos-en-san-juan","status":"publish","type":"post","link":"https:\/\/vocesparalelas.com.ar\/sitio\/seminario-de-ceremonial-escolar-normativa-y-practica-en-la-organizacion-de-actos-en-san-juan\/","title":{"rendered":"Seminario de Ceremonial Escolar \u00abNormativa y Pr\u00e1ctica en la organizaci\u00f3n de actos\u00bb en San Juan"},"content":{"rendered":"<p>El Mi\u00e9rcoles, 17 de septiembre, de 8:30 a 13:00 horas, en el Teatro Sarmiento se desarrolla el Seminario de Ceremonial Escolar \u00abNormativa y Pr\u00e1ctica en la organizaci\u00f3n de actos\u00bb.<\/p>\n<p>El encuentro est\u00e1 destinado a profesionales del ceremonial, docentes, directivos, estudiantes e interesados en perfeccionar sus habilidades en la organizaci\u00f3n de actos escolares e institucionales.<\/p>\n<p>La disertaci\u00f3n est\u00e1 a cargo del Prof. An\u00edbal Gotelli, especialista superior en ceremonial y protocolo, consultor nacional e internacional y presidente del Centro Interdisciplinario de Estudios Culturales de Argentina &#8211; CIDEC.<\/p>\n<p><img loading=\"lazy\" decoding=\"async\" class=\"alignnone size-full wp-image-91353\" src=\"https:\/\/vocesparalelas.com.ar\/sitio\/wp-content\/uploads\/2025\/09\/SEMINARIO-CEREMONIA.jpg\" alt=\"\" width=\"800\" height=\"416\" srcset=\"https:\/\/vocesparalelas.com.ar\/sitio\/wp-content\/uploads\/2025\/09\/SEMINARIO-CEREMONIA.jpg 800w, https:\/\/vocesparalelas.com.ar\/sitio\/wp-content\/uploads\/2025\/09\/SEMINARIO-CEREMONIA-300x156.jpg 300w, https:\/\/vocesparalelas.com.ar\/sitio\/wp-content\/uploads\/2025\/09\/SEMINARIO-CEREMONIA-768x399.jpg 768w\" sizes=\"auto, (max-width: 800px) 100vw, 800px\" \/><\/p>\n<p>El seminario es organizado por la Asociaci\u00f3n Sanjuanina de Ceremonialistas &#8211; ASCER &#8211; y cuenta con el auspicio de la C\u00e1mara de Diputados de San Juan y del Gobierno de la Provincia de San Juan.<\/p>\n<figure id=\"attachment_37951\" aria-describedby=\"caption-attachment-37951\" style=\"width: 800px\" class=\"wp-caption alignnone\"><img loading=\"lazy\" decoding=\"async\" class=\"size-full wp-image-37951\" src=\"https:\/\/vocesparalelas.com.ar\/sitio\/wp-content\/uploads\/2021\/05\/CAMARA-EDIFICIO.jpg\" alt=\"\" width=\"800\" height=\"515\" srcset=\"https:\/\/vocesparalelas.com.ar\/sitio\/wp-content\/uploads\/2021\/05\/CAMARA-EDIFICIO.jpg 800w, https:\/\/vocesparalelas.com.ar\/sitio\/wp-content\/uploads\/2021\/05\/CAMARA-EDIFICIO-300x193.jpg 300w, https:\/\/vocesparalelas.com.ar\/sitio\/wp-content\/uploads\/2021\/05\/CAMARA-EDIFICIO-768x494.jpg 768w\" sizes=\"auto, (max-width: 800px) 100vw, 800px\" \/><figcaption id=\"caption-attachment-37951\" class=\"wp-caption-text\">Legislatura Provincial de San Juan, Rep\u00fablica Argentina<\/figcaption><\/figure>\n","protected":false},"excerpt":{"rendered":"<p>El Mi\u00e9rcoles, 17 de septiembre, de 8:30 a 13:00 horas, en el Teatro Sarmiento se desarrolla el Seminario de Ceremonial<\/p>\n","protected":false},"author":3,"featured_media":87764,"comment_status":"closed","ping_status":"closed","sticky":false,"template":"","format":"standard","meta":{"_acf_changed":false,"_seopress_robots_primary_cat":"none","_seopress_titles_title":"","_seopress_titles_desc":"","_seopress_robots_index":"","colormag_page_container_layout":"default_layout","colormag_page_sidebar_layout":"default_layout","footnotes":""},"categories":[9],"tags":[],"class_list":["post-91348","post","type-post","status-publish","format-standard","has-post-thumbnail","hentry","category-cursos"],"acf":[],"_links":{"self":[{"href":"https:\/\/vocesparalelas.com.ar\/sitio\/wp-json\/wp\/v2\/posts\/91348","targetHints":{"allow":["GET"]}}],"collection":[{"href":"https:\/\/vocesparalelas.com.ar\/sitio\/wp-json\/wp\/v2\/posts"}],"about":[{"href":"https:\/\/vocesparalelas.com.ar\/sitio\/wp-json\/wp\/v2\/types\/post"}],"author":[{"embeddable":true,"href":"https:\/\/vocesparalelas.com.ar\/sitio\/wp-json\/wp\/v2\/users\/3"}],"replies":[{"embeddable":true,"href":"https:\/\/vocesparalelas.com.ar\/sitio\/wp-json\/wp\/v2\/comments?post=91348"}],"version-history":[{"count":3,"href":"https:\/\/vocesparalelas.com.ar\/sitio\/wp-json\/wp\/v2\/posts\/91348\/revisions"}],"predecessor-version":[{"id":91354,"href":"https:\/\/vocesparalelas.com.ar\/sitio\/wp-json\/wp\/v2\/posts\/91348\/revisions\/91354"}],"wp:featuredmedia":[{"embeddable":true,"href":"https:\/\/vocesparalelas.com.ar\/sitio\/wp-json\/wp\/v2\/media\/87764"}],"wp:attachment":[{"href":"https:\/\/vocesparalelas.com.ar\/sitio\/wp-json\/wp\/v2\/media?parent=91348"}],"wp:term":[{"taxonomy":"category","embeddable":true,"href":"https:\/\/vocesparalelas.com.ar\/sitio\/wp-json\/wp\/v2\/categories?post=91348"},{"taxonomy":"post_tag","embeddable":true,"href":"https:\/\/vocesparalelas.com.ar\/sitio\/wp-json\/wp\/v2\/tags?post=91348"}],"curies":[{"name":"wp","href":"https:\/\/api.w.org\/{rel}","templated":true}]}}