{"id":91341,"date":"2025-09-16T20:43:39","date_gmt":"2025-09-16T23:43:39","guid":{"rendered":"https:\/\/vocesparalelas.com.ar\/sitio\/?p=91341"},"modified":"2025-09-16T20:47:16","modified_gmt":"2025-09-16T23:47:16","slug":"se-inauguro-el-primer-polo-comercial-sustentable-en-rivadavia","status":"publish","type":"post","link":"https:\/\/vocesparalelas.com.ar\/sitio\/se-inauguro-el-primer-polo-comercial-sustentable-en-rivadavia\/","title":{"rendered":"Se inaugur\u00f3 el primer Polo Comercial sustentable en Rivadavia"},"content":{"rendered":"<p>La Municipalidad de la Ciudad de Rivadavia trabajo en obra p\u00fablica sobre Rastreador Calivar para poder lograr el primer Polo Comercial de Rivadavia, dejando un espacio para la seguridad de los comerciantes y clientes.<\/p>\n<p>En la previa al acto, el intendente de la Municipalidad de la Ciudad de Rivadavia, Sergio Miodowsky explic\u00f3 el trabajo que se hizo con mano de obra municipal.<\/p>\n<p><iframe loading=\"lazy\" title=\"RIVADAVIA INTENDENTE SERGIO MIODOWSKY \" width=\"800\" height=\"450\" src=\"https:\/\/www.youtube.com\/embed\/7OtlSPDWA8U?feature=oembed\" frameborder=\"0\" allow=\"accelerometer; autoplay; clipboard-write; encrypted-media; gyroscope; picture-in-picture; web-share\" referrerpolicy=\"strict-origin-when-cross-origin\" allowfullscreen><\/iframe><\/p>\n<p>&nbsp;<\/p>\n<p>Por ello, el intendente de la Municipalidad de la Ciudad de Rivadavia, Sergio Miodowsky presidio el acto tan esperado por los comerciantes y vecinos para mejorar el espacio para el Departamento Rivadavia.<\/p>\n<p>Durante el evento se enton\u00f3 el Himno Nacional Argentino acompa\u00f1ado de las voces de los presentes con un sentires que fortalece a la gesti\u00f3n y al Departamento Rivadavia.<\/p>\n<p><iframe loading=\"lazy\" title=\"RIVADAVIA HIMNO NACIONAL ARGENTINO \" width=\"800\" height=\"450\" src=\"https:\/\/www.youtube.com\/embed\/GZ1Dz_Ve9uI?feature=oembed\" frameborder=\"0\" allow=\"accelerometer; autoplay; clipboard-write; encrypted-media; gyroscope; picture-in-picture; web-share\" referrerpolicy=\"strict-origin-when-cross-origin\" allowfullscreen><\/iframe><\/p>\n<p>&nbsp;<\/p>\n<p>La intervenci\u00f3n combina infraestructura moderna con un fuerte compromiso ambiental, a partir de la instalaci\u00f3n de 107 luminarias solares y mobiliario urbano fabricado con madera pl\u00e1stica reciclada.<\/p>\n<p>El nuevo polo se extiende desde Salvador Mar\u00eda del Carril hasta Avenida Ignacio de la Roza, a lo largo de Rastreador Cal\u00edvar, y demand\u00f3 una inversi\u00f3n cercana a los 50 millones de pesos.<\/p>\n<p>Antes no era posible recorrer esta zona en silla de ruedas o con un cochecito. Hoy se puede circular desde Ignacio de la Roza hasta el Hospital Dr. Marcial Quiroga con rampas, seguro y accesible.<\/p>\n<p><img loading=\"lazy\" decoding=\"async\" class=\"alignnone size-full wp-image-91344\" src=\"https:\/\/vocesparalelas.com.ar\/sitio\/wp-content\/uploads\/2025\/09\/RIVADAVIA-COMERCIO-01.jpg\" alt=\"\" width=\"800\" height=\"478\" srcset=\"https:\/\/vocesparalelas.com.ar\/sitio\/wp-content\/uploads\/2025\/09\/RIVADAVIA-COMERCIO-01.jpg 800w, https:\/\/vocesparalelas.com.ar\/sitio\/wp-content\/uploads\/2025\/09\/RIVADAVIA-COMERCIO-01-300x179.jpg 300w, https:\/\/vocesparalelas.com.ar\/sitio\/wp-content\/uploads\/2025\/09\/RIVADAVIA-COMERCIO-01-768x459.jpg 768w\" sizes=\"auto, (max-width: 800px) 100vw, 800px\" \/><\/p>\n<p>Los trabajos incluyeron 500 metros lineales de zapata y cord\u00f3n cuneta, 80 metros lineales de cuneta y 176 metros cuadrados de banquina, adem\u00e1s de 60 metros cuadrados de vereda con hormig\u00f3n. Se construyeron puentes rampa en ambos costados de la avenida, garantizando accesibilidad total para personas con movilidad reducida, madres con cochecitos y adultos mayores.<\/p>\n<p>Adem\u00e1s, se instalaron 14 macetas ornamentales, 21 cestos de basura y 14 bancos elaborados con materiales reciclados, sumando valor a la econom\u00eda circular y reafirmando el compromiso ambiental del municipio. Adem\u00e1s, se colocaron paradas de colectivo, se ejecutaron puentes vehiculares de acceso a vecinos, y se dispusieron 150 metros cuadrados de alfombra de c\u00e9sped en sectores estrat\u00e9gicos.<\/p>\n<p>Uno de los puntos m\u00e1s destacados fue la instalaci\u00f3n de 107 luminarias fotovoltaicas resistentes a la intemperie, que captan energ\u00eda solar para su funcionamiento. Esta decisi\u00f3n permite reducir la huella de carbono y avanzar en un modelo de gesti\u00f3n sustentable.<\/p>\n<p>El polo comercial mejora la infraestructura urbana, el compromete con el cuidado del ambiente porque la luminaria solar y cada banco reciclado son un s\u00edmbolo de pertenencia a un municipio que mira al futuro.<\/p>\n<p>Adem\u00e1s, incorpor\u00f3 nueva carteler\u00eda con c\u00f3digos QR que permiten a vecinos y visitantes conocer la ubicaci\u00f3n de los comercios del polo comercial. Se avanz\u00f3 en la restauraci\u00f3n de nomencladores viales, la pintura de cordones, sendas peatonales, kioscos y juegos de plazas, junto con la recuperaci\u00f3n del mural del Barrio Natania gracias al trabajo del \u00e1rea de Juventud.<\/p>\n<p>Se ejecut\u00f3 un bacheo general en Rastreador Cal\u00edvar y zonas aleda\u00f1as, mejorando la seguridad vial y la transitabilidad de la arteria.<\/p>\n<p>La importancia de acompa\u00f1ar al sector privado con este tipo acciones, generan mano de obra y servicios, y desde el municipio debemos garantizar las condiciones para que puedan seguir creciendo. Esta obra es un ejemplo de c\u00f3mo con planificaci\u00f3n, inversi\u00f3n y compromiso, se mejora la calidad de vida de los vecinos.<\/p>\n<p>El Polo Comercial Rastreador Cal\u00edvar no solo representa una apuesta por la modernizaci\u00f3n urbana, sino tambi\u00e9n un compromiso con la inclusi\u00f3n, la sustentabilidad y el desarrollo econ\u00f3mico de Rivadavia.<\/p>\n<p><img loading=\"lazy\" decoding=\"async\" class=\"alignnone size-full wp-image-91346\" src=\"https:\/\/vocesparalelas.com.ar\/sitio\/wp-content\/uploads\/2025\/09\/RIVADAVIA-COMERCIO-03.jpg\" alt=\"\" width=\"800\" height=\"533\" srcset=\"https:\/\/vocesparalelas.com.ar\/sitio\/wp-content\/uploads\/2025\/09\/RIVADAVIA-COMERCIO-03.jpg 800w, https:\/\/vocesparalelas.com.ar\/sitio\/wp-content\/uploads\/2025\/09\/RIVADAVIA-COMERCIO-03-300x200.jpg 300w, https:\/\/vocesparalelas.com.ar\/sitio\/wp-content\/uploads\/2025\/09\/RIVADAVIA-COMERCIO-03-768x512.jpg 768w\" sizes=\"auto, (max-width: 800px) 100vw, 800px\" \/><\/p>\n<p>&nbsp;<\/p>\n<p><img loading=\"lazy\" decoding=\"async\" class=\"alignnone size-full wp-image-66896\" src=\"https:\/\/vocesparalelas.com.ar\/sitio\/wp-content\/uploads\/2023\/12\/RIVADAVIA-LOGO-NUEVO.jpg\" alt=\"\" width=\"800\" height=\"533\" srcset=\"https:\/\/vocesparalelas.com.ar\/sitio\/wp-content\/uploads\/2023\/12\/RIVADAVIA-LOGO-NUEVO.jpg 800w, https:\/\/vocesparalelas.com.ar\/sitio\/wp-content\/uploads\/2023\/12\/RIVADAVIA-LOGO-NUEVO-300x200.jpg 300w, https:\/\/vocesparalelas.com.ar\/sitio\/wp-content\/uploads\/2023\/12\/RIVADAVIA-LOGO-NUEVO-768x512.jpg 768w\" sizes=\"auto, (max-width: 800px) 100vw, 800px\" \/><\/p>\n","protected":false},"excerpt":{"rendered":"<p>La Municipalidad de la Ciudad de Rivadavia trabajo en obra p\u00fablica sobre Rastreador Calivar para poder lograr el primer Polo<\/p>\n","protected":false},"author":3,"featured_media":91345,"comment_status":"closed","ping_status":"closed","sticky":false,"template":"","format":"standard","meta":{"_acf_changed":false,"_seopress_robots_primary_cat":"none","_seopress_titles_title":"","_seopress_titles_desc":"","_seopress_robots_index":"","colormag_page_container_layout":"default_layout","colormag_page_sidebar_layout":"default_layout","footnotes":""},"categories":[1,7],"tags":[],"class_list":["post-91341","post","type-post","status-publish","format-standard","has-post-thumbnail","hentry","category-destacadas","category-videos"],"acf":[],"_links":{"self":[{"href":"https:\/\/vocesparalelas.com.ar\/sitio\/wp-json\/wp\/v2\/posts\/91341","targetHints":{"allow":["GET"]}}],"collection":[{"href":"https:\/\/vocesparalelas.com.ar\/sitio\/wp-json\/wp\/v2\/posts"}],"about":[{"href":"https:\/\/vocesparalelas.com.ar\/sitio\/wp-json\/wp\/v2\/types\/post"}],"author":[{"embeddable":true,"href":"https:\/\/vocesparalelas.com.ar\/sitio\/wp-json\/wp\/v2\/users\/3"}],"replies":[{"embeddable":true,"href":"https:\/\/vocesparalelas.com.ar\/sitio\/wp-json\/wp\/v2\/comments?post=91341"}],"version-history":[{"count":1,"href":"https:\/\/vocesparalelas.com.ar\/sitio\/wp-json\/wp\/v2\/posts\/91341\/revisions"}],"predecessor-version":[{"id":91347,"href":"https:\/\/vocesparalelas.com.ar\/sitio\/wp-json\/wp\/v2\/posts\/91341\/revisions\/91347"}],"wp:featuredmedia":[{"embeddable":true,"href":"https:\/\/vocesparalelas.com.ar\/sitio\/wp-json\/wp\/v2\/media\/91345"}],"wp:attachment":[{"href":"https:\/\/vocesparalelas.com.ar\/sitio\/wp-json\/wp\/v2\/media?parent=91341"}],"wp:term":[{"taxonomy":"category","embeddable":true,"href":"https:\/\/vocesparalelas.com.ar\/sitio\/wp-json\/wp\/v2\/categories?post=91341"},{"taxonomy":"post_tag","embeddable":true,"href":"https:\/\/vocesparalelas.com.ar\/sitio\/wp-json\/wp\/v2\/tags?post=91341"}],"curies":[{"name":"wp","href":"https:\/\/api.w.org\/{rel}","templated":true}]}}