{"id":91334,"date":"2025-09-16T00:36:01","date_gmt":"2025-09-16T03:36:01","guid":{"rendered":"https:\/\/vocesparalelas.com.ar\/sitio\/?p=91334"},"modified":"2025-09-16T00:36:01","modified_gmt":"2025-09-16T03:36:01","slug":"concierto-de-musica-italiana-para-clarinete-solo-por-roberia-gollardi","status":"publish","type":"post","link":"https:\/\/vocesparalelas.com.ar\/sitio\/concierto-de-musica-italiana-para-clarinete-solo-por-roberia-gollardi\/","title":{"rendered":"\u00abConcierto de M\u00fasica Italiana para clarinete solo\u00bb\u00a0por Rober\u00eda Gollardi"},"content":{"rendered":"<p>En el marco del Festival Cuyo Contempor\u00e1neo, el Ciclo de M\u00fasica de C\u00e1mara del Centro de Creaci\u00f3n Art\u00edstica Orquestal de la Facultad de Filosof\u00eda, Humanidades y Artes de la Universidad Nacional de San Juan presenta \u00abConcierto de M\u00fasica Italiana para clarinete solo\u00bb\u00a0por Rober\u00eda Gollardi &#8211; Italia, el Martes, 16 de Septiembre, a las 21 hs.; en el Auditorio Ing. Juan Victoria, con entrada libre y gratuita.<\/p>\n<p>Las obras que se interpretan son Altre tracce\u00a0de Fabio Cifariello Ciardi;\u00a0Cinque oracoli\u00a0\u00a0de Paolo Marchettini; Sequenza IX\u00a0\u00a0de Luciano Berio y\u00a0Studio primo\u00a0de Gaetano Donizetti.<\/p>\n<p><span style=\"color: #ff6600;\"><b>Roberta Gottardi<\/b><\/span><\/p>\n<p>Nacida en Trento. Tras graduarse con honores en el Conservatorio de su ciudad, estudi\u00f3 con Antony Pay.<\/p>\n<p>Ha tocado durante muchos a\u00f1os en orquestas, primero como integrante de la Orquesta Juvenil Italiana y luego con la Orquesta Rai, Teatro Regio de Tur\u00edn, Teatro di Genova, Orquesta Regionale Toscana, Orquesta Haydn di Trento e Bolzano, Orquesta Internazionale d&#8217;Italia, Orquesta de Tiroler Festspiele en Erl, por nombrar s\u00f3lo algunas.<\/p>\n<p>Tambi\u00e9n toca clarinetes cl\u00e1sicos, colaborando con La Grande Ecurie et la Chambre du Roy, Bozen Baroque Orchestra, L\u2019Arte dell\u2019Arco, Ausermusici y, actualmente, con Merseburger Hofmusik.<\/p>\n<p>Int\u00e9rprete de referencia para la obra de teatro musical HARLEKIN de K. Stockhausen, concebida para un solo clarinetista-bailar\u00edn-mimo, la interpret\u00f3 m\u00e1s de veinte veces en Italia y en el extranjero, incluidos festivales como Laeiszhalle en Hamburgo, Ravenna Festival, Autunno Musicale en Como, Conservatorios de Tallin y Mil\u00e1n.<\/p>\n<p>Ha actuado en algunos de los festivales m\u00e1s importantes de Europa (Maggio Musicale Fiorentino, Festival Pontino, M\u00fcnchener Biennale, South Bank Centre of London, Bologna Festival, Biennale di Venezia, Autunno Musicale di Como, Societ\u00e0 Filarmonica di Trento, Acquario Romano, Festival di Nuova Consonanza, Gaudeamus Muziekweek, Autunno di Varsavia, Leizhalle di Amburgo, Musik-Triennale di Colonia, Holland Festival, Ravenna Festival\u2026<\/p>\n<p>Ha colaborado con numerosos compositores como Stockhausen, Sciarrino, Kagel, Cifariello Ciardi, Fedele, Biasioni , Battistelli, Traver.<\/p>\n<figure id=\"attachment_61468\" aria-describedby=\"caption-attachment-61468\" style=\"width: 800px\" class=\"wp-caption alignnone\"><img loading=\"lazy\" decoding=\"async\" class=\"size-full wp-image-61468\" src=\"https:\/\/vocesparalelas.com.ar\/sitio\/wp-content\/uploads\/2023\/07\/AUDITORIO-EDIFICIO.jpg\" alt=\"\" width=\"800\" height=\"533\" srcset=\"https:\/\/vocesparalelas.com.ar\/sitio\/wp-content\/uploads\/2023\/07\/AUDITORIO-EDIFICIO.jpg 800w, https:\/\/vocesparalelas.com.ar\/sitio\/wp-content\/uploads\/2023\/07\/AUDITORIO-EDIFICIO-300x200.jpg 300w, https:\/\/vocesparalelas.com.ar\/sitio\/wp-content\/uploads\/2023\/07\/AUDITORIO-EDIFICIO-768x512.jpg 768w\" sizes=\"auto, (max-width: 800px) 100vw, 800px\" \/><figcaption id=\"caption-attachment-61468\" class=\"wp-caption-text\">Auditorio Ing. Juan Victoria, Departamento Capital, Provincia San Juan, Rep\u00fablica Argentita<\/figcaption><\/figure>\n","protected":false},"excerpt":{"rendered":"<p>En el marco del Festival Cuyo Contempor\u00e1neo, el Ciclo de M\u00fasica de C\u00e1mara del Centro de Creaci\u00f3n Art\u00edstica Orquestal de<\/p>\n","protected":false},"author":3,"featured_media":91337,"comment_status":"closed","ping_status":"closed","sticky":false,"template":"","format":"standard","meta":{"_acf_changed":false,"_seopress_robots_primary_cat":"none","_seopress_titles_title":"","_seopress_titles_desc":"","_seopress_robots_index":"","colormag_page_container_layout":"default_layout","colormag_page_sidebar_layout":"default_layout","footnotes":""},"categories":[20],"tags":[],"class_list":["post-91334","post","type-post","status-publish","format-standard","has-post-thumbnail","hentry","category-cartelera"],"acf":[],"_links":{"self":[{"href":"https:\/\/vocesparalelas.com.ar\/sitio\/wp-json\/wp\/v2\/posts\/91334","targetHints":{"allow":["GET"]}}],"collection":[{"href":"https:\/\/vocesparalelas.com.ar\/sitio\/wp-json\/wp\/v2\/posts"}],"about":[{"href":"https:\/\/vocesparalelas.com.ar\/sitio\/wp-json\/wp\/v2\/types\/post"}],"author":[{"embeddable":true,"href":"https:\/\/vocesparalelas.com.ar\/sitio\/wp-json\/wp\/v2\/users\/3"}],"replies":[{"embeddable":true,"href":"https:\/\/vocesparalelas.com.ar\/sitio\/wp-json\/wp\/v2\/comments?post=91334"}],"version-history":[{"count":1,"href":"https:\/\/vocesparalelas.com.ar\/sitio\/wp-json\/wp\/v2\/posts\/91334\/revisions"}],"predecessor-version":[{"id":91338,"href":"https:\/\/vocesparalelas.com.ar\/sitio\/wp-json\/wp\/v2\/posts\/91334\/revisions\/91338"}],"wp:featuredmedia":[{"embeddable":true,"href":"https:\/\/vocesparalelas.com.ar\/sitio\/wp-json\/wp\/v2\/media\/91337"}],"wp:attachment":[{"href":"https:\/\/vocesparalelas.com.ar\/sitio\/wp-json\/wp\/v2\/media?parent=91334"}],"wp:term":[{"taxonomy":"category","embeddable":true,"href":"https:\/\/vocesparalelas.com.ar\/sitio\/wp-json\/wp\/v2\/categories?post=91334"},{"taxonomy":"post_tag","embeddable":true,"href":"https:\/\/vocesparalelas.com.ar\/sitio\/wp-json\/wp\/v2\/tags?post=91334"}],"curies":[{"name":"wp","href":"https:\/\/api.w.org\/{rel}","templated":true}]}}