{"id":91310,"date":"2025-09-15T14:30:13","date_gmt":"2025-09-15T17:30:13","guid":{"rendered":"https:\/\/vocesparalelas.com.ar\/sitio\/?p=91310"},"modified":"2025-09-17T00:01:06","modified_gmt":"2025-09-17T03:01:06","slug":"etapa-formativa-para-directores-de-escuelas-del-nivel-secundaria-de-san-juan","status":"publish","type":"post","link":"https:\/\/vocesparalelas.com.ar\/sitio\/etapa-formativa-para-directores-de-escuelas-del-nivel-secundaria-de-san-juan\/","title":{"rendered":"Etapa formativa para directores de Escuelas del Nivel Secundaria de San Juan"},"content":{"rendered":"<p>En el Centro de Capacitaci\u00f3n de l Banco San Juan se desarroll\u00f3 una nueva instancia de formaci\u00f3n intensiva destinada a directores de Escuelas Secundarias, en el marco del programa Transformar la Secundaria del Ministerio de Educaci\u00f3n del Gobierno de San Juan y la Fundaci\u00f3n del Banco San Juan.<\/p>\n<p>Esta acci\u00f3n, contemplada en el Plan Provincial de Alfabetizaci\u00f3n \u00abComprendo y Aprendo\u00bb, corresponde a la tercera cohorte del programa y estuvo centrada en Gesti\u00f3n Estrat\u00e9gica y Liderazgo Pedag\u00f3gico, con la participaci\u00f3n de especialistas nacionales.<\/p>\n<p>Durante las jornadas, los equipos directivos participaron de distintos m\u00f3dulos de trabajo que abordaron tem\u00e1ticas claves para la gesti\u00f3n escolar:<\/p>\n<ul>\n<li>Liderazgo y Equipo Estrat\u00e9gico Escolar, a cargo de Magdalena Sturla.<\/li>\n<li>Clima y Educaci\u00f3n Emocional, coordinado por Sonia Fox.<\/li>\n<li>Emoci\u00f3n y Aprendizaje, con la especialista Sonia Fox.<\/li>\n<li>Pedagog\u00edas de Innovaci\u00f3n, dictado por Magdalena Sturla.<\/li>\n<li>Gesti\u00f3n con Datos, desarrollado por Agustina Blanco.<\/li>\n<li>Clima, Identidad y Cultura, junto a Agustina Blanco.<\/li>\n<li>Gesti\u00f3n del Plan de Mejora, tambi\u00e9n con la especialista Agustina Blanco.<\/li>\n<li>Reflexi\u00f3n sobre lo vivido, que fue un cierre colectivo.<\/li>\n<\/ul>\n<p>\u201cEstos espacios de formaci\u00f3n intensiva permiten que los equipos directivos fortalezcan su liderazgo pedag\u00f3gico y encuentren nuevas herramientas para acompa\u00f1ar a sus comunidades educativas. Cada encuentro suma a la construcci\u00f3n de una secundaria m\u00e1s cercana, inclusiva y con propuestas de calidad para los estudiantes\u201d, dijo la ministra de Educaci\u00f3n, Lic. Silvia Fuentes.<\/p>\n<p>Transformar la Secundaria es una iniciativa del Ministerio de Educaci\u00f3n en conjunto con la Fundaci\u00f3n Grupo Petersen. Su prop\u00f3sito es acompa\u00f1ar a los equipos directivos y docentes en el redise\u00f1o de la escuela secundaria, a trav\u00e9s de instancias de capacitaci\u00f3n, innovaci\u00f3n pedag\u00f3gica y gesti\u00f3n institucional.<\/p>\n<p>En San Juan, Transformar la Secundaria sum\u00f3 este a\u00f1o 50 escuelas y ya alcanz\u00f3 las 100 instituciones educativas, consolid\u00e1ndose como un espacio de formaci\u00f3n integral para repensar la ense\u00f1anza y el rol de los equipos de conducci\u00f3n en la actualidad.<\/p>\n<p>Con la nueva cohorte, la tercera desde que se lanz\u00f3 el programa el a\u00f1o pasado, Transformar la Secundaria lleg\u00f3 as\u00ed a otros 50 directivos y a 400 docentes de Lengua del Ciclo B\u00e1sico y Orientado, Matem\u00e1tica del Ciclo B\u00e1sico y Orientado, Educaci\u00f3n Digital Orientada a ABP, Acompa\u00f1amiento a las Trayectorias y Aprendizaje Basado en Proyectos &#8211; ABP -, impactando en 50.000 estudiantes.<\/p>\n<p><img loading=\"lazy\" decoding=\"async\" class=\"alignnone size-full wp-image-89096\" src=\"https:\/\/vocesparalelas.com.ar\/sitio\/wp-content\/uploads\/2025\/07\/FBSJ-CENTRO-DE-CAPACITACION.jpg\" alt=\"\" width=\"800\" height=\"490\" srcset=\"https:\/\/vocesparalelas.com.ar\/sitio\/wp-content\/uploads\/2025\/07\/FBSJ-CENTRO-DE-CAPACITACION.jpg 800w, https:\/\/vocesparalelas.com.ar\/sitio\/wp-content\/uploads\/2025\/07\/FBSJ-CENTRO-DE-CAPACITACION-300x184.jpg 300w, https:\/\/vocesparalelas.com.ar\/sitio\/wp-content\/uploads\/2025\/07\/FBSJ-CENTRO-DE-CAPACITACION-768x470.jpg 768w\" sizes=\"auto, (max-width: 800px) 100vw, 800px\" \/><\/p>\n","protected":false},"excerpt":{"rendered":"<p>En el Centro de Capacitaci\u00f3n de l Banco San Juan se desarroll\u00f3 una nueva instancia de formaci\u00f3n intensiva destinada a<\/p>\n","protected":false},"author":3,"featured_media":91313,"comment_status":"closed","ping_status":"closed","sticky":false,"template":"","format":"standard","meta":{"_acf_changed":false,"_seopress_robots_primary_cat":"none","_seopress_titles_title":"","_seopress_titles_desc":"","_seopress_robots_index":"","colormag_page_container_layout":"default_layout","colormag_page_sidebar_layout":"default_layout","footnotes":""},"categories":[15],"tags":[],"class_list":["post-91310","post","type-post","status-publish","format-standard","has-post-thumbnail","hentry","category-posgrados"],"acf":[],"_links":{"self":[{"href":"https:\/\/vocesparalelas.com.ar\/sitio\/wp-json\/wp\/v2\/posts\/91310","targetHints":{"allow":["GET"]}}],"collection":[{"href":"https:\/\/vocesparalelas.com.ar\/sitio\/wp-json\/wp\/v2\/posts"}],"about":[{"href":"https:\/\/vocesparalelas.com.ar\/sitio\/wp-json\/wp\/v2\/types\/post"}],"author":[{"embeddable":true,"href":"https:\/\/vocesparalelas.com.ar\/sitio\/wp-json\/wp\/v2\/users\/3"}],"replies":[{"embeddable":true,"href":"https:\/\/vocesparalelas.com.ar\/sitio\/wp-json\/wp\/v2\/comments?post=91310"}],"version-history":[{"count":1,"href":"https:\/\/vocesparalelas.com.ar\/sitio\/wp-json\/wp\/v2\/posts\/91310\/revisions"}],"predecessor-version":[{"id":91314,"href":"https:\/\/vocesparalelas.com.ar\/sitio\/wp-json\/wp\/v2\/posts\/91310\/revisions\/91314"}],"wp:featuredmedia":[{"embeddable":true,"href":"https:\/\/vocesparalelas.com.ar\/sitio\/wp-json\/wp\/v2\/media\/91313"}],"wp:attachment":[{"href":"https:\/\/vocesparalelas.com.ar\/sitio\/wp-json\/wp\/v2\/media?parent=91310"}],"wp:term":[{"taxonomy":"category","embeddable":true,"href":"https:\/\/vocesparalelas.com.ar\/sitio\/wp-json\/wp\/v2\/categories?post=91310"},{"taxonomy":"post_tag","embeddable":true,"href":"https:\/\/vocesparalelas.com.ar\/sitio\/wp-json\/wp\/v2\/tags?post=91310"}],"curies":[{"name":"wp","href":"https:\/\/api.w.org\/{rel}","templated":true}]}}