{"id":91305,"date":"2025-09-23T13:51:29","date_gmt":"2025-09-23T16:51:29","guid":{"rendered":"https:\/\/vocesparalelas.com.ar\/sitio\/?p=91305"},"modified":"2025-09-24T19:56:45","modified_gmt":"2025-09-24T22:56:45","slug":"unite-al-coro-mixto-uda-san-juan","status":"publish","type":"post","link":"https:\/\/vocesparalelas.com.ar\/sitio\/unite-al-coro-mixto-uda-san-juan\/","title":{"rendered":"Unite al Coro Mixto UDA San Juan"},"content":{"rendered":"<p>\u00bfTe apasiona el canto y la m\u00fasica? UDA San Juan te invita a formar parte del Coro Mixto, un espacio para explorar y potenciar tu voz, sin importar tu nivel de experiencia, bajo la direcci\u00f3n de Mariana Gabriele Oro.<\/p>\n<p>Es la oportunidad de aprender a dominar tu voz y a vibrar con la m\u00fasica.<\/p>\n<p><strong><span style=\"color: #ff6600;\">Programa<\/span><\/strong><\/p>\n<ul>\n<li>T\u00e9cnica vocal completa: Mejora tu emisi\u00f3n, afinaci\u00f3n y respiraci\u00f3n.<\/li>\n<li>Performance coral: Descubr\u00ed el poder de cantar en conjunto y de emocionar al p\u00fablico.<\/li>\n<li>Entrenamiento integral: Perfeccion\u00e1 tu postura, tu o\u00eddo y tu musicalidad.<\/li>\n<li>Clases de Alfabetizaci\u00f3n musical: Desarroll\u00e1 tus habilidades y conocimientos musicales.<\/li>\n<\/ul>\n<p><span style=\"color: #ff6600;\"><strong>Informaci\u00f3n Clave<\/strong><\/span><\/p>\n<ul>\n<li>Edades: de 18 a 65 a\u00f1os.<\/li>\n<li>Cu\u00e1ndo: los Mi\u00e9rcoles, de 19 a 21 hs.<\/li>\n<li>D\u00f3nde: Sarmiento 122 Norte, Sede Gremial.<\/li>\n<\/ul>\n<p><strong><span style=\"color: #ff6600;\">Requisito de Ingreso<\/span><\/strong><\/p>\n<p>Para asegurar que tu voz est\u00e9 en \u00f3ptimas condiciones, es excluyente una evaluaci\u00f3n de salud vocal que incluye una prueba de afinaci\u00f3n.<\/p>\n<p><strong><span style=\"color: #ff6600;\">Valores<\/span><\/strong><\/p>\n<ul>\n<li>Afiliados a UDA: \u00a1Gratis!<\/li>\n<li>No afiliados: $10.000 mensuales.<\/li>\n<\/ul>\n<p>Est\u00e1s listo para cantar en el Coro Mixto de UDA San Juan<\/p>\n<p><span style=\"color: #ff6600;\"><strong>Para m\u00e1s informaci\u00f3n o para inscribirse<\/strong><\/span><\/p>\n<ul>\n<li>WhatsApp al chatbot: 2644152728.<\/li>\n<li>Tambi\u00e9n puede inscribirte directamente en <a href=\"https:\/\/forms.gle\/UzDiuhtaG2nAJ79J8\">https:\/\/forms.gle\/UzDiuhtaG2nAJ79J8<\/a><\/li>\n<\/ul>\n<p><img loading=\"lazy\" decoding=\"async\" class=\"alignnone size-full wp-image-74657\" src=\"https:\/\/vocesparalelas.com.ar\/sitio\/wp-content\/uploads\/2024\/07\/UDA-SAN-JUAN-01.jpg\" alt=\"\" width=\"800\" height=\"443\" srcset=\"https:\/\/vocesparalelas.com.ar\/sitio\/wp-content\/uploads\/2024\/07\/UDA-SAN-JUAN-01.jpg 800w, https:\/\/vocesparalelas.com.ar\/sitio\/wp-content\/uploads\/2024\/07\/UDA-SAN-JUAN-01-300x166.jpg 300w, https:\/\/vocesparalelas.com.ar\/sitio\/wp-content\/uploads\/2024\/07\/UDA-SAN-JUAN-01-768x425.jpg 768w\" sizes=\"auto, (max-width: 800px) 100vw, 800px\" \/><\/p>\n","protected":false},"excerpt":{"rendered":"<p>\u00bfTe apasiona el canto y la m\u00fasica? UDA San Juan te invita a formar parte del Coro Mixto, un espacio<\/p>\n","protected":false},"author":3,"featured_media":91308,"comment_status":"closed","ping_status":"closed","sticky":false,"template":"","format":"standard","meta":{"_acf_changed":false,"_seopress_robots_primary_cat":"none","_seopress_titles_title":"","_seopress_titles_desc":"","_seopress_robots_index":"","colormag_page_container_layout":"default_layout","colormag_page_sidebar_layout":"default_layout","footnotes":""},"categories":[5],"tags":[],"class_list":["post-91305","post","type-post","status-publish","format-standard","has-post-thumbnail","hentry","category-ofrecimientos"],"acf":[],"_links":{"self":[{"href":"https:\/\/vocesparalelas.com.ar\/sitio\/wp-json\/wp\/v2\/posts\/91305","targetHints":{"allow":["GET"]}}],"collection":[{"href":"https:\/\/vocesparalelas.com.ar\/sitio\/wp-json\/wp\/v2\/posts"}],"about":[{"href":"https:\/\/vocesparalelas.com.ar\/sitio\/wp-json\/wp\/v2\/types\/post"}],"author":[{"embeddable":true,"href":"https:\/\/vocesparalelas.com.ar\/sitio\/wp-json\/wp\/v2\/users\/3"}],"replies":[{"embeddable":true,"href":"https:\/\/vocesparalelas.com.ar\/sitio\/wp-json\/wp\/v2\/comments?post=91305"}],"version-history":[{"count":1,"href":"https:\/\/vocesparalelas.com.ar\/sitio\/wp-json\/wp\/v2\/posts\/91305\/revisions"}],"predecessor-version":[{"id":91309,"href":"https:\/\/vocesparalelas.com.ar\/sitio\/wp-json\/wp\/v2\/posts\/91305\/revisions\/91309"}],"wp:featuredmedia":[{"embeddable":true,"href":"https:\/\/vocesparalelas.com.ar\/sitio\/wp-json\/wp\/v2\/media\/91308"}],"wp:attachment":[{"href":"https:\/\/vocesparalelas.com.ar\/sitio\/wp-json\/wp\/v2\/media?parent=91305"}],"wp:term":[{"taxonomy":"category","embeddable":true,"href":"https:\/\/vocesparalelas.com.ar\/sitio\/wp-json\/wp\/v2\/categories?post=91305"},{"taxonomy":"post_tag","embeddable":true,"href":"https:\/\/vocesparalelas.com.ar\/sitio\/wp-json\/wp\/v2\/tags?post=91305"}],"curies":[{"name":"wp","href":"https:\/\/api.w.org\/{rel}","templated":true}]}}