{"id":91299,"date":"2025-09-15T13:24:22","date_gmt":"2025-09-15T16:24:22","guid":{"rendered":"https:\/\/vocesparalelas.com.ar\/sitio\/?p=91299"},"modified":"2025-09-17T00:01:41","modified_gmt":"2025-09-17T03:01:41","slug":"salio-del-horno-la-pizza-sanjuanina-de-alex-jara","status":"publish","type":"post","link":"https:\/\/vocesparalelas.com.ar\/sitio\/salio-del-horno-la-pizza-sanjuanina-de-alex-jara\/","title":{"rendered":"Sali\u00f3 del horno la Pizza Sanjuanina de Alex Jara"},"content":{"rendered":"<p>El pizzero Alex Jara fue elegido como el mejor entre m\u00e1s de 30 participantes y se llev\u00f3 el m\u00e1ximo galard\u00f3n en la Expo Oliv\u00edcola .<\/p>\n<p>La final se desarroll\u00f3 en el Centro de Convenciones Barrena Guzm\u00e1n, donde un jurado de especialistas premi\u00f3 la creatividad y el sabor. Jara se impuso frente a seis finalistas en una re\u00f1ida definici\u00f3n.<\/p>\n<p>Despu\u00e9s de intensas jornadas de competencia y mucho talento sobre la mesa, el Concurso Pizza Sanjuanina ya tiene a su gran ganador: Alex Jara. El joven pizzero conquist\u00f3 al exigente jurado y se qued\u00f3 con el primer puesto en la final disputada durante la Expo Oliv\u00edcola, en el Centro de Convenciones Barrena Guzm\u00e1n.<\/p>\n<p>La pizza ganadora fue hecha con productos sanjuaninos como harina, aceite de oliva, salsa de tomate, jam\u00f3n, albahaca y alcaucil entre otros, respetando la base del concurso.<\/p>\n<p>El certamen convoc\u00f3 a m\u00e1s de 30 participantes que, con distintas propuestas, buscaron llevarse el m\u00e1ximo reconocimiento. Tras una primera etapa clasificatoria, el jurado seleccion\u00f3 a siete finalistas: Mirko Rupcic, Erik Zamora, Iv\u00e1n Arnold, Nicol\u00e1s Pereyra, Alejandro Balero, Alberto Videla y el flamante campe\u00f3n, Alex Jara.<\/p>\n<p>La definici\u00f3n fue seguida con atenci\u00f3n por el p\u00fablico y cont\u00f3 con la participaci\u00f3n de un jurado de lujo: representantes de la Asociaci\u00f3n de Pizzer\u00edas y Casas de Empanadas de Argentina (APyCE) llegaron desde Buenos Aires especialmente para la ocasi\u00f3n, junto a miembros del Ministerio de la Producci\u00f3n y de la Universidad Cat\u00f3lica de Cuyo.<\/p>\n<p>El proceso fue supervisado por la Escriban\u00eda Mayor de Gobierno, garantizando as\u00ed la transparencia de la competencia.<\/p>\n<p>El Concurso Pizza Sanjuanina no solo busc\u00f3 destacar la calidad gastron\u00f3mica, sino tambi\u00e9n promover la creatividad de los j\u00f3venes talentos y poner en valor un plato que forma parte de la identidad local. En este marco, la victoria de Jara fue celebrada como un s\u00edmbolo del esfuerzo y la pasi\u00f3n por la cocina.<\/p>\n<p>Con su triunfo, Alex Jara se consagr\u00f3 como el gran referente de esta edici\u00f3n y ya es parte de la historia de un certamen que promete seguir creciendo a\u00f1o tras a\u00f1o.<\/p>\n<p><img loading=\"lazy\" decoding=\"async\" class=\"alignnone size-full wp-image-91303\" src=\"https:\/\/vocesparalelas.com.ar\/sitio\/wp-content\/uploads\/2025\/09\/SAN-JUAN-PIZZA-CONCURSO-02.jpg\" alt=\"\" width=\"800\" height=\"600\" srcset=\"https:\/\/vocesparalelas.com.ar\/sitio\/wp-content\/uploads\/2025\/09\/SAN-JUAN-PIZZA-CONCURSO-02.jpg 800w, https:\/\/vocesparalelas.com.ar\/sitio\/wp-content\/uploads\/2025\/09\/SAN-JUAN-PIZZA-CONCURSO-02-300x225.jpg 300w, https:\/\/vocesparalelas.com.ar\/sitio\/wp-content\/uploads\/2025\/09\/SAN-JUAN-PIZZA-CONCURSO-02-768x576.jpg 768w\" sizes=\"auto, (max-width: 800px) 100vw, 800px\" \/><\/p>\n","protected":false},"excerpt":{"rendered":"<p>El pizzero Alex Jara fue elegido como el mejor entre m\u00e1s de 30 participantes y se llev\u00f3 el m\u00e1ximo galard\u00f3n<\/p>\n","protected":false},"author":3,"featured_media":91302,"comment_status":"closed","ping_status":"closed","sticky":false,"template":"","format":"standard","meta":{"_acf_changed":false,"_seopress_robots_primary_cat":"none","_seopress_titles_title":"","_seopress_titles_desc":"","_seopress_robots_index":"","colormag_page_container_layout":"default_layout","colormag_page_sidebar_layout":"default_layout","footnotes":""},"categories":[8],"tags":[],"class_list":["post-91299","post","type-post","status-publish","format-standard","has-post-thumbnail","hentry","category-concursos"],"acf":[],"_links":{"self":[{"href":"https:\/\/vocesparalelas.com.ar\/sitio\/wp-json\/wp\/v2\/posts\/91299","targetHints":{"allow":["GET"]}}],"collection":[{"href":"https:\/\/vocesparalelas.com.ar\/sitio\/wp-json\/wp\/v2\/posts"}],"about":[{"href":"https:\/\/vocesparalelas.com.ar\/sitio\/wp-json\/wp\/v2\/types\/post"}],"author":[{"embeddable":true,"href":"https:\/\/vocesparalelas.com.ar\/sitio\/wp-json\/wp\/v2\/users\/3"}],"replies":[{"embeddable":true,"href":"https:\/\/vocesparalelas.com.ar\/sitio\/wp-json\/wp\/v2\/comments?post=91299"}],"version-history":[{"count":1,"href":"https:\/\/vocesparalelas.com.ar\/sitio\/wp-json\/wp\/v2\/posts\/91299\/revisions"}],"predecessor-version":[{"id":91304,"href":"https:\/\/vocesparalelas.com.ar\/sitio\/wp-json\/wp\/v2\/posts\/91299\/revisions\/91304"}],"wp:featuredmedia":[{"embeddable":true,"href":"https:\/\/vocesparalelas.com.ar\/sitio\/wp-json\/wp\/v2\/media\/91302"}],"wp:attachment":[{"href":"https:\/\/vocesparalelas.com.ar\/sitio\/wp-json\/wp\/v2\/media?parent=91299"}],"wp:term":[{"taxonomy":"category","embeddable":true,"href":"https:\/\/vocesparalelas.com.ar\/sitio\/wp-json\/wp\/v2\/categories?post=91299"},{"taxonomy":"post_tag","embeddable":true,"href":"https:\/\/vocesparalelas.com.ar\/sitio\/wp-json\/wp\/v2\/tags?post=91299"}],"curies":[{"name":"wp","href":"https:\/\/api.w.org\/{rel}","templated":true}]}}