{"id":91295,"date":"2025-09-15T11:15:10","date_gmt":"2025-09-15T14:15:10","guid":{"rendered":"https:\/\/vocesparalelas.com.ar\/sitio\/?p=91295"},"modified":"2025-09-16T23:59:49","modified_gmt":"2025-09-17T02:59:49","slug":"concurso-de-fotografia-san-juan-y-sus-canales","status":"publish","type":"post","link":"https:\/\/vocesparalelas.com.ar\/sitio\/concurso-de-fotografia-san-juan-y-sus-canales\/","title":{"rendered":"Concurso de fotograf\u00eda \u201cSan Juan y sus canales\u201d"},"content":{"rendered":"<p>El Departamento de Hidr\u00e1ulica, dependiente del Ministerio de Infraestructura, Agua y Energ\u00eda, lanz\u00f3 el\u00a0<b>c<\/b>oncurso de fotograf\u00eda \u201cSan Juan y sus canales\u201d, en el marco de la Semana del Agua, con el objetivo de poner en valor el recurso h\u00eddrico, destacar la infraestructura que lo sostiene y promover conciencia ambiental.<\/p>\n<p>El certamen est\u00e1 destinado a personas mayores de 18 a\u00f1os con domicilio en San Juan, quienes podr\u00e1n participar con una fotograf\u00eda que represente a los canales sanjuaninos, resaltando su valor hist\u00f3rico, social, cultural o ambiental. Las im\u00e1genes deber\u00e1n transmitir creatividad, originalidad, adecuaci\u00f3n al tema e impacto visual.<\/p>\n<p><strong><span style=\"color: #ff6600;\">Inscripciones<\/span><\/strong><\/p>\n<p>Est\u00e1n abiertas del 15 al 19 de Septiembre y se realizan a trav\u00e9s de un formulario disponible<\/p>\n<p><a href=\"https:\/\/hidraulica.sanjuan.gob.ar\/normativa\/fotografia.php\">https:\/\/hidraulica.sanjuan.gob.ar\/normativa\/fotografia.php<\/a><\/p>\n<p>El jurado selecciona 10 fotograf\u00edas finalistas que son exhibidas en el sitio web del organismo del 29 de Septiembre al 3 de Octubre de 2025, donde se someten a votaci\u00f3n del p\u00fablico.<\/p>\n<p>Los dos trabajos con mayor cantidad de votos reciben los siguientes premios, gracias a la Coordinaci\u00f3n General del Parque Provincial Ischigualasto:<\/p>\n<ul>\n<li><span style=\"color: #ff6600;\"><b>Primer premio:<\/b><\/span>\u00a0viaje de un d\u00eda a Ischigualasto para 6 personas, con transporte ida y vuelta, recorrido y almuerzo.<\/li>\n<li><b><span style=\"color: #ff6600;\">Segundo premio:<\/span>\u00a0<\/b>viaje de un d\u00eda a Ischigualasto para 4 personas, con transporte ida y vuelta, recorrido y almuerzo.<\/li>\n<\/ul>\n<p>El ganador se conoce durante la Semana del Agua que, este a\u00f1o, se celebra del 6 al 9 de Octubre.<\/p>\n<p><img loading=\"lazy\" decoding=\"async\" class=\"alignnone size-large wp-image-5929\" src=\"https:\/\/vocesparalelas.com.ar\/sitio\/wp-content\/uploads\/2017\/10\/AGUA-21-800x534.jpg\" alt=\"\" width=\"800\" height=\"534\" srcset=\"https:\/\/vocesparalelas.com.ar\/sitio\/wp-content\/uploads\/2017\/10\/AGUA-21-800x534.jpg 800w, https:\/\/vocesparalelas.com.ar\/sitio\/wp-content\/uploads\/2017\/10\/AGUA-21-300x200.jpg 300w, https:\/\/vocesparalelas.com.ar\/sitio\/wp-content\/uploads\/2017\/10\/AGUA-21-768x512.jpg 768w, https:\/\/vocesparalelas.com.ar\/sitio\/wp-content\/uploads\/2017\/10\/AGUA-21.jpg 1000w\" sizes=\"auto, (max-width: 800px) 100vw, 800px\" \/><\/p>\n<p>Las 10 obras preseleccionadas son exhibidas en la sede del Departamento de Hidr\u00e1ulica y en su p\u00e1gina web.<\/p>\n<p>Con esta propuesta, el organismo busca fomentar la creatividad, la expresi\u00f3n art\u00edstica y el sentido de pertenencia de la comunidad, a trav\u00e9s de la mirada fotogr\u00e1fica sobre los canales que forman parte de la identidad de San Juan.<\/p>\n<p><strong><span style=\"color: #ff6600;\">Inscripci\u00f3n, bases y condiciones<\/span><\/strong><\/p>\n<p><a href=\"https:\/\/hidraulica.sanjuan.gob.ar\/normativa\/fotografia.php\">https:\/\/hidraulica.sanjuan.gob.ar\/normativa\/fotografia.php<\/a><\/p>\n<p><img loading=\"lazy\" decoding=\"async\" class=\"alignnone size-full wp-image-88595\" src=\"https:\/\/vocesparalelas.com.ar\/sitio\/wp-content\/uploads\/2025\/07\/SAN-JUAN-DEPARTAMENTO-HIDRAULICA.jpg\" alt=\"\" width=\"800\" height=\"495\" srcset=\"https:\/\/vocesparalelas.com.ar\/sitio\/wp-content\/uploads\/2025\/07\/SAN-JUAN-DEPARTAMENTO-HIDRAULICA.jpg 800w, https:\/\/vocesparalelas.com.ar\/sitio\/wp-content\/uploads\/2025\/07\/SAN-JUAN-DEPARTAMENTO-HIDRAULICA-300x186.jpg 300w, https:\/\/vocesparalelas.com.ar\/sitio\/wp-content\/uploads\/2025\/07\/SAN-JUAN-DEPARTAMENTO-HIDRAULICA-768x475.jpg 768w\" sizes=\"auto, (max-width: 800px) 100vw, 800px\" \/><\/p>\n","protected":false},"excerpt":{"rendered":"<p>El Departamento de Hidr\u00e1ulica, dependiente del Ministerio de Infraestructura, Agua y Energ\u00eda, lanz\u00f3 el\u00a0concurso de fotograf\u00eda \u201cSan Juan y sus<\/p>\n","protected":false},"author":3,"featured_media":3680,"comment_status":"closed","ping_status":"closed","sticky":false,"template":"","format":"standard","meta":{"_acf_changed":false,"_seopress_robots_primary_cat":"none","_seopress_titles_title":"","_seopress_titles_desc":"","_seopress_robots_index":"","colormag_page_container_layout":"default_layout","colormag_page_sidebar_layout":"default_layout","footnotes":""},"categories":[8],"tags":[],"class_list":["post-91295","post","type-post","status-publish","format-standard","has-post-thumbnail","hentry","category-concursos"],"acf":[],"_links":{"self":[{"href":"https:\/\/vocesparalelas.com.ar\/sitio\/wp-json\/wp\/v2\/posts\/91295","targetHints":{"allow":["GET"]}}],"collection":[{"href":"https:\/\/vocesparalelas.com.ar\/sitio\/wp-json\/wp\/v2\/posts"}],"about":[{"href":"https:\/\/vocesparalelas.com.ar\/sitio\/wp-json\/wp\/v2\/types\/post"}],"author":[{"embeddable":true,"href":"https:\/\/vocesparalelas.com.ar\/sitio\/wp-json\/wp\/v2\/users\/3"}],"replies":[{"embeddable":true,"href":"https:\/\/vocesparalelas.com.ar\/sitio\/wp-json\/wp\/v2\/comments?post=91295"}],"version-history":[{"count":1,"href":"https:\/\/vocesparalelas.com.ar\/sitio\/wp-json\/wp\/v2\/posts\/91295\/revisions"}],"predecessor-version":[{"id":91298,"href":"https:\/\/vocesparalelas.com.ar\/sitio\/wp-json\/wp\/v2\/posts\/91295\/revisions\/91298"}],"wp:featuredmedia":[{"embeddable":true,"href":"https:\/\/vocesparalelas.com.ar\/sitio\/wp-json\/wp\/v2\/media\/3680"}],"wp:attachment":[{"href":"https:\/\/vocesparalelas.com.ar\/sitio\/wp-json\/wp\/v2\/media?parent=91295"}],"wp:term":[{"taxonomy":"category","embeddable":true,"href":"https:\/\/vocesparalelas.com.ar\/sitio\/wp-json\/wp\/v2\/categories?post=91295"},{"taxonomy":"post_tag","embeddable":true,"href":"https:\/\/vocesparalelas.com.ar\/sitio\/wp-json\/wp\/v2\/tags?post=91295"}],"curies":[{"name":"wp","href":"https:\/\/api.w.org\/{rel}","templated":true}]}}