{"id":91281,"date":"2025-09-15T10:27:33","date_gmt":"2025-09-15T13:27:33","guid":{"rendered":"https:\/\/vocesparalelas.com.ar\/sitio\/?p=91281"},"modified":"2025-09-16T23:10:15","modified_gmt":"2025-09-17T02:10:15","slug":"se-reunio-el-consejo-de-acompanamiento-del-epre-san-juan-para-la-2-audiencia-de-revision-de-la-tarifa-de-energia","status":"publish","type":"post","link":"https:\/\/vocesparalelas.com.ar\/sitio\/se-reunio-el-consejo-de-acompanamiento-del-epre-san-juan-para-la-2-audiencia-de-revision-de-la-tarifa-de-energia\/","title":{"rendered":"Se reuni\u00f3 el Consejo de Acompa\u00f1amiento del EPRE San Juan para la 2\u00b0 Audiencia de revisi\u00f3n de la Tarifa de Energ\u00eda"},"content":{"rendered":"<p>El Viernes, 12 de Septiembre de 2025, en la sede de EPRE, se realiz\u00f3 la reuni\u00f3n de Consejo, como antesala de la audiencia de revisi\u00f3n tarifaria que se desarrolla el Martes, 16 de Septiembre, a las 9 hs v\u00eda remota.<\/p>\n<p>Los integrantes de todas las fuerzas vivas de la provincia han sido convocados y se han evaluado todas las propuestas para ser expresadas en la segunda de cinco audiencias q se celebran para revisar la tarifa el\u00e9ctrica del quinquenio 2025 &#8211; 2030 en San Juan.<\/p>\n<p><img loading=\"lazy\" decoding=\"async\" class=\"alignnone size-full wp-image-91285\" src=\"https:\/\/vocesparalelas.com.ar\/sitio\/wp-content\/uploads\/2025\/09\/EPRE-CONSEJO-02.jpg\" alt=\"\" width=\"800\" height=\"514\" srcset=\"https:\/\/vocesparalelas.com.ar\/sitio\/wp-content\/uploads\/2025\/09\/EPRE-CONSEJO-02.jpg 800w, https:\/\/vocesparalelas.com.ar\/sitio\/wp-content\/uploads\/2025\/09\/EPRE-CONSEJO-02-300x193.jpg 300w, https:\/\/vocesparalelas.com.ar\/sitio\/wp-content\/uploads\/2025\/09\/EPRE-CONSEJO-02-768x493.jpg 768w\" sizes=\"auto, (max-width: 800px) 100vw, 800px\" \/><\/p>\n<p>La amplia participaci\u00f3n y la pluralidad de voces, han garantizado la presencia de representantes de diferentes sectores de la comunidad, enriqueciendo la diversidad de puntos de vista con sus expresiones vertidas en esta reuni\u00f3n de Consejo.<\/p>\n<p>En la segunda audiencia de analizara el \u201cPlan de Inversiones. Modernizaci\u00f3n del Sistema Interconectado Provincial. Inversiones resiliencia y zonas especialmente vulnerables\u201d, incluyendo inversiones para la atenci\u00f3n de la demanda \u201cextra tendencial\u201d, y para la modernizaci\u00f3n del sistema el\u00e9ctrico de la Provincia de San Juan.<br \/>\nSegunda audiencia: Martes 16\/09\/2025, a las 9:00 horas.<\/p>\n<p><span style=\"color: #ff6600;\"><strong>Modalidad<\/strong><\/span><\/p>\n<p>Participaci\u00f3n remota a trav\u00e9s de la plataforma \u201cZoom\u201d. Transmisi\u00f3n en vivo desde la plataforma \u201cYouTube\u201d, acceso desde el sitio web oficial del E.P.R.E.<\/p>\n<p><a href=\"http:\/\/www.epresanjuan.gob.ar\">http:\/\/www.epresanjuan.gob.ar<\/a><\/p>\n<p>&nbsp;<\/p>\n<p><img loading=\"lazy\" decoding=\"async\" class=\"alignnone size-full wp-image-85438\" src=\"https:\/\/vocesparalelas.com.ar\/sitio\/wp-content\/uploads\/2025\/04\/EPRE-FRENTE.jpg\" alt=\"\" width=\"800\" height=\"600\" srcset=\"https:\/\/vocesparalelas.com.ar\/sitio\/wp-content\/uploads\/2025\/04\/EPRE-FRENTE.jpg 800w, https:\/\/vocesparalelas.com.ar\/sitio\/wp-content\/uploads\/2025\/04\/EPRE-FRENTE-300x225.jpg 300w, https:\/\/vocesparalelas.com.ar\/sitio\/wp-content\/uploads\/2025\/04\/EPRE-FRENTE-768x576.jpg 768w\" sizes=\"auto, (max-width: 800px) 100vw, 800px\" \/><\/p>\n","protected":false},"excerpt":{"rendered":"<p>El Viernes, 12 de Septiembre de 2025, en la sede de EPRE, se realiz\u00f3 la reuni\u00f3n de Consejo, como antesala<\/p>\n","protected":false},"author":3,"featured_media":91284,"comment_status":"closed","ping_status":"closed","sticky":false,"template":"","format":"standard","meta":{"_acf_changed":false,"_seopress_robots_primary_cat":"none","_seopress_titles_title":"","_seopress_titles_desc":"","_seopress_robots_index":"","colormag_page_container_layout":"default_layout","colormag_page_sidebar_layout":"default_layout","footnotes":""},"categories":[2],"tags":[],"class_list":["post-91281","post","type-post","status-publish","format-standard","has-post-thumbnail","hentry","category-convocatorias"],"acf":[],"_links":{"self":[{"href":"https:\/\/vocesparalelas.com.ar\/sitio\/wp-json\/wp\/v2\/posts\/91281","targetHints":{"allow":["GET"]}}],"collection":[{"href":"https:\/\/vocesparalelas.com.ar\/sitio\/wp-json\/wp\/v2\/posts"}],"about":[{"href":"https:\/\/vocesparalelas.com.ar\/sitio\/wp-json\/wp\/v2\/types\/post"}],"author":[{"embeddable":true,"href":"https:\/\/vocesparalelas.com.ar\/sitio\/wp-json\/wp\/v2\/users\/3"}],"replies":[{"embeddable":true,"href":"https:\/\/vocesparalelas.com.ar\/sitio\/wp-json\/wp\/v2\/comments?post=91281"}],"version-history":[{"count":1,"href":"https:\/\/vocesparalelas.com.ar\/sitio\/wp-json\/wp\/v2\/posts\/91281\/revisions"}],"predecessor-version":[{"id":91286,"href":"https:\/\/vocesparalelas.com.ar\/sitio\/wp-json\/wp\/v2\/posts\/91281\/revisions\/91286"}],"wp:featuredmedia":[{"embeddable":true,"href":"https:\/\/vocesparalelas.com.ar\/sitio\/wp-json\/wp\/v2\/media\/91284"}],"wp:attachment":[{"href":"https:\/\/vocesparalelas.com.ar\/sitio\/wp-json\/wp\/v2\/media?parent=91281"}],"wp:term":[{"taxonomy":"category","embeddable":true,"href":"https:\/\/vocesparalelas.com.ar\/sitio\/wp-json\/wp\/v2\/categories?post=91281"},{"taxonomy":"post_tag","embeddable":true,"href":"https:\/\/vocesparalelas.com.ar\/sitio\/wp-json\/wp\/v2\/tags?post=91281"}],"curies":[{"name":"wp","href":"https:\/\/api.w.org\/{rel}","templated":true}]}}