{"id":91276,"date":"2025-09-14T18:00:32","date_gmt":"2025-09-14T21:00:32","guid":{"rendered":"https:\/\/vocesparalelas.com.ar\/sitio\/?p=91276"},"modified":"2025-09-15T23:12:00","modified_gmt":"2025-09-16T02:12:00","slug":"capacitacion-informante-de-sitio-turistico-en-el-departamento-iglesia-de-san-juan","status":"publish","type":"post","link":"https:\/\/vocesparalelas.com.ar\/sitio\/capacitacion-informante-de-sitio-turistico-en-el-departamento-iglesia-de-san-juan\/","title":{"rendered":"Capacitaci\u00f3n \u00abInformante de sitio tur\u00edstico\u00bb en el Departamento Iglesia de San Juan"},"content":{"rendered":"<p>El Ministerio de Turismo, Cultura y Deporte del Gobierno de San Juan a trav\u00e9s de la Secretar\u00eda de Turismo y la Municipalidad de Iglesia invitan a la capacitaci\u00f3n \u00abInformante de sitio tur\u00edstico\u00bb.<\/p>\n<p><strong><span style=\"color: #ff6600;\">Cronograma<\/span><\/strong><\/p>\n<ul>\n<li>Viernes, 19 de Septiembre, de 14.30 a 20 hs.;<\/li>\n<li>S\u00e1bado, 20 de Septiembre. de 9 a 13 hs.<\/li>\n<\/ul>\n<p>Ambos d\u00edas son en el Centro de Informes Tur\u00edsticos de Pismanta.<\/p>\n<p><strong><span style=\"color: #ff6600;\">Inscripci\u00f3n<\/span><\/strong><\/p>\n<p><a href=\"https:\/\/forms.gle\/75fD4ML5VRPNpGGw8\">https:\/\/forms.gle\/75fD4ML5VRPNpGGw8<\/a><\/p>\n<p>Se entregan certificados a los asistentes.<\/p>\n<p><span style=\"color: #ff6600;\"><strong>Consultas<\/strong><\/span><\/p>\n<p>341-3717641<\/p>\n<p><img loading=\"lazy\" decoding=\"async\" class=\"alignnone size-large wp-image-15065\" src=\"https:\/\/vocesparalelas.com.ar\/sitio\/wp-content\/uploads\/2018\/09\/DEPARTAMENTO-IGLESIA-800x538.jpg\" alt=\"\" width=\"800\" height=\"538\" srcset=\"https:\/\/vocesparalelas.com.ar\/sitio\/wp-content\/uploads\/2018\/09\/DEPARTAMENTO-IGLESIA-800x538.jpg 800w, https:\/\/vocesparalelas.com.ar\/sitio\/wp-content\/uploads\/2018\/09\/DEPARTAMENTO-IGLESIA-300x202.jpg 300w, https:\/\/vocesparalelas.com.ar\/sitio\/wp-content\/uploads\/2018\/09\/DEPARTAMENTO-IGLESIA-768x516.jpg 768w, https:\/\/vocesparalelas.com.ar\/sitio\/wp-content\/uploads\/2018\/09\/DEPARTAMENTO-IGLESIA.jpg 1000w\" sizes=\"auto, (max-width: 800px) 100vw, 800px\" \/><\/p>\n<p>&nbsp;<\/p>\n","protected":false},"excerpt":{"rendered":"<p>El Ministerio de Turismo, Cultura y Deporte del Gobierno de San Juan a trav\u00e9s de la Secretar\u00eda de Turismo y<\/p>\n","protected":false},"author":3,"featured_media":66366,"comment_status":"closed","ping_status":"closed","sticky":false,"template":"","format":"standard","meta":{"_acf_changed":false,"_seopress_robots_primary_cat":"none","_seopress_titles_title":"","_seopress_titles_desc":"","_seopress_robots_index":"","colormag_page_container_layout":"default_layout","colormag_page_sidebar_layout":"default_layout","footnotes":""},"categories":[9],"tags":[],"class_list":["post-91276","post","type-post","status-publish","format-standard","has-post-thumbnail","hentry","category-cursos"],"acf":[],"_links":{"self":[{"href":"https:\/\/vocesparalelas.com.ar\/sitio\/wp-json\/wp\/v2\/posts\/91276","targetHints":{"allow":["GET"]}}],"collection":[{"href":"https:\/\/vocesparalelas.com.ar\/sitio\/wp-json\/wp\/v2\/posts"}],"about":[{"href":"https:\/\/vocesparalelas.com.ar\/sitio\/wp-json\/wp\/v2\/types\/post"}],"author":[{"embeddable":true,"href":"https:\/\/vocesparalelas.com.ar\/sitio\/wp-json\/wp\/v2\/users\/3"}],"replies":[{"embeddable":true,"href":"https:\/\/vocesparalelas.com.ar\/sitio\/wp-json\/wp\/v2\/comments?post=91276"}],"version-history":[{"count":1,"href":"https:\/\/vocesparalelas.com.ar\/sitio\/wp-json\/wp\/v2\/posts\/91276\/revisions"}],"predecessor-version":[{"id":91279,"href":"https:\/\/vocesparalelas.com.ar\/sitio\/wp-json\/wp\/v2\/posts\/91276\/revisions\/91279"}],"wp:featuredmedia":[{"embeddable":true,"href":"https:\/\/vocesparalelas.com.ar\/sitio\/wp-json\/wp\/v2\/media\/66366"}],"wp:attachment":[{"href":"https:\/\/vocesparalelas.com.ar\/sitio\/wp-json\/wp\/v2\/media?parent=91276"}],"wp:term":[{"taxonomy":"category","embeddable":true,"href":"https:\/\/vocesparalelas.com.ar\/sitio\/wp-json\/wp\/v2\/categories?post=91276"},{"taxonomy":"post_tag","embeddable":true,"href":"https:\/\/vocesparalelas.com.ar\/sitio\/wp-json\/wp\/v2\/tags?post=91276"}],"curies":[{"name":"wp","href":"https:\/\/api.w.org\/{rel}","templated":true}]}}