{"id":91266,"date":"2025-09-14T19:05:17","date_gmt":"2025-09-14T22:05:17","guid":{"rendered":"https:\/\/vocesparalelas.com.ar\/sitio\/?p=91266"},"modified":"2025-09-15T22:58:18","modified_gmt":"2025-09-16T01:58:18","slug":"los-sentires-estallaron-en-la-industrial-corre-5k-2025-en-san-juan","status":"publish","type":"post","link":"https:\/\/vocesparalelas.com.ar\/sitio\/los-sentires-estallaron-en-la-industrial-corre-5k-2025-en-san-juan\/","title":{"rendered":"Los sentires estallaron en \u00abLa Industrial Corre 5K 2025\u00bb en San Juan"},"content":{"rendered":"<p>El Instituto Preuniversitario de la Universidad Nacional de San Juan Escuela Industrial Domingo Faustino Sarmiento, desarroll\u00f3 el \u00a0Domingo, 14 de Septiembre, \u00abLa Industrial Corre 5K 2025 \u00ab, un evento deportivo que combina la actividad f\u00edsica con la solidaridad.<\/p>\n<p>Las calles de San Juan se vistieron a puro Industria con la participaci\u00f3n de exalumnos de distintas Promociones, exprofesores, alumno, profesores y lo m\u00e1s bonito reuni\u00f3 a la gran familia. No pod\u00eda estar ausente la Municipalidad de la Ciudad Capital de San Juan, quien apoy\u00f3 al evento deportivo. Es m\u00e1s muchos se sumaron a la gran patriada a los valores de la comunidad educativa de la EIDFS de la UNSJ y familias de San Juan,<\/p>\n<p>Es importante destacar que el circuito de 5 kil\u00f3metros se despleg\u00f3 desde la Municipalidad de la Ciudad Capital hasta llegar al Complejo El Palomar de la Universidad Nacional de San Juan.<\/p>\n<p><iframe loading=\"lazy\" title=\"EIDFS UNSJ LA INDUSTRIAL CORRE 5 K 2025\" width=\"800\" height=\"450\" src=\"https:\/\/www.youtube.com\/embed\/D8fWSZ76UJo?feature=oembed\" frameborder=\"0\" allow=\"accelerometer; autoplay; clipboard-write; encrypted-media; gyroscope; picture-in-picture; web-share\" referrerpolicy=\"strict-origin-when-cross-origin\" allowfullscreen><\/iframe><\/p>\n<p>En este contexto, la Vicerrectora de la UNSJ, Esp. Andrea Laceta y la Coordinadora de \u00abLa Industrial Corre 5K 2025\u00bb, Prof. Gisela Sulgoy manifestaron la alegr\u00eda de la unidad de la Comunidad de la EIDFS de la UNSJ lograron los sentires de los valores de la Instituci\u00f3n Universitaria de San Juan.<\/p>\n<figure id=\"attachment_91272\" aria-describedby=\"caption-attachment-91272\" style=\"width: 800px\" class=\"wp-caption alignnone\"><img loading=\"lazy\" decoding=\"async\" class=\"size-full wp-image-91272\" src=\"https:\/\/vocesparalelas.com.ar\/sitio\/wp-content\/uploads\/2025\/09\/EIDFS-UNSJ-ICORRE-02.jpg\" alt=\"\" width=\"800\" height=\"533\" srcset=\"https:\/\/vocesparalelas.com.ar\/sitio\/wp-content\/uploads\/2025\/09\/EIDFS-UNSJ-ICORRE-02.jpg 800w, https:\/\/vocesparalelas.com.ar\/sitio\/wp-content\/uploads\/2025\/09\/EIDFS-UNSJ-ICORRE-02-300x200.jpg 300w, https:\/\/vocesparalelas.com.ar\/sitio\/wp-content\/uploads\/2025\/09\/EIDFS-UNSJ-ICORRE-02-768x512.jpg 768w\" sizes=\"auto, (max-width: 800px) 100vw, 800px\" \/><figcaption id=\"caption-attachment-91272\" class=\"wp-caption-text\">Vicerrectora de la UNSJ, Esp. Andrea Laceta y la Coordinadora de \u00abLa Industrial Corre 5K 2025\u00bb, Prof. Gisela Sulgoy<\/figcaption><\/figure>\n<p>&nbsp;<\/p>\n<p><iframe loading=\"lazy\" title=\"EIDFS UNSJ VICERRECTORA ESP ANDREA LECETA Y PROF. GISELA SULIGOY\" width=\"800\" height=\"450\" src=\"https:\/\/www.youtube.com\/embed\/wpWehotb-Jw?feature=oembed\" frameborder=\"0\" allow=\"accelerometer; autoplay; clipboard-write; encrypted-media; gyroscope; picture-in-picture; web-share\" referrerpolicy=\"strict-origin-when-cross-origin\" allowfullscreen><\/iframe><\/p>\n<p>Esta iniciativa busca fomentar un estilo de vida saludable y, a la vez, recaudar fondos para un noble prop\u00f3sito. La inscripci\u00f3n es una\u00a0colaboraci\u00f3n voluntaria que se destina a la compra de elementos para el Departamento de Ingl\u00e9s de la instituci\u00f3n.<\/p>\n<p><iframe loading=\"lazy\" title=\"EIDFS UNSJ LA INDUSTRIAL CORRE 5 K 2025\" width=\"800\" height=\"450\" src=\"https:\/\/www.youtube.com\/embed\/du1NH9nVxqo?feature=oembed\" frameborder=\"0\" allow=\"accelerometer; autoplay; clipboard-write; encrypted-media; gyroscope; picture-in-picture; web-share\" referrerpolicy=\"strict-origin-when-cross-origin\" allowfullscreen><\/iframe><\/p>\n<p>&nbsp;<\/p>\n<p>La unidad de la Comunidad de la EIDFS de la UNSJ compartiendo los alimentos de hidrataci\u00f3n, charlas, abrazos y la nueva generaci\u00f3n que se viene.<\/p>\n<p><iframe loading=\"lazy\" title=\"EIDFS UNSJ LA INDUSTRIAL CORRE\" width=\"800\" height=\"450\" src=\"https:\/\/www.youtube.com\/embed\/Rc2MKdCuekI?feature=oembed\" frameborder=\"0\" allow=\"accelerometer; autoplay; clipboard-write; encrypted-media; gyroscope; picture-in-picture; web-share\" referrerpolicy=\"strict-origin-when-cross-origin\" allowfullscreen><\/iframe><\/p>\n<p>Lleg\u00f3 la instancia de premiaci\u00f3n para los participantes que llegaron al Complejo El Palomar de la Universidad Nacional de San Juan. Adem\u00e1s, se entregaron menciones.<\/p>\n<p><img loading=\"lazy\" decoding=\"async\" class=\"alignnone size-full wp-image-91274\" src=\"https:\/\/vocesparalelas.com.ar\/sitio\/wp-content\/uploads\/2025\/09\/EIDFS-UNSJ-ICORRE-04.jpg\" alt=\"\" width=\"800\" height=\"533\" srcset=\"https:\/\/vocesparalelas.com.ar\/sitio\/wp-content\/uploads\/2025\/09\/EIDFS-UNSJ-ICORRE-04.jpg 800w, https:\/\/vocesparalelas.com.ar\/sitio\/wp-content\/uploads\/2025\/09\/EIDFS-UNSJ-ICORRE-04-300x200.jpg 300w, https:\/\/vocesparalelas.com.ar\/sitio\/wp-content\/uploads\/2025\/09\/EIDFS-UNSJ-ICORRE-04-768x512.jpg 768w\" sizes=\"auto, (max-width: 800px) 100vw, 800px\" \/> <img loading=\"lazy\" decoding=\"async\" class=\"alignnone size-full wp-image-91273\" src=\"https:\/\/vocesparalelas.com.ar\/sitio\/wp-content\/uploads\/2025\/09\/EIDFS-UNSJ-ICORRE-03.jpg\" alt=\"\" width=\"800\" height=\"533\" srcset=\"https:\/\/vocesparalelas.com.ar\/sitio\/wp-content\/uploads\/2025\/09\/EIDFS-UNSJ-ICORRE-03.jpg 800w, https:\/\/vocesparalelas.com.ar\/sitio\/wp-content\/uploads\/2025\/09\/EIDFS-UNSJ-ICORRE-03-300x200.jpg 300w, https:\/\/vocesparalelas.com.ar\/sitio\/wp-content\/uploads\/2025\/09\/EIDFS-UNSJ-ICORRE-03-768x512.jpg 768w\" sizes=\"auto, (max-width: 800px) 100vw, 800px\" \/><\/p>\n<p><img loading=\"lazy\" decoding=\"async\" class=\"alignnone size-large wp-image-14441\" src=\"https:\/\/vocesparalelas.com.ar\/sitio\/wp-content\/uploads\/2018\/08\/UNSJ-EIDFS001-800x574.jpg\" alt=\"\" width=\"800\" height=\"574\" srcset=\"https:\/\/vocesparalelas.com.ar\/sitio\/wp-content\/uploads\/2018\/08\/UNSJ-EIDFS001-800x574.jpg 800w, https:\/\/vocesparalelas.com.ar\/sitio\/wp-content\/uploads\/2018\/08\/UNSJ-EIDFS001-300x215.jpg 300w, https:\/\/vocesparalelas.com.ar\/sitio\/wp-content\/uploads\/2018\/08\/UNSJ-EIDFS001-768x551.jpg 768w, https:\/\/vocesparalelas.com.ar\/sitio\/wp-content\/uploads\/2018\/08\/UNSJ-EIDFS001.jpg 1000w\" sizes=\"auto, (max-width: 800px) 100vw, 800px\" \/><\/p>\n","protected":false},"excerpt":{"rendered":"<p>El Instituto Preuniversitario de la Universidad Nacional de San Juan Escuela Industrial Domingo Faustino Sarmiento, desarroll\u00f3 el \u00a0Domingo, 14 de<\/p>\n","protected":false},"author":3,"featured_media":91271,"comment_status":"closed","ping_status":"closed","sticky":false,"template":"","format":"standard","meta":{"_acf_changed":false,"_seopress_robots_primary_cat":"none","_seopress_titles_title":"","_seopress_titles_desc":"","_seopress_robots_index":"","colormag_page_container_layout":"default_layout","colormag_page_sidebar_layout":"default_layout","footnotes":""},"categories":[10,7],"tags":[],"class_list":["post-91266","post","type-post","status-publish","format-standard","has-post-thumbnail","hentry","category-opiniones","category-videos"],"acf":[],"_links":{"self":[{"href":"https:\/\/vocesparalelas.com.ar\/sitio\/wp-json\/wp\/v2\/posts\/91266","targetHints":{"allow":["GET"]}}],"collection":[{"href":"https:\/\/vocesparalelas.com.ar\/sitio\/wp-json\/wp\/v2\/posts"}],"about":[{"href":"https:\/\/vocesparalelas.com.ar\/sitio\/wp-json\/wp\/v2\/types\/post"}],"author":[{"embeddable":true,"href":"https:\/\/vocesparalelas.com.ar\/sitio\/wp-json\/wp\/v2\/users\/3"}],"replies":[{"embeddable":true,"href":"https:\/\/vocesparalelas.com.ar\/sitio\/wp-json\/wp\/v2\/comments?post=91266"}],"version-history":[{"count":1,"href":"https:\/\/vocesparalelas.com.ar\/sitio\/wp-json\/wp\/v2\/posts\/91266\/revisions"}],"predecessor-version":[{"id":91275,"href":"https:\/\/vocesparalelas.com.ar\/sitio\/wp-json\/wp\/v2\/posts\/91266\/revisions\/91275"}],"wp:featuredmedia":[{"embeddable":true,"href":"https:\/\/vocesparalelas.com.ar\/sitio\/wp-json\/wp\/v2\/media\/91271"}],"wp:attachment":[{"href":"https:\/\/vocesparalelas.com.ar\/sitio\/wp-json\/wp\/v2\/media?parent=91266"}],"wp:term":[{"taxonomy":"category","embeddable":true,"href":"https:\/\/vocesparalelas.com.ar\/sitio\/wp-json\/wp\/v2\/categories?post=91266"},{"taxonomy":"post_tag","embeddable":true,"href":"https:\/\/vocesparalelas.com.ar\/sitio\/wp-json\/wp\/v2\/tags?post=91266"}],"curies":[{"name":"wp","href":"https:\/\/api.w.org\/{rel}","templated":true}]}}