{"id":91262,"date":"2025-09-13T21:29:58","date_gmt":"2025-09-14T00:29:58","guid":{"rendered":"https:\/\/vocesparalelas.com.ar\/sitio\/?p=91262"},"modified":"2025-09-15T14:07:18","modified_gmt":"2025-09-15T17:07:18","slug":"colecta-nacional-mas-por-menos-y-hoy-tu-ayuda-es-esperanza-viva","status":"publish","type":"post","link":"https:\/\/vocesparalelas.com.ar\/sitio\/colecta-nacional-mas-por-menos-y-hoy-tu-ayuda-es-esperanza-viva\/","title":{"rendered":"Colecta Nacional \u201cM\u00e1s por Menos\u201d y Hoy tu ayuda es esperanza viva"},"content":{"rendered":"<p>Por el arzobispo de San Juan de Cuyo, Monse\u00f1or Jorge Eduardo Lozano<\/p>\n<p>Vivimos tiempos marcados, en demasiadas ocasiones, por las malas noticias: la guerra asola regiones enteras, la violencia verbal fragmenta a las comunidades, y los m\u00e1s fr\u00e1giles \u2014personas enfermas, con discapacidad, adultos mayores, ni\u00f1os, ni\u00f1as y adolescentes vulnerables\u2014 quedan muchas veces relegadas y sin voz, e incluso tratadas con crueldad. Frente a este escenario, la tentaci\u00f3n del desencanto es grande. Pero la Colecta Nacional \u201cM\u00e1s por Menos\u201d se erige como un faro que desaf\u00eda la resignaci\u00f3n, invit\u00e1ndonos a ser protagonistas de un cambio posible, real y urgente.<\/p>\n<p>El lema de este a\u00f1o \u2014\u201cHoy tu ayuda es esperanza viva\u201d\u2014, nos convoca a renovar ese impulso solidario que tanto necesita la Argentina profunda. No es solo un gesto; es una declaraci\u00f3n de principios, una manifestaci\u00f3n concreta de que la esperanza puede y debe hacerse palpable en medio de las dificultades.<\/p>\n<p>La propuesta es clara: tender puentes de cercan\u00eda hacia las regiones m\u00e1s necesitadas, all\u00ed donde la carencia se ha vuelto rutina y la esperanza parece un lujo inaccesible. Sin embargo, es justamente en esos rincones olvidados donde el mensaje de la colecta cobra vida y sentido. Porque cada aporte, por modesto que sea, se convierte en un testimonio que dice: \u201cme importa tu vida, tu vocaci\u00f3n misionera, tu dignidad, tu comunidad\u201d.<\/p>\n<p>La esperanza, como bien marcaba el Papa Benedicto XVI, no es un sentimiento individualista: \u201cNadie peca solo. Nadie se salva solo\u201d. Francisco, por su parte, nos recordaba con insistencia que \u201cestamos todos en la misma barca\u201d.<\/p>\n<p>Cuando contribuimos no solo ofrecemos recursos materiales; compartimos tambi\u00e9n cercan\u00eda, fortaleza y un mensaje silencioso pero poderoso de acompa\u00f1amiento real.<\/p>\n<p>El aporte recaudado a trav\u00e9s de la colecta permite desplegar la tarea misionera en zonas donde la urgencia es el pan de cada d\u00eda. Gracias a esta generosidad colectiva se apoyan emprendimientos misioneros, se forman catequistas y se construyen capillas y salones que ofician de verdaderos centros de encuentro y contenci\u00f3n comunitaria. Asimismo, se fortalecen\u00a0espacios de atenci\u00f3n para personas con adicciones, lugares donde la dignidad vuelve a ser posible y la vida encuentra una nueva opci\u00f3n.<\/p>\n<p>No se trata solo de dar; sino fundamentalmente de involucrarse. Comprender que la esperanza no es un regalo ca\u00eddo del cielo, sino el fruto de manos que se extienden, corazones que se dejan conmover y voluntades dispuestas a transformar el dolor en oportunidad. La esperanza se fortalece y multiplica cuando dejamos de lado la indiferencia y nos animamos a la compa\u00f1\u00eda comprometida.<\/p>\n<p>Frente al individualismo, la cultura del descarte y la fragmentaci\u00f3n, se nos presenta la oportunidad de una respuesta madura y consciente de una sociedad que no quiere resignarse. Se va configurando de este modo, una red invisible que sostiene, acompa\u00f1a y dignifica.<\/p>\n<p>La promoci\u00f3n humana, en este contexto, implica mucho m\u00e1s que la ayuda asistencial: significa promover el desarrollo integral de las comunidades, fortalecer el tejido social y alentar la vocaci\u00f3n misionera y el protagonismo de quienes, aun en medio de la exclusi\u00f3n, se empe\u00f1an en construir futuro.<\/p>\n<p>La Colecta \u201cM\u00e1s por Menos\u201d nos recuerda, a\u00f1o tras a\u00f1o, que la esperanza no es un espejismo, sino una tarea com\u00fan. Cada aporte suma, cada palabra de aliento fortalece, cada mirada cercana restaura la confianza en la posibilidad de un pa\u00eds m\u00e1s justo y fraterno.<\/p>\n<p>En tiempos en que la desesperanza parece ganar terreno, y las malas noticias ocupan cada rinc\u00f3n de nuestras conversaciones, la invitaci\u00f3n es a ser contracultura: a dar respuestas concretas, a tender manos, a construir juntos. \u201cHoy tu ayuda es esperanza viva\u201d, y esa esperanza \u2014encarnada en gestos y acciones\u2014 es la que hace posible el milagro cotidiano de la fraternidad.<\/p>\n<p>Hoy el Papa Le\u00f3n XIV est\u00e1 cumpliendo 70 a\u00f1os de edad. Demos gracias a Dios por el don de su vida.<\/p>\n<p><iframe loading=\"lazy\" title=\"SAN JUAN MONSE\u00d1OR JORGE LOZANO \" width=\"800\" height=\"450\" src=\"https:\/\/www.youtube.com\/embed\/ZjoiTXYo2Tg?feature=oembed\" frameborder=\"0\" allow=\"accelerometer; autoplay; clipboard-write; encrypted-media; gyroscope; picture-in-picture; web-share\" referrerpolicy=\"strict-origin-when-cross-origin\" allowfullscreen><\/iframe><\/p>\n<p>&nbsp;<\/p>\n<p><img loading=\"lazy\" decoding=\"async\" class=\"alignnone size-large wp-image-11867\" src=\"https:\/\/vocesparalelas.com.ar\/sitio\/wp-content\/uploads\/2018\/05\/CARITA-SAN-JUAN-01-800x600.jpg\" alt=\"\" width=\"800\" height=\"600\" srcset=\"https:\/\/vocesparalelas.com.ar\/sitio\/wp-content\/uploads\/2018\/05\/CARITA-SAN-JUAN-01-800x600.jpg 800w, https:\/\/vocesparalelas.com.ar\/sitio\/wp-content\/uploads\/2018\/05\/CARITA-SAN-JUAN-01-300x225.jpg 300w, https:\/\/vocesparalelas.com.ar\/sitio\/wp-content\/uploads\/2018\/05\/CARITA-SAN-JUAN-01-768x576.jpg 768w, https:\/\/vocesparalelas.com.ar\/sitio\/wp-content\/uploads\/2018\/05\/CARITA-SAN-JUAN-01.jpg 1024w\" sizes=\"auto, (max-width: 800px) 100vw, 800px\" \/><\/p>\n<p><img loading=\"lazy\" decoding=\"async\" class=\"alignnone size-full wp-image-61416\" src=\"https:\/\/vocesparalelas.com.ar\/sitio\/wp-content\/uploads\/2023\/07\/ARZOBISPADO-EDIFICIO.jpg\" alt=\"\" width=\"800\" height=\"600\" srcset=\"https:\/\/vocesparalelas.com.ar\/sitio\/wp-content\/uploads\/2023\/07\/ARZOBISPADO-EDIFICIO.jpg 800w, https:\/\/vocesparalelas.com.ar\/sitio\/wp-content\/uploads\/2023\/07\/ARZOBISPADO-EDIFICIO-300x225.jpg 300w, https:\/\/vocesparalelas.com.ar\/sitio\/wp-content\/uploads\/2023\/07\/ARZOBISPADO-EDIFICIO-768x576.jpg 768w\" sizes=\"auto, (max-width: 800px) 100vw, 800px\" \/><\/p>\n","protected":false},"excerpt":{"rendered":"<p>Por el arzobispo de San Juan de Cuyo, Monse\u00f1or Jorge Eduardo Lozano Vivimos tiempos marcados, en demasiadas ocasiones, por las<\/p>\n","protected":false},"author":3,"featured_media":81112,"comment_status":"closed","ping_status":"closed","sticky":false,"template":"","format":"standard","meta":{"_acf_changed":false,"_seopress_robots_primary_cat":"none","_seopress_titles_title":"","_seopress_titles_desc":"","_seopress_robots_index":"","colormag_page_container_layout":"default_layout","colormag_page_sidebar_layout":"default_layout","footnotes":""},"categories":[10,7],"tags":[],"class_list":["post-91262","post","type-post","status-publish","format-standard","has-post-thumbnail","hentry","category-opiniones","category-videos"],"acf":[],"_links":{"self":[{"href":"https:\/\/vocesparalelas.com.ar\/sitio\/wp-json\/wp\/v2\/posts\/91262","targetHints":{"allow":["GET"]}}],"collection":[{"href":"https:\/\/vocesparalelas.com.ar\/sitio\/wp-json\/wp\/v2\/posts"}],"about":[{"href":"https:\/\/vocesparalelas.com.ar\/sitio\/wp-json\/wp\/v2\/types\/post"}],"author":[{"embeddable":true,"href":"https:\/\/vocesparalelas.com.ar\/sitio\/wp-json\/wp\/v2\/users\/3"}],"replies":[{"embeddable":true,"href":"https:\/\/vocesparalelas.com.ar\/sitio\/wp-json\/wp\/v2\/comments?post=91262"}],"version-history":[{"count":1,"href":"https:\/\/vocesparalelas.com.ar\/sitio\/wp-json\/wp\/v2\/posts\/91262\/revisions"}],"predecessor-version":[{"id":91265,"href":"https:\/\/vocesparalelas.com.ar\/sitio\/wp-json\/wp\/v2\/posts\/91262\/revisions\/91265"}],"wp:featuredmedia":[{"embeddable":true,"href":"https:\/\/vocesparalelas.com.ar\/sitio\/wp-json\/wp\/v2\/media\/81112"}],"wp:attachment":[{"href":"https:\/\/vocesparalelas.com.ar\/sitio\/wp-json\/wp\/v2\/media?parent=91262"}],"wp:term":[{"taxonomy":"category","embeddable":true,"href":"https:\/\/vocesparalelas.com.ar\/sitio\/wp-json\/wp\/v2\/categories?post=91262"},{"taxonomy":"post_tag","embeddable":true,"href":"https:\/\/vocesparalelas.com.ar\/sitio\/wp-json\/wp\/v2\/tags?post=91262"}],"curies":[{"name":"wp","href":"https:\/\/api.w.org\/{rel}","templated":true}]}}