{"id":91250,"date":"2025-09-13T15:12:03","date_gmt":"2025-09-13T18:12:03","guid":{"rendered":"https:\/\/vocesparalelas.com.ar\/sitio\/?p=91250"},"modified":"2025-09-13T15:12:03","modified_gmt":"2025-09-13T18:12:03","slug":"reconocimiento-y-agradecimiento-a-los-docentes-del-departamento-iglesia-a-los-137-anos-del-fallecimiento-de-domingo-faustino-sarmiento","status":"publish","type":"post","link":"https:\/\/vocesparalelas.com.ar\/sitio\/reconocimiento-y-agradecimiento-a-los-docentes-del-departamento-iglesia-a-los-137-anos-del-fallecimiento-de-domingo-faustino-sarmiento\/","title":{"rendered":"Reconocimiento y agradecimiento a los docentes del Departamento Iglesia a los 137\u00b0 a\u00f1os del fallecimiento de Domingo Faustino Sarmiento"},"content":{"rendered":"<p>La Municipalidad de Iglesia organiz\u00f3 y desarroll\u00f3 un sentido homenaje a los Docentes del Departamento que se jubilaron en el marco de los 137\u00b0 a\u00f1os del fallecimiento de Domingo Faustino Sarmiento, en la explanada municipal<\/p>\n<p>El acto cont\u00f3 con la presencia del Intendente de la Municipalidad de Iglesia, Dr. Jorge Espejo, la Jueza de Paz\u00a0Letrado de Iglesia, Dra. Victoria Aguilera, el Secretario de Gobierno Alfredo Espejo, Presidente del Consejo Deliberante Municipal, Enrique Mu\u00f1oz y concejales Marcelo Agudo y Pablo Esquivel y el Delegado Gremial Gast\u00f3n Olarte. Tambi\u00e9n participaron directivos de instituciones educativas, docentes activos y jubilados, funcionarios municipales y vecinos del departamento.<\/p>\n<p>El ingreso de las Banderas Argentina de instituciones educativas junto a la Bandera Departamental de la Municipalidad de Iglesia, dieron un marco solemne y emotivo a la jornada. Fiel testigos de la ampliaci\u00f3n y fortalecimiento del legado de Domingo Faustino Sarmiento, en el Departamento Iglesia. Posteriormente, se enton\u00f3 el Himno Nacional Argentino y seguidamente, el Himno a Sarmiento con las voces de los presentes donde se impuso los sentires patrios.<\/p>\n<p><img loading=\"lazy\" decoding=\"async\" class=\"alignnone size-full wp-image-91255\" src=\"https:\/\/vocesparalelas.com.ar\/sitio\/wp-content\/uploads\/2025\/09\/IGLESIA-SARMIENTO-02.jpg\" alt=\"\" width=\"800\" height=\"533\" srcset=\"https:\/\/vocesparalelas.com.ar\/sitio\/wp-content\/uploads\/2025\/09\/IGLESIA-SARMIENTO-02.jpg 800w, https:\/\/vocesparalelas.com.ar\/sitio\/wp-content\/uploads\/2025\/09\/IGLESIA-SARMIENTO-02-300x200.jpg 300w, https:\/\/vocesparalelas.com.ar\/sitio\/wp-content\/uploads\/2025\/09\/IGLESIA-SARMIENTO-02-768x512.jpg 768w\" sizes=\"auto, (max-width: 800px) 100vw, 800px\" \/><\/p>\n<p>A continuaci\u00f3n, la Prof. Virginia Baceta y el Intendente de la Municipalidad de Iglesia, Dr. Jorge Espejo fueron responsables de ponderar la trascendencia de la figura del Gran Maestro de Am\u00e9rica, Domingo Faustino Sarmiento que naci\u00f3 en San Juan y su incansable impulso a la educaci\u00f3n p\u00fablica, reafirmando el valor de la docencia como motor de transformaci\u00f3n de superaci\u00f3n de los alumnos.<\/p>\n<figure id=\"attachment_91257\" aria-describedby=\"caption-attachment-91257\" style=\"width: 800px\" class=\"wp-caption alignnone\"><img loading=\"lazy\" decoding=\"async\" class=\"size-full wp-image-91257\" src=\"https:\/\/vocesparalelas.com.ar\/sitio\/wp-content\/uploads\/2025\/09\/IGLESIA-SARMIENTO-03.jpg\" alt=\"\" width=\"800\" height=\"533\" srcset=\"https:\/\/vocesparalelas.com.ar\/sitio\/wp-content\/uploads\/2025\/09\/IGLESIA-SARMIENTO-03.jpg 800w, https:\/\/vocesparalelas.com.ar\/sitio\/wp-content\/uploads\/2025\/09\/IGLESIA-SARMIENTO-03-300x200.jpg 300w, https:\/\/vocesparalelas.com.ar\/sitio\/wp-content\/uploads\/2025\/09\/IGLESIA-SARMIENTO-03-768x512.jpg 768w\" sizes=\"auto, (max-width: 800px) 100vw, 800px\" \/><figcaption id=\"caption-attachment-91257\" class=\"wp-caption-text\">Prof.\u00a0 Virginia Baceta<\/figcaption><\/figure>\n<p>&nbsp;<\/p>\n<figure id=\"attachment_91258\" aria-describedby=\"caption-attachment-91258\" style=\"width: 800px\" class=\"wp-caption alignnone\"><img loading=\"lazy\" decoding=\"async\" class=\"size-full wp-image-91258\" src=\"https:\/\/vocesparalelas.com.ar\/sitio\/wp-content\/uploads\/2025\/09\/IGLESIA-DR-JORGE-ESPEJO.jpg\" alt=\"\" width=\"800\" height=\"533\" srcset=\"https:\/\/vocesparalelas.com.ar\/sitio\/wp-content\/uploads\/2025\/09\/IGLESIA-DR-JORGE-ESPEJO.jpg 800w, https:\/\/vocesparalelas.com.ar\/sitio\/wp-content\/uploads\/2025\/09\/IGLESIA-DR-JORGE-ESPEJO-300x200.jpg 300w, https:\/\/vocesparalelas.com.ar\/sitio\/wp-content\/uploads\/2025\/09\/IGLESIA-DR-JORGE-ESPEJO-768x512.jpg 768w\" sizes=\"auto, (max-width: 800px) 100vw, 800px\" \/><figcaption id=\"caption-attachment-91258\" class=\"wp-caption-text\">Intendente de la Municipalidad de Iglesia, Dr. Jorge Espejo<\/figcaption><\/figure>\n<p>Luego se vino el momento m\u00e1s emotivo que fue el reconocimiento a los docentes que se jubilaron en el Departamento Iglesia, que construyeron el conocimiento de muchos alumnos, transmitiendo y formando hombre y mujeres de bien dejando un legado incondicional y siempre valorado por ellos y la comunidad.<\/p>\n<p>&nbsp;<\/p>\n<figure id=\"attachment_91259\" aria-describedby=\"caption-attachment-91259\" style=\"width: 800px\" class=\"wp-caption alignnone\"><img loading=\"lazy\" decoding=\"async\" class=\"size-full wp-image-91259\" src=\"https:\/\/vocesparalelas.com.ar\/sitio\/wp-content\/uploads\/2025\/09\/IGLESIA-SARMIENTO-05.jpg\" alt=\"\" width=\"800\" height=\"533\" srcset=\"https:\/\/vocesparalelas.com.ar\/sitio\/wp-content\/uploads\/2025\/09\/IGLESIA-SARMIENTO-05.jpg 800w, https:\/\/vocesparalelas.com.ar\/sitio\/wp-content\/uploads\/2025\/09\/IGLESIA-SARMIENTO-05-300x200.jpg 300w, https:\/\/vocesparalelas.com.ar\/sitio\/wp-content\/uploads\/2025\/09\/IGLESIA-SARMIENTO-05-768x512.jpg 768w\" sizes=\"auto, (max-width: 800px) 100vw, 800px\" \/><figcaption id=\"caption-attachment-91259\" class=\"wp-caption-text\">Mar\u00eda Cristina Ramos recibe el reconocimiento y agradecimiento del Intendente de la Municipalidad de Iglesia, Dr. Jorge Espejo<\/figcaption><\/figure>\n<p><img loading=\"lazy\" decoding=\"async\" class=\"alignnone size-full wp-image-91256\" src=\"https:\/\/vocesparalelas.com.ar\/sitio\/wp-content\/uploads\/2025\/09\/IGLESIA-SARMIENTO-04.jpg\" alt=\"\" width=\"800\" height=\"533\" srcset=\"https:\/\/vocesparalelas.com.ar\/sitio\/wp-content\/uploads\/2025\/09\/IGLESIA-SARMIENTO-04.jpg 800w, https:\/\/vocesparalelas.com.ar\/sitio\/wp-content\/uploads\/2025\/09\/IGLESIA-SARMIENTO-04-300x200.jpg 300w, https:\/\/vocesparalelas.com.ar\/sitio\/wp-content\/uploads\/2025\/09\/IGLESIA-SARMIENTO-04-768x512.jpg 768w\" sizes=\"auto, (max-width: 800px) 100vw, 800px\" \/><\/p>\n","protected":false},"excerpt":{"rendered":"<p>La Municipalidad de Iglesia organiz\u00f3 y desarroll\u00f3 un sentido homenaje a los Docentes del Departamento que se jubilaron en el<\/p>\n","protected":false},"author":3,"featured_media":91260,"comment_status":"closed","ping_status":"closed","sticky":false,"template":"","format":"standard","meta":{"_acf_changed":false,"_seopress_robots_primary_cat":"none","_seopress_titles_title":"","_seopress_titles_desc":"","_seopress_robots_index":"","colormag_page_container_layout":"default_layout","colormag_page_sidebar_layout":"default_layout","footnotes":""},"categories":[1],"tags":[],"class_list":["post-91250","post","type-post","status-publish","format-standard","has-post-thumbnail","hentry","category-destacadas"],"acf":[],"_links":{"self":[{"href":"https:\/\/vocesparalelas.com.ar\/sitio\/wp-json\/wp\/v2\/posts\/91250","targetHints":{"allow":["GET"]}}],"collection":[{"href":"https:\/\/vocesparalelas.com.ar\/sitio\/wp-json\/wp\/v2\/posts"}],"about":[{"href":"https:\/\/vocesparalelas.com.ar\/sitio\/wp-json\/wp\/v2\/types\/post"}],"author":[{"embeddable":true,"href":"https:\/\/vocesparalelas.com.ar\/sitio\/wp-json\/wp\/v2\/users\/3"}],"replies":[{"embeddable":true,"href":"https:\/\/vocesparalelas.com.ar\/sitio\/wp-json\/wp\/v2\/comments?post=91250"}],"version-history":[{"count":1,"href":"https:\/\/vocesparalelas.com.ar\/sitio\/wp-json\/wp\/v2\/posts\/91250\/revisions"}],"predecessor-version":[{"id":91261,"href":"https:\/\/vocesparalelas.com.ar\/sitio\/wp-json\/wp\/v2\/posts\/91250\/revisions\/91261"}],"wp:featuredmedia":[{"embeddable":true,"href":"https:\/\/vocesparalelas.com.ar\/sitio\/wp-json\/wp\/v2\/media\/91260"}],"wp:attachment":[{"href":"https:\/\/vocesparalelas.com.ar\/sitio\/wp-json\/wp\/v2\/media?parent=91250"}],"wp:term":[{"taxonomy":"category","embeddable":true,"href":"https:\/\/vocesparalelas.com.ar\/sitio\/wp-json\/wp\/v2\/categories?post=91250"},{"taxonomy":"post_tag","embeddable":true,"href":"https:\/\/vocesparalelas.com.ar\/sitio\/wp-json\/wp\/v2\/tags?post=91250"}],"curies":[{"name":"wp","href":"https:\/\/api.w.org\/{rel}","templated":true}]}}