{"id":91245,"date":"2025-09-13T11:23:00","date_gmt":"2025-09-13T14:23:00","guid":{"rendered":"https:\/\/vocesparalelas.com.ar\/sitio\/?p=91245"},"modified":"2025-09-13T15:13:42","modified_gmt":"2025-09-13T18:13:42","slug":"programa-septiembre-2025-en-escuchame-una-cosita-san-juan","status":"publish","type":"post","link":"https:\/\/vocesparalelas.com.ar\/sitio\/programa-septiembre-2025-en-escuchame-una-cosita-san-juan\/","title":{"rendered":"Programa \u00abSeptiembre 2025\u00bb en \u201cEscuchame una cosita\u201d San Juan"},"content":{"rendered":"<p>El ciclo de solistas \u201cEscuchame una cosita\u201d contin\u00faa durante \u00abSeptiembre 2025\u00bb en Donata Bar, con presentaciones los Domingos a las 20 hs. Entrada libre y gratuita<\/p>\n<p>La propuesta re\u00fane a artistas emergentes y consolidados en un formato \u00edntimo, ofreciendo una experiencia cercana donde la m\u00fasica se combina con la calidez del encuentro, la luz tenue y las cervezas artesanales.<\/p>\n<p><strong><span style=\"color: #ff6600;\">Programaci\u00f3n\u00a0 \u00abSeptiembre 2025\u00bb<\/span><\/strong><\/p>\n<ul>\n<li>Domingo 7 de Septiembre: Laski &amp; Ignacio Agulles<\/li>\n<li>Domingo 14 de Septiembre: Eli Dom\u00ednguez &amp; Gaby Tejada<\/li>\n<li>Domingo 21 de Septiembre: Mara D\u00edaz &amp; J-LEE<\/li>\n<li>Domingo 28 de Septiembre: Eugenia Renata &amp; Gabi Lisi<\/li>\n<\/ul>\n<p>El ciclo cuenta con la curadur\u00eda y producci\u00f3n de Fabricio Montilla, la operaci\u00f3n t\u00e9cnica de Lucas Atencio, y el dise\u00f1o gr\u00e1fico de El Hora y Ceci Berra.<\/p>\n<p>\u201cEscuchame una cosita\u201d se consolida como un espacio de encuentro cultural que apuesta por la m\u00fasica en vivo y la creaci\u00f3n colectiva en San Juan.<\/p>\n<p><img loading=\"lazy\" decoding=\"async\" class=\"alignnone size-full wp-image-59803\" src=\"https:\/\/vocesparalelas.com.ar\/sitio\/wp-content\/uploads\/2023\/06\/DONATA-01.jpg\" alt=\"\" width=\"800\" height=\"757\" srcset=\"https:\/\/vocesparalelas.com.ar\/sitio\/wp-content\/uploads\/2023\/06\/DONATA-01.jpg 800w, https:\/\/vocesparalelas.com.ar\/sitio\/wp-content\/uploads\/2023\/06\/DONATA-01-300x284.jpg 300w, https:\/\/vocesparalelas.com.ar\/sitio\/wp-content\/uploads\/2023\/06\/DONATA-01-768x727.jpg 768w\" sizes=\"auto, (max-width: 800px) 100vw, 800px\" \/><\/p>\n","protected":false},"excerpt":{"rendered":"<p>El ciclo de solistas \u201cEscuchame una cosita\u201d contin\u00faa durante \u00abSeptiembre 2025\u00bb en Donata Bar, con presentaciones los Domingos a las<\/p>\n","protected":false},"author":3,"featured_media":91248,"comment_status":"closed","ping_status":"closed","sticky":false,"template":"","format":"standard","meta":{"_acf_changed":false,"_seopress_robots_primary_cat":"none","_seopress_titles_title":"","_seopress_titles_desc":"","_seopress_robots_index":"","colormag_page_container_layout":"default_layout","colormag_page_sidebar_layout":"default_layout","footnotes":""},"categories":[20],"tags":[],"class_list":["post-91245","post","type-post","status-publish","format-standard","has-post-thumbnail","hentry","category-cartelera"],"acf":[],"_links":{"self":[{"href":"https:\/\/vocesparalelas.com.ar\/sitio\/wp-json\/wp\/v2\/posts\/91245","targetHints":{"allow":["GET"]}}],"collection":[{"href":"https:\/\/vocesparalelas.com.ar\/sitio\/wp-json\/wp\/v2\/posts"}],"about":[{"href":"https:\/\/vocesparalelas.com.ar\/sitio\/wp-json\/wp\/v2\/types\/post"}],"author":[{"embeddable":true,"href":"https:\/\/vocesparalelas.com.ar\/sitio\/wp-json\/wp\/v2\/users\/3"}],"replies":[{"embeddable":true,"href":"https:\/\/vocesparalelas.com.ar\/sitio\/wp-json\/wp\/v2\/comments?post=91245"}],"version-history":[{"count":1,"href":"https:\/\/vocesparalelas.com.ar\/sitio\/wp-json\/wp\/v2\/posts\/91245\/revisions"}],"predecessor-version":[{"id":91249,"href":"https:\/\/vocesparalelas.com.ar\/sitio\/wp-json\/wp\/v2\/posts\/91245\/revisions\/91249"}],"wp:featuredmedia":[{"embeddable":true,"href":"https:\/\/vocesparalelas.com.ar\/sitio\/wp-json\/wp\/v2\/media\/91248"}],"wp:attachment":[{"href":"https:\/\/vocesparalelas.com.ar\/sitio\/wp-json\/wp\/v2\/media?parent=91245"}],"wp:term":[{"taxonomy":"category","embeddable":true,"href":"https:\/\/vocesparalelas.com.ar\/sitio\/wp-json\/wp\/v2\/categories?post=91245"},{"taxonomy":"post_tag","embeddable":true,"href":"https:\/\/vocesparalelas.com.ar\/sitio\/wp-json\/wp\/v2\/tags?post=91245"}],"curies":[{"name":"wp","href":"https:\/\/api.w.org\/{rel}","templated":true}]}}