{"id":91241,"date":"2025-09-13T11:01:16","date_gmt":"2025-09-13T14:01:16","guid":{"rendered":"https:\/\/vocesparalelas.com.ar\/sitio\/?p=91241"},"modified":"2025-09-13T11:01:16","modified_gmt":"2025-09-13T14:01:16","slug":"aviso-importante-por-el-viento-zonda-se-suspende-la-expo-oliva-organizada-para-el-sabado-13-y-pasa-al-domino-14-de-septiembre-en-san-juan","status":"publish","type":"post","link":"https:\/\/vocesparalelas.com.ar\/sitio\/aviso-importante-por-el-viento-zonda-se-suspende-la-expo-oliva-organizada-para-el-sabado-13-y-pasa-al-domino-14-de-septiembre-en-san-juan\/","title":{"rendered":"Aviso importante por el Viento Zonda se suspende la Expo Oliva organizada para el S\u00e1bado, 13 y pasa al Domino, 14 de Septiembre en San Juan"},"content":{"rendered":"<p>Las actividades previstas, concurso de pizzas y degustaci\u00f3n de aceites de oliva virgen extra se concentrar\u00e1n en la jornada del domingo. Debido al Alerta Meteorol\u00f3gica por fuertes r\u00e1fagas de viento zonda pronosticado, desde el Ministerio de Producci\u00f3n, Trabajo e Innovaci\u00f3n se informa que las actividades de Expo Oliva quedan suspendidas para el S\u00e1bado, 13 de Septiembre.<\/p>\n<p>En tanto la jornada prevista para el Domingo, 14 de Septiembre se extiende una hora. La Expo Oliva, organizada este a\u00f1o en el marco del Concurso Internacional Mario Solinas, es de 17.00 a 00.00 horas.<\/p>\n<p>Expo Oliv\u00edcola \u2013 El domingo, 14 de Septiembre, en el Centro de Convenciones Barrena Guzm\u00e1n, de 17 a 24 h<br \/>\nDurante el fin de semana, el p\u00fablico puede recorrer stands de empresas oliv\u00edcolas, degustar y adquirir productos. La propuesta se completa con food trucks, degustaciones y sorteos.<\/p>\n<p>El director de Comercio Exterior, Lic. Adri\u00e1n Alonso, destac\u00f3 que \u201ceste evento es una oportunidad para consolidar a San Juan como referente del sector oliv\u00edcola\u201d.<\/p>\n<p>La organizaci\u00f3n es posible gracias al trabajo conjunto de la Agencia Argentina de Inversi\u00f3n y Comercio Internacional, el Consejo Federal de Inversiones, el Ministerio de Producci\u00f3n, la C\u00e1mara Oliv\u00edcola de San Juan y el Centro de Ingenieros Agr\u00f3nomos.<\/p>\n<p><img loading=\"lazy\" decoding=\"async\" class=\"alignnone size-full wp-image-65642\" src=\"https:\/\/vocesparalelas.com.ar\/sitio\/wp-content\/uploads\/2023\/11\/GOBIERNO-SAN-JUAN.jpg\" alt=\"\" width=\"800\" height=\"600\" srcset=\"https:\/\/vocesparalelas.com.ar\/sitio\/wp-content\/uploads\/2023\/11\/GOBIERNO-SAN-JUAN.jpg 800w, https:\/\/vocesparalelas.com.ar\/sitio\/wp-content\/uploads\/2023\/11\/GOBIERNO-SAN-JUAN-300x225.jpg 300w, https:\/\/vocesparalelas.com.ar\/sitio\/wp-content\/uploads\/2023\/11\/GOBIERNO-SAN-JUAN-768x576.jpg 768w\" sizes=\"auto, (max-width: 800px) 100vw, 800px\" \/><\/p>\n","protected":false},"excerpt":{"rendered":"<p>Las actividades previstas, concurso de pizzas y degustaci\u00f3n de aceites de oliva virgen extra se concentrar\u00e1n en la jornada del<\/p>\n","protected":false},"author":3,"featured_media":41273,"comment_status":"closed","ping_status":"closed","sticky":false,"template":"","format":"standard","meta":{"_acf_changed":false,"_seopress_robots_primary_cat":"none","_seopress_titles_title":"","_seopress_titles_desc":"","_seopress_robots_index":"","colormag_page_container_layout":"default_layout","colormag_page_sidebar_layout":"default_layout","footnotes":""},"categories":[1],"tags":[],"class_list":["post-91241","post","type-post","status-publish","format-standard","has-post-thumbnail","hentry","category-destacadas"],"acf":[],"_links":{"self":[{"href":"https:\/\/vocesparalelas.com.ar\/sitio\/wp-json\/wp\/v2\/posts\/91241","targetHints":{"allow":["GET"]}}],"collection":[{"href":"https:\/\/vocesparalelas.com.ar\/sitio\/wp-json\/wp\/v2\/posts"}],"about":[{"href":"https:\/\/vocesparalelas.com.ar\/sitio\/wp-json\/wp\/v2\/types\/post"}],"author":[{"embeddable":true,"href":"https:\/\/vocesparalelas.com.ar\/sitio\/wp-json\/wp\/v2\/users\/3"}],"replies":[{"embeddable":true,"href":"https:\/\/vocesparalelas.com.ar\/sitio\/wp-json\/wp\/v2\/comments?post=91241"}],"version-history":[{"count":1,"href":"https:\/\/vocesparalelas.com.ar\/sitio\/wp-json\/wp\/v2\/posts\/91241\/revisions"}],"predecessor-version":[{"id":91244,"href":"https:\/\/vocesparalelas.com.ar\/sitio\/wp-json\/wp\/v2\/posts\/91241\/revisions\/91244"}],"wp:featuredmedia":[{"embeddable":true,"href":"https:\/\/vocesparalelas.com.ar\/sitio\/wp-json\/wp\/v2\/media\/41273"}],"wp:attachment":[{"href":"https:\/\/vocesparalelas.com.ar\/sitio\/wp-json\/wp\/v2\/media?parent=91241"}],"wp:term":[{"taxonomy":"category","embeddable":true,"href":"https:\/\/vocesparalelas.com.ar\/sitio\/wp-json\/wp\/v2\/categories?post=91241"},{"taxonomy":"post_tag","embeddable":true,"href":"https:\/\/vocesparalelas.com.ar\/sitio\/wp-json\/wp\/v2\/tags?post=91241"}],"curies":[{"name":"wp","href":"https:\/\/api.w.org\/{rel}","templated":true}]}}