{"id":91236,"date":"2025-09-14T12:03:02","date_gmt":"2025-09-14T15:03:02","guid":{"rendered":"https:\/\/vocesparalelas.com.ar\/sitio\/?p=91236"},"modified":"2025-09-15T22:36:22","modified_gmt":"2025-09-16T01:36:22","slug":"marcha-federal-universitaria-argentina-hacia-el-congreso-nacional","status":"publish","type":"post","link":"https:\/\/vocesparalelas.com.ar\/sitio\/marcha-federal-universitaria-argentina-hacia-el-congreso-nacional\/","title":{"rendered":"Marcha Federal Universitaria Argentina hacia el Congreso Nacional"},"content":{"rendered":"<p>El Mi\u00e9rcoles, 17 de Septiembre, se desarrolla la Marcha Federal Universitaria Argentina al Congreso y en todo el pa\u00eds. Sumate a defender la Universidad P\u00fablica y no al Veto del Presidente.<\/p>\n<p>Frente a esta situaci\u00f3n el Rector de la UNSJ, In. Tadeo Berenguer, hizo una firme declaraci\u00f3n y llamado a los legisladores Nacionales.<\/p>\n<p><iframe loading=\"lazy\" title=\"UNSJ  RECTOR ING TADEO BERENGUER\" width=\"563\" height=\"1000\" src=\"https:\/\/www.youtube.com\/embed\/cbv01b4E9iw?feature=oembed\" frameborder=\"0\" allow=\"accelerometer; autoplay; clipboard-write; encrypted-media; gyroscope; picture-in-picture; web-share\" referrerpolicy=\"strict-origin-when-cross-origin\" allowfullscreen><\/iframe><\/p>\n<p>La reacci\u00f3n de la Comunidad Universitaria de San Juan donde explican que sucede con las Universidades Nacionales sin el Financiamiento Universitario y la necesidad de Defenderla.<\/p>\n<p><iframe loading=\"lazy\" title=\"UNIVERSIDAD NACIONAL DE SAN JUAN\" width=\"563\" height=\"1000\" src=\"https:\/\/www.youtube.com\/embed\/G1O0KtL5xoY?feature=oembed\" frameborder=\"0\" allow=\"accelerometer; autoplay; clipboard-write; encrypted-media; gyroscope; picture-in-picture; web-share\" referrerpolicy=\"strict-origin-when-cross-origin\" allowfullscreen><\/iframe><\/p>\n<p>La necesidad del Financiamiento Universitario y el pedido de las autoridades de la UNSJ y de las Unidades Acad\u00e9micas.<\/p>\n<p><iframe loading=\"lazy\" title=\"UNSJ POR EL FINANCINAMIENTO UNIVERSITARIO DE ARGENTINA\" width=\"563\" height=\"1000\" src=\"https:\/\/www.youtube.com\/embed\/F6tMlROaU4M?feature=oembed\" frameborder=\"0\" allow=\"accelerometer; autoplay; clipboard-write; encrypted-media; gyroscope; picture-in-picture; web-share\" referrerpolicy=\"strict-origin-when-cross-origin\" allowfullscreen><\/iframe><\/p>\n<p>&nbsp;<\/p>\n<p>Hay que defender la Universidad Nacional p\u00fablica.<\/p>\n<p><iframe loading=\"lazy\" title=\"UNSJ HIMNO NACIONAL ARGENTINO DEFENDAMOS LA UNIVERSIDAD PUBLICA Y GRATUITA\" width=\"800\" height=\"450\" src=\"https:\/\/www.youtube.com\/embed\/YmJuUZUpkj0?feature=oembed\" frameborder=\"0\" allow=\"accelerometer; autoplay; clipboard-write; encrypted-media; gyroscope; picture-in-picture; web-share\" referrerpolicy=\"strict-origin-when-cross-origin\" allowfullscreen><\/iframe><\/p>\n<p>&nbsp;<\/p>\n<blockquote class=\"wp-embedded-content\" data-secret=\"DKR00bfMHr\"><p><a href=\"https:\/\/vocesparalelas.com.ar\/sitio\/veto-la-ley-de-financiamiento-universitario-de-argentina-y-lo-envio-al-congreso\/\">Vet\u00f3 la Ley de Financiamiento Universitario de Argentina y lo envi\u00f3 al Congreso<\/a><\/p><\/blockquote>\n<p><iframe loading=\"lazy\" class=\"wp-embedded-content\" sandbox=\"allow-scripts\" security=\"restricted\" style=\"position: absolute; visibility: hidden;\" title=\"\u00abVet\u00f3 la Ley de Financiamiento Universitario de Argentina y lo envi\u00f3 al Congreso\u00bb \u2014 Voces Paralelas\" src=\"https:\/\/vocesparalelas.com.ar\/sitio\/veto-la-ley-de-financiamiento-universitario-de-argentina-y-lo-envio-al-congreso\/embed\/#?secret=XPbx70pC1C#?secret=DKR00bfMHr\" data-secret=\"DKR00bfMHr\" width=\"600\" height=\"338\" frameborder=\"0\" marginwidth=\"0\" marginheight=\"0\" scrolling=\"no\"><\/iframe><\/p>\n","protected":false},"excerpt":{"rendered":"<p>El Mi\u00e9rcoles, 17 de Septiembre, se desarrolla la Marcha Federal Universitaria Argentina al Congreso y en todo el pa\u00eds. Sumate<\/p>\n","protected":false},"author":3,"featured_media":14498,"comment_status":"closed","ping_status":"closed","sticky":false,"template":"","format":"standard","meta":{"_acf_changed":false,"_seopress_robots_primary_cat":"none","_seopress_titles_title":"","_seopress_titles_desc":"","_seopress_robots_index":"","colormag_page_container_layout":"default_layout","colormag_page_sidebar_layout":"default_layout","footnotes":""},"categories":[6,7],"tags":[],"class_list":["post-91236","post","type-post","status-publish","format-standard","has-post-thumbnail","hentry","category-eventos","category-videos"],"acf":[],"_links":{"self":[{"href":"https:\/\/vocesparalelas.com.ar\/sitio\/wp-json\/wp\/v2\/posts\/91236","targetHints":{"allow":["GET"]}}],"collection":[{"href":"https:\/\/vocesparalelas.com.ar\/sitio\/wp-json\/wp\/v2\/posts"}],"about":[{"href":"https:\/\/vocesparalelas.com.ar\/sitio\/wp-json\/wp\/v2\/types\/post"}],"author":[{"embeddable":true,"href":"https:\/\/vocesparalelas.com.ar\/sitio\/wp-json\/wp\/v2\/users\/3"}],"replies":[{"embeddable":true,"href":"https:\/\/vocesparalelas.com.ar\/sitio\/wp-json\/wp\/v2\/comments?post=91236"}],"version-history":[{"count":3,"href":"https:\/\/vocesparalelas.com.ar\/sitio\/wp-json\/wp\/v2\/posts\/91236\/revisions"}],"predecessor-version":[{"id":91270,"href":"https:\/\/vocesparalelas.com.ar\/sitio\/wp-json\/wp\/v2\/posts\/91236\/revisions\/91270"}],"wp:featuredmedia":[{"embeddable":true,"href":"https:\/\/vocesparalelas.com.ar\/sitio\/wp-json\/wp\/v2\/media\/14498"}],"wp:attachment":[{"href":"https:\/\/vocesparalelas.com.ar\/sitio\/wp-json\/wp\/v2\/media?parent=91236"}],"wp:term":[{"taxonomy":"category","embeddable":true,"href":"https:\/\/vocesparalelas.com.ar\/sitio\/wp-json\/wp\/v2\/categories?post=91236"},{"taxonomy":"post_tag","embeddable":true,"href":"https:\/\/vocesparalelas.com.ar\/sitio\/wp-json\/wp\/v2\/tags?post=91236"}],"curies":[{"name":"wp","href":"https:\/\/api.w.org\/{rel}","templated":true}]}}