{"id":91221,"date":"2025-09-12T18:33:56","date_gmt":"2025-09-12T21:33:56","guid":{"rendered":"https:\/\/vocesparalelas.com.ar\/sitio\/?p=91221"},"modified":"2025-09-15T22:57:39","modified_gmt":"2025-09-16T01:57:39","slug":"la-catedra-de-piano-de-la-ffha-de-la-unsj-presenta-alumnos-en-su-primer-concierto","status":"publish","type":"post","link":"https:\/\/vocesparalelas.com.ar\/sitio\/la-catedra-de-piano-de-la-ffha-de-la-unsj-presenta-alumnos-en-su-primer-concierto\/","title":{"rendered":"La C\u00e1tedra de Piano de la FFHA de la UNSJ presenta alumnos en su primer concierto"},"content":{"rendered":"<p>El Jueves, 18 de Septiembre, a las 17:30 s.; en el Aula 10 del Auditorio Ing. Juan Victoria, con entrada libre y gratuita, los estudiantes de la c\u00e1tedra de piano del Profesorado y la Licenciatura en Educaci\u00f3n Musical de la Facultad de Filosof\u00eda, Humanidades y Artes de la Universidad Nacional de San Juan presentan un recital especial en el que comparten lo aprendido durante 2025.<\/p>\n<p>Si bien pueden participar en este recital estudiantes de 1\u00b0 a 3\u00b0 a\u00f1o, en esta oportunidad la actividad est\u00e1 m\u00e1s orientada a aquellos que dan un concierto por primera vez para el p\u00fablico.<\/p>\n<p>El repertorio a ejecutar es variado, se escucha m\u00fasica de compositores de la historia occidental acad\u00e9mica; m\u00fasica folcl\u00f3rica argentina, m\u00fasica infantil, y el concierto estar\u00e1 enriquecido con ensambles, uso de t\u00edteres, danza, entre otros.<\/p>\n<figure id=\"attachment_61468\" aria-describedby=\"caption-attachment-61468\" style=\"width: 800px\" class=\"wp-caption alignnone\"><img loading=\"lazy\" decoding=\"async\" class=\"size-full wp-image-61468\" src=\"https:\/\/vocesparalelas.com.ar\/sitio\/wp-content\/uploads\/2023\/07\/AUDITORIO-EDIFICIO.jpg\" alt=\"\" width=\"800\" height=\"533\" srcset=\"https:\/\/vocesparalelas.com.ar\/sitio\/wp-content\/uploads\/2023\/07\/AUDITORIO-EDIFICIO.jpg 800w, https:\/\/vocesparalelas.com.ar\/sitio\/wp-content\/uploads\/2023\/07\/AUDITORIO-EDIFICIO-300x200.jpg 300w, https:\/\/vocesparalelas.com.ar\/sitio\/wp-content\/uploads\/2023\/07\/AUDITORIO-EDIFICIO-768x512.jpg 768w\" sizes=\"auto, (max-width: 800px) 100vw, 800px\" \/><figcaption id=\"caption-attachment-61468\" class=\"wp-caption-text\">Auditorio Ing. Juan Victoria, Departamento Capital, Provincia San Juan, Rep\u00fablica Argentita<\/figcaption><\/figure>\n","protected":false},"excerpt":{"rendered":"<p>El Jueves, 18 de Septiembre, a las 17:30 s.; en el Aula 10 del Auditorio Ing. Juan Victoria, con entrada<\/p>\n","protected":false},"author":3,"featured_media":25513,"comment_status":"closed","ping_status":"closed","sticky":false,"template":"","format":"standard","meta":{"_acf_changed":false,"_seopress_robots_primary_cat":"none","_seopress_titles_title":"","_seopress_titles_desc":"","_seopress_robots_index":"","colormag_page_container_layout":"default_layout","colormag_page_sidebar_layout":"default_layout","footnotes":""},"categories":[20],"tags":[],"class_list":["post-91221","post","type-post","status-publish","format-standard","has-post-thumbnail","hentry","category-cartelera"],"acf":[],"_links":{"self":[{"href":"https:\/\/vocesparalelas.com.ar\/sitio\/wp-json\/wp\/v2\/posts\/91221","targetHints":{"allow":["GET"]}}],"collection":[{"href":"https:\/\/vocesparalelas.com.ar\/sitio\/wp-json\/wp\/v2\/posts"}],"about":[{"href":"https:\/\/vocesparalelas.com.ar\/sitio\/wp-json\/wp\/v2\/types\/post"}],"author":[{"embeddable":true,"href":"https:\/\/vocesparalelas.com.ar\/sitio\/wp-json\/wp\/v2\/users\/3"}],"replies":[{"embeddable":true,"href":"https:\/\/vocesparalelas.com.ar\/sitio\/wp-json\/wp\/v2\/comments?post=91221"}],"version-history":[{"count":3,"href":"https:\/\/vocesparalelas.com.ar\/sitio\/wp-json\/wp\/v2\/posts\/91221\/revisions"}],"predecessor-version":[{"id":91226,"href":"https:\/\/vocesparalelas.com.ar\/sitio\/wp-json\/wp\/v2\/posts\/91221\/revisions\/91226"}],"wp:featuredmedia":[{"embeddable":true,"href":"https:\/\/vocesparalelas.com.ar\/sitio\/wp-json\/wp\/v2\/media\/25513"}],"wp:attachment":[{"href":"https:\/\/vocesparalelas.com.ar\/sitio\/wp-json\/wp\/v2\/media?parent=91221"}],"wp:term":[{"taxonomy":"category","embeddable":true,"href":"https:\/\/vocesparalelas.com.ar\/sitio\/wp-json\/wp\/v2\/categories?post=91221"},{"taxonomy":"post_tag","embeddable":true,"href":"https:\/\/vocesparalelas.com.ar\/sitio\/wp-json\/wp\/v2\/tags?post=91221"}],"curies":[{"name":"wp","href":"https:\/\/api.w.org\/{rel}","templated":true}]}}