{"id":91216,"date":"2025-09-12T18:26:56","date_gmt":"2025-09-12T21:26:56","guid":{"rendered":"https:\/\/vocesparalelas.com.ar\/sitio\/?p=91216"},"modified":"2025-09-12T18:26:56","modified_gmt":"2025-09-12T21:26:56","slug":"repavimentan-los-accesos-de-entrada-y-salida-de-la-avda-circunvalacion-de-san-juan","status":"publish","type":"post","link":"https:\/\/vocesparalelas.com.ar\/sitio\/repavimentan-los-accesos-de-entrada-y-salida-de-la-avda-circunvalacion-de-san-juan\/","title":{"rendered":"Repavimentan los accesos de entrada y salida de la Avda. Circunvalaci\u00f3n de San Juan"},"content":{"rendered":"<p>El\u00a0Ministerio de Infraestructura, Agua y Energ\u00eda del Gobierno de San Juan, a trav\u00e9s de la\u00a0Direcci\u00f3n Provincial de Vialidad &#8211; DPV -, inici\u00f3 las obras de\u00a0mantenimiento y repavimentaci\u00f3n\u00a0de las rampas de acceso y egreso de la\u00a0Avenida Circunvalaci\u00f3n, RN A-014.<\/p>\n<p>Las tareas comenzaron el 1 de Septiembre de 2025 y forman parte de un plan de conservaci\u00f3n y modernizaci\u00f3n de esta v\u00eda estrat\u00e9gica para el tr\u00e1nsito vehicular.<\/p>\n<p>La Circunvalaci\u00f3n tiene en total\u00a067 rampas, entre ingresos y egresos. Los primeros trabajos se concentran en los accesos de\u00a0calle 9 de Julio Oeste\u00a0y se extender\u00e1n progresivamente a las rampas de\u00a0Avenida Urquiza, Avenida Espa\u00f1a\u00a0y las restantes, avanzando en\u00a0sentido antihorario\u00a0seg\u00fan la circulaci\u00f3n del\u00a0anillo externo.<\/p>\n<p>Las intervenciones comprenden un proceso que comienza con la\u00a0limpieza de la calzada, la preparaci\u00f3n de\u00a0bases de asiento de banquinas\u00a0y el\u00a0bacheo localizado\u00a0en sectores puntuales, seguido de la aplicaci\u00f3n de\u00a0riego de liga\u00a0y la posterior colocaci\u00f3n de una\u00a0carpeta asf\u00e1ltica de cinco cent\u00edmetros de espesor.<\/p>\n<p>El objetivo es\u00a0mejorar la transitabilidad, prolongar la vida \u00fatil de la calzada y reforzar la seguridad vial\u00a0en los ingresos y salidas de la autopista, beneficiando a miles de conductores que utilizan la Circunvalaci\u00f3n a diario.<\/p>\n<p><span style=\"color: #ff6600;\"><strong>Continuidad del plan de mantenimiento<\/strong><\/span><\/p>\n<p>En paralelo a estas obras, el\u00a0Departamento de Conservaci\u00f3n de la DPV\u00a0sostiene un plan integral en la avenida, que ya permiti\u00f3\u00a0renovar m\u00e1s de 2.200 metros de calzada, recambiar 1.000 metros de barandas met\u00e1licas y actualizar 24 p\u00f3rticos con carteler\u00eda reflectiva, adem\u00e1s de la\u00a0limpieza de desag\u00fces, banquinas y cantero central. Estas acciones, sumadas a la\u00a0repavimentaci\u00f3n de rampas, refuerzan el\u00a0compromiso provincial con la seguridad y eficiencia\u00a0de una de las arterias m\u00e1s importantes de San Juan.<\/p>\n<p>&nbsp;<\/p>\n<p><img loading=\"lazy\" decoding=\"async\" class=\"alignnone size-large wp-image-9554\" src=\"https:\/\/vocesparalelas.com.ar\/sitio\/wp-content\/uploads\/2018\/01\/CIRCUNVALACION-800x450.jpg\" alt=\"\" width=\"800\" height=\"450\" srcset=\"https:\/\/vocesparalelas.com.ar\/sitio\/wp-content\/uploads\/2018\/01\/CIRCUNVALACION-800x450.jpg 800w, https:\/\/vocesparalelas.com.ar\/sitio\/wp-content\/uploads\/2018\/01\/CIRCUNVALACION-300x169.jpg 300w, https:\/\/vocesparalelas.com.ar\/sitio\/wp-content\/uploads\/2018\/01\/CIRCUNVALACION-768x432.jpg 768w, https:\/\/vocesparalelas.com.ar\/sitio\/wp-content\/uploads\/2018\/01\/CIRCUNVALACION.jpg 1024w\" sizes=\"auto, (max-width: 800px) 100vw, 800px\" \/><\/p>\n","protected":false},"excerpt":{"rendered":"<p>El\u00a0Ministerio de Infraestructura, Agua y Energ\u00eda del Gobierno de San Juan, a trav\u00e9s de la\u00a0Direcci\u00f3n Provincial de Vialidad &#8211; DPV<\/p>\n","protected":false},"author":3,"featured_media":91219,"comment_status":"closed","ping_status":"closed","sticky":false,"template":"","format":"standard","meta":{"_acf_changed":false,"_seopress_robots_primary_cat":"none","_seopress_titles_title":"","_seopress_titles_desc":"","_seopress_robots_index":"","colormag_page_container_layout":"default_layout","colormag_page_sidebar_layout":"default_layout","footnotes":""},"categories":[1],"tags":[],"class_list":["post-91216","post","type-post","status-publish","format-standard","has-post-thumbnail","hentry","category-destacadas"],"acf":[],"_links":{"self":[{"href":"https:\/\/vocesparalelas.com.ar\/sitio\/wp-json\/wp\/v2\/posts\/91216","targetHints":{"allow":["GET"]}}],"collection":[{"href":"https:\/\/vocesparalelas.com.ar\/sitio\/wp-json\/wp\/v2\/posts"}],"about":[{"href":"https:\/\/vocesparalelas.com.ar\/sitio\/wp-json\/wp\/v2\/types\/post"}],"author":[{"embeddable":true,"href":"https:\/\/vocesparalelas.com.ar\/sitio\/wp-json\/wp\/v2\/users\/3"}],"replies":[{"embeddable":true,"href":"https:\/\/vocesparalelas.com.ar\/sitio\/wp-json\/wp\/v2\/comments?post=91216"}],"version-history":[{"count":1,"href":"https:\/\/vocesparalelas.com.ar\/sitio\/wp-json\/wp\/v2\/posts\/91216\/revisions"}],"predecessor-version":[{"id":91220,"href":"https:\/\/vocesparalelas.com.ar\/sitio\/wp-json\/wp\/v2\/posts\/91216\/revisions\/91220"}],"wp:featuredmedia":[{"embeddable":true,"href":"https:\/\/vocesparalelas.com.ar\/sitio\/wp-json\/wp\/v2\/media\/91219"}],"wp:attachment":[{"href":"https:\/\/vocesparalelas.com.ar\/sitio\/wp-json\/wp\/v2\/media?parent=91216"}],"wp:term":[{"taxonomy":"category","embeddable":true,"href":"https:\/\/vocesparalelas.com.ar\/sitio\/wp-json\/wp\/v2\/categories?post=91216"},{"taxonomy":"post_tag","embeddable":true,"href":"https:\/\/vocesparalelas.com.ar\/sitio\/wp-json\/wp\/v2\/tags?post=91216"}],"curies":[{"name":"wp","href":"https:\/\/api.w.org\/{rel}","templated":true}]}}