{"id":91211,"date":"2025-09-12T18:20:14","date_gmt":"2025-09-12T21:20:14","guid":{"rendered":"https:\/\/vocesparalelas.com.ar\/sitio\/?p=91211"},"modified":"2025-09-12T18:20:14","modified_gmt":"2025-09-12T21:20:14","slug":"se-inauguro-el-sector-5-del-servicio-penitenciario-provincial-de-san-juan","status":"publish","type":"post","link":"https:\/\/vocesparalelas.com.ar\/sitio\/se-inauguro-el-sector-5-del-servicio-penitenciario-provincial-de-san-juan\/","title":{"rendered":"Se inaugur\u00f3 el sector 5 del Servicio Penitenciario Provincial de San Juan"},"content":{"rendered":"<p>Orrego inaugur\u00f3 el nuevo sector del Servicio Penitenciario Provincia con m\u00e1s capacidad y tecnolog\u00eda de avanzada<\/p>\n<p>El gobernador de San Juan, Dr. Marcelo Orrego junto al Vicegobernador, Dr. Fabi\u00e1n Mart\u00edn presidieron la inauguraci\u00f3n del nuevo Sector 5 del Servicio Penitenciario Provincial &#8211; SPP -, Departamento Chimbas. La obra incorpora 236 nuevas plazas y refuerza la seguridad institucional con tecnolog\u00eda de \u00faltima generaci\u00f3n<\/p>\n<p>Acompa\u00f1aron, los ministros de Infraestructura, Agua y Energ\u00eda, Arq. Fernando Perea; de Gobierno, Dra. Laura Palma; de Familia y Desarrollo Humano, Prof. Carlos Platero; director del SPP, Carlos Su\u00e1rez; jefe de la Polic\u00eda de San Juan, Marcelo \u00c1lvarez, presidenta de la Corte de Justicia, Dra. Adriana Garc\u00eda Nieto, entre otros.<\/p>\n<p>En este marco, adem\u00e1s se realiz\u00f3 el nombramiento de 118 hombres y mujeres que pasan a ser parte del SSP. Son 22 t\u00e9cnicos y 96 diplomados en Seguridad Ciudadana<\/p>\n<p>En este contexto, el Gobernador de San Juan, Dr. Marcelo Orrego manifest\u00f3 que \u00abfelicito a los nuevos integrantes del servicio penitenciario provincial y a sus familias por el esfuerzo que hoy ya es tangible. Reci\u00e9n inauguramos el sector cinco, con 236 celdas nuevas, y en poco tiempo habilitaremos m\u00e1s espacios para mejorar las condiciones de los internos. Este gobierno, aun con recursos limitados, sigue haciendo obras esenciales como hospitales, escuelas y pavimentos, porque creemos que unidos y con austeridad no hay obst\u00e1culo que no podamos superar. A los nuevos y actuales integrantes de la instituci\u00f3n, y a sus familias, les digo que cuenten conmigo y con el vicegobernador; vinimos a la pol\u00edtica para servir y escuchar, y siempre con la tenacidad de levantarnos y seguir adelante. Que Dios los bendiga, viva el servicio penitenciario provincial y viva San Juan.\u201d<\/p>\n<p>Por su lado, el Vicegobernador, Dr. Fabi\u00e1n Mart\u00edn subray\u00f3 que \u00abes un orgullo contar con esta nueva obra, un pabell\u00f3n con m\u00e1s de 236 celdas, que fortalece la seguridad de la provincia y contribuye a la rehabilitaci\u00f3n de los reos para su reinserci\u00f3n social. Destaco adem\u00e1s que, pese a contar con apenas el 60\u202f% de los recursos de gestiones anteriores, esta administraci\u00f3n inaugura diariamente obras como pabellones, escuelas, pavimentos y centros de salud. Tambi\u00e9n saludo a los nuevos oficiales y penitenciarios que hoy se incorporan, dese\u00e1ndoles sabidur\u00eda y templanza para cumplir su labor, y reconozco el esfuerzo de sus familias y del personal que los capacit\u00f3\u201d.<\/p>\n<p>El nuevo m\u00f3dulo fue dise\u00f1ado para ampliar la capacidad de plazas, ofreciendo una mejor organizaci\u00f3n frente a la creciente demanda del sistema judicial. Uno de los ejes m\u00e1s destacados es la incorporaci\u00f3n de un moderno sistema de videovigilancia. Se instalaron c\u00e1maras equipadas con inteligencia artificial, capaces de reconocer rostros y detectar objetos en movimiento.<\/p>\n<p>El equipamiento cuenta con grabadores que realizan an\u00e1lisis de imagen en tiempo real. De esta forma, se complementa la tarea de las c\u00e1maras y se garantiza un registro de alta precisi\u00f3n para fortalecer la seguridad.<\/p>\n<p>La tecnolog\u00eda tambi\u00e9n permite analizar interacciones y estimar tiempos de conversaci\u00f3n. A trav\u00e9s de listas blancas y negras, el sistema genera alertas inmediatas para diferenciar personas autorizadas de aquellas que no lo est\u00e1n.<\/p>\n<p>La plataforma es actualizable y recibe mejoras de software de manera constante. Esto asegura que la vigilancia del SPP est\u00e9 siempre alineada con los est\u00e1ndares m\u00e1s altos de seguridad a nivel nacional e internacional.<\/p>\n<p>Cabe destacar que la construcci\u00f3n de este nuevo espacio responde a la creciente demanda del sistema judicial en San Juan. Desde la implementaci\u00f3n del Sistema Acusatorio Adversarial y del procedimiento de Flagrancia, aument\u00f3 la cantidad de condenas efectivas y, en consecuencia, el n\u00famero de personas privadas de la libertad. Frente a este escenario, el Gobierno de San Juan consider\u00f3 necesario ampliar la capacidad de alojamiento y dotar de mejores herramientas al personal penitenciario.<\/p>\n<p><iframe loading=\"lazy\" title=\"Orrego inaugur\u00f3 el nuevo sector del Servicio Penitenciario Provincial\" width=\"800\" height=\"450\" src=\"https:\/\/www.youtube.com\/embed\/6B0lEEdZbF0?feature=oembed\" frameborder=\"0\" allow=\"accelerometer; autoplay; clipboard-write; encrypted-media; gyroscope; picture-in-picture; web-share\" referrerpolicy=\"strict-origin-when-cross-origin\" allowfullscreen><\/iframe><\/p>\n<p><span style=\"color: #ff6600;\"><strong>El nuevo Sector 5, en detalle<\/strong><\/span><\/p>\n<p>Este nuevo espacio ocupa una superficie total de 15.100 m2, y se divide en 4 \u00e1reas principales, entre las que se destaca la destinada a la persona privada de la libertad, la cual incluye: 58 celdas comunes y 1 para discapacitados; un patio; sal\u00f3n de d\u00eda equipado con mesas y bancos fijos; sanitarios; duchas; sector de lavado, y mesada con anafes, todo con equipamiento antivand\u00e1lico.<\/p>\n<p>Por su parte, el \u00e1rea destinada al personal penitenciario incluye un puesto de control de dos niveles, ubicado estrat\u00e9gicamente para lograr una supervisi\u00f3n completa del pabell\u00f3n, y con accesos y salidas totalmente independientes, para resguardar la integridad del Agente. A su vez, se construy\u00f3 un nuevo sector de sanitarios y oficinas.<\/p>\n<p>Tambi\u00e9n, este sector contempla un \u00e1rea destinada a tratamiento, donde cada pabell\u00f3n cuenta con 3 salas de entrevistas para el trabajo de psic\u00f3logos, soci\u00f3logos, y agentes de sanidad, entre otros. Asimismo, cuenta con \u00e1reas de apoyo y servicio, las cuales incluyen una sala de m\u00e1quinas, plenos t\u00e9cnicos, vigilancia, esclusa y salida de emergencia, y esclusa y entrada antimot\u00edn.<\/p>\n<p>Adem\u00e1s, incluye obras complementarias como un sal\u00f3n para visitas familiares y un sal\u00f3n de usos m\u00faltiples, ambos con capacidad para 200 personas, con sanitarios, patios de juegos y cocina; una guardia interna para el personal, con vestuarios, dormitorios y lockers, entre otras comodidades; y un sector de Salud, con enfermer\u00eda y consultorio m\u00e9dico.<\/p>\n<p><img loading=\"lazy\" decoding=\"async\" class=\"alignnone size-full wp-image-65642\" src=\"https:\/\/vocesparalelas.com.ar\/sitio\/wp-content\/uploads\/2023\/11\/GOBIERNO-SAN-JUAN.jpg\" alt=\"\" width=\"800\" height=\"600\" srcset=\"https:\/\/vocesparalelas.com.ar\/sitio\/wp-content\/uploads\/2023\/11\/GOBIERNO-SAN-JUAN.jpg 800w, https:\/\/vocesparalelas.com.ar\/sitio\/wp-content\/uploads\/2023\/11\/GOBIERNO-SAN-JUAN-300x225.jpg 300w, https:\/\/vocesparalelas.com.ar\/sitio\/wp-content\/uploads\/2023\/11\/GOBIERNO-SAN-JUAN-768x576.jpg 768w\" sizes=\"auto, (max-width: 800px) 100vw, 800px\" \/><\/p>\n<p>&nbsp;<\/p>\n","protected":false},"excerpt":{"rendered":"<p>Orrego inaugur\u00f3 el nuevo sector del Servicio Penitenciario Provincia con m\u00e1s capacidad y tecnolog\u00eda de avanzada El gobernador de San<\/p>\n","protected":false},"author":3,"featured_media":91214,"comment_status":"closed","ping_status":"closed","sticky":false,"template":"","format":"standard","meta":{"_acf_changed":false,"_seopress_robots_primary_cat":"none","_seopress_titles_title":"","_seopress_titles_desc":"","_seopress_robots_index":"","colormag_page_container_layout":"default_layout","colormag_page_sidebar_layout":"default_layout","footnotes":""},"categories":[1],"tags":[],"class_list":["post-91211","post","type-post","status-publish","format-standard","has-post-thumbnail","hentry","category-destacadas"],"acf":[],"_links":{"self":[{"href":"https:\/\/vocesparalelas.com.ar\/sitio\/wp-json\/wp\/v2\/posts\/91211","targetHints":{"allow":["GET"]}}],"collection":[{"href":"https:\/\/vocesparalelas.com.ar\/sitio\/wp-json\/wp\/v2\/posts"}],"about":[{"href":"https:\/\/vocesparalelas.com.ar\/sitio\/wp-json\/wp\/v2\/types\/post"}],"author":[{"embeddable":true,"href":"https:\/\/vocesparalelas.com.ar\/sitio\/wp-json\/wp\/v2\/users\/3"}],"replies":[{"embeddable":true,"href":"https:\/\/vocesparalelas.com.ar\/sitio\/wp-json\/wp\/v2\/comments?post=91211"}],"version-history":[{"count":1,"href":"https:\/\/vocesparalelas.com.ar\/sitio\/wp-json\/wp\/v2\/posts\/91211\/revisions"}],"predecessor-version":[{"id":91215,"href":"https:\/\/vocesparalelas.com.ar\/sitio\/wp-json\/wp\/v2\/posts\/91211\/revisions\/91215"}],"wp:featuredmedia":[{"embeddable":true,"href":"https:\/\/vocesparalelas.com.ar\/sitio\/wp-json\/wp\/v2\/media\/91214"}],"wp:attachment":[{"href":"https:\/\/vocesparalelas.com.ar\/sitio\/wp-json\/wp\/v2\/media?parent=91211"}],"wp:term":[{"taxonomy":"category","embeddable":true,"href":"https:\/\/vocesparalelas.com.ar\/sitio\/wp-json\/wp\/v2\/categories?post=91211"},{"taxonomy":"post_tag","embeddable":true,"href":"https:\/\/vocesparalelas.com.ar\/sitio\/wp-json\/wp\/v2\/tags?post=91211"}],"curies":[{"name":"wp","href":"https:\/\/api.w.org\/{rel}","templated":true}]}}