{"id":91205,"date":"2025-09-12T09:46:35","date_gmt":"2025-09-12T12:46:35","guid":{"rendered":"https:\/\/vocesparalelas.com.ar\/sitio\/?p=91205"},"modified":"2025-09-13T11:26:28","modified_gmt":"2025-09-13T14:26:28","slug":"atencion-con-turno-en-el-registro-y-legalizacion-de-titulos-del-ministerio-de-educacion-de-san-juan","status":"publish","type":"post","link":"https:\/\/vocesparalelas.com.ar\/sitio\/atencion-con-turno-en-el-registro-y-legalizacion-de-titulos-del-ministerio-de-educacion-de-san-juan\/","title":{"rendered":"Atenci\u00f3n con turno en el Registro y Legalizaci\u00f3n de T\u00edtulos del Ministerio de Educaci\u00f3n de San Juan"},"content":{"rendered":"<p>El Ministerio de Educaci\u00f3n del Gobierno de San Juan informa que, ante el aumento en la demanda de atenci\u00f3n de la Oficina de Registro y Legalizaci\u00f3n de T\u00edtulos, en el 2\u00b0 Piso del Centro C\u00edvico, s\u00f3lo a los que tengan turno, modifica su horario de 7,30 a 12,30 hs.; y de 13 a 17,30 hs. el Lunes, 15 de Septiembre.<\/p>\n<p>La decisi\u00f3n responde a la necesidad de dar respuesta a la gran cantidad de tr\u00e1mites solicitados y de optimizar la organizaci\u00f3n de los recursos humanos disponibles. En este sentido, la ministra de Educaci\u00f3n, Silvia Fuentes, dispuso la extensi\u00f3n del horario para garantizar una atenci\u00f3n m\u00e1s amplia y accesible.<\/p>\n<p>La Oficina de Registro y Legalizaci\u00f3n de T\u00edtulos recuerda que para solicitar turnos online los interesados deben ingresar a<\/p>\n<p><a href=\"http:\/\/turnos.sanjuan.gob.ar\">http:\/\/turnos.sanjuan.gob.ar<\/a><\/p>\n<p>&nbsp;<\/p>\n<p><img loading=\"lazy\" decoding=\"async\" class=\"alignnone size-full wp-image-28629\" src=\"https:\/\/vocesparalelas.com.ar\/sitio\/wp-content\/uploads\/2020\/05\/MINISTERIO-EDUCACION-SJ.jpg\" alt=\"\" width=\"800\" height=\"533\" srcset=\"https:\/\/vocesparalelas.com.ar\/sitio\/wp-content\/uploads\/2020\/05\/MINISTERIO-EDUCACION-SJ.jpg 800w, https:\/\/vocesparalelas.com.ar\/sitio\/wp-content\/uploads\/2020\/05\/MINISTERIO-EDUCACION-SJ-300x200.jpg 300w, https:\/\/vocesparalelas.com.ar\/sitio\/wp-content\/uploads\/2020\/05\/MINISTERIO-EDUCACION-SJ-768x512.jpg 768w\" sizes=\"auto, (max-width: 800px) 100vw, 800px\" \/><\/p>\n","protected":false},"excerpt":{"rendered":"<p>El Ministerio de Educaci\u00f3n del Gobierno de San Juan informa que, ante el aumento en la demanda de atenci\u00f3n de<\/p>\n","protected":false},"author":3,"featured_media":63322,"comment_status":"closed","ping_status":"closed","sticky":false,"template":"","format":"standard","meta":{"_acf_changed":false,"_seopress_robots_primary_cat":"none","_seopress_titles_title":"","_seopress_titles_desc":"","_seopress_robots_index":"","colormag_page_container_layout":"default_layout","colormag_page_sidebar_layout":"default_layout","footnotes":""},"categories":[5],"tags":[],"class_list":["post-91205","post","type-post","status-publish","format-standard","has-post-thumbnail","hentry","category-ofrecimientos"],"acf":[],"_links":{"self":[{"href":"https:\/\/vocesparalelas.com.ar\/sitio\/wp-json\/wp\/v2\/posts\/91205","targetHints":{"allow":["GET"]}}],"collection":[{"href":"https:\/\/vocesparalelas.com.ar\/sitio\/wp-json\/wp\/v2\/posts"}],"about":[{"href":"https:\/\/vocesparalelas.com.ar\/sitio\/wp-json\/wp\/v2\/types\/post"}],"author":[{"embeddable":true,"href":"https:\/\/vocesparalelas.com.ar\/sitio\/wp-json\/wp\/v2\/users\/3"}],"replies":[{"embeddable":true,"href":"https:\/\/vocesparalelas.com.ar\/sitio\/wp-json\/wp\/v2\/comments?post=91205"}],"version-history":[{"count":1,"href":"https:\/\/vocesparalelas.com.ar\/sitio\/wp-json\/wp\/v2\/posts\/91205\/revisions"}],"predecessor-version":[{"id":91208,"href":"https:\/\/vocesparalelas.com.ar\/sitio\/wp-json\/wp\/v2\/posts\/91205\/revisions\/91208"}],"wp:featuredmedia":[{"embeddable":true,"href":"https:\/\/vocesparalelas.com.ar\/sitio\/wp-json\/wp\/v2\/media\/63322"}],"wp:attachment":[{"href":"https:\/\/vocesparalelas.com.ar\/sitio\/wp-json\/wp\/v2\/media?parent=91205"}],"wp:term":[{"taxonomy":"category","embeddable":true,"href":"https:\/\/vocesparalelas.com.ar\/sitio\/wp-json\/wp\/v2\/categories?post=91205"},{"taxonomy":"post_tag","embeddable":true,"href":"https:\/\/vocesparalelas.com.ar\/sitio\/wp-json\/wp\/v2\/tags?post=91205"}],"curies":[{"name":"wp","href":"https:\/\/api.w.org\/{rel}","templated":true}]}}