{"id":91180,"date":"2025-09-11T22:38:29","date_gmt":"2025-09-12T01:38:29","guid":{"rendered":"https:\/\/vocesparalelas.com.ar\/sitio\/?p=91180"},"modified":"2025-09-12T22:10:18","modified_gmt":"2025-09-13T01:10:18","slug":"emotivo-homenaje-a-domingo-faustino-sarmiento-en-san-juan","status":"publish","type":"post","link":"https:\/\/vocesparalelas.com.ar\/sitio\/emotivo-homenaje-a-domingo-faustino-sarmiento-en-san-juan\/","title":{"rendered":"Emotivo homenaje a Domingo Faustino Sarmiento en San Juan"},"content":{"rendered":"<p>Rendir homenaje a 137\u00b0 a\u00f1os del fallecimiento de Domingo Faustino Sarmiento, es un honor para la comunidad de San Juan, que se desarroll\u00f3 en la Casa Natal del pr\u00f3cer y que signific\u00f3 mostrar que el legado educativo est\u00e1 vivo.<\/p>\n<p>La presencia de las autoridades de los tres poderes del Gobierno de San Juan presidida por el gobernador Dr. Marcelo Orrego, el vicegobernador Dr. Fabi\u00e1n Mart\u00edn y la ministra de Educaci\u00f3n, Lic. Silvia Fuentes; marcaron el inicio del emotivo homenaje al Gran maestro de Am\u00e9rica, Domingo Faustino Sarmiento, los cuerpos de Bandera Argentina y Papal de las Escuelas de San Juan.<\/p>\n<p>El acto comenz\u00f3 con la entonaci\u00f3n del Himno Nacional Argentino, con la ejecuci\u00f3n musical de la Banda de la Polic\u00eda de San Juan, las Voces del Coro de la Escuela Paula Albarrac\u00edn de Sarmiento y de los presentes.<\/p>\n<p><iframe loading=\"lazy\" title=\"SAN JUAN HIMNO NACIONAL ARGENTINO \" width=\"800\" height=\"450\" src=\"https:\/\/www.youtube.com\/embed\/cR88RDaDKF4?feature=oembed\" frameborder=\"0\" allow=\"accelerometer; autoplay; clipboard-write; encrypted-media; gyroscope; picture-in-picture; web-share\" referrerpolicy=\"strict-origin-when-cross-origin\" allowfullscreen><\/iframe><\/p>\n<p>Posteriormente, se enton\u00f3 el Himno a Sarmiento que se escuch\u00f3 con un sentimiento muy profundo porque la comunidad de San Juan quiere como propio.<\/p>\n<p><iframe loading=\"lazy\" title=\"SAN JUAN HIMNO A  SARMIENTO \" width=\"800\" height=\"450\" src=\"https:\/\/www.youtube.com\/embed\/g9F6Zny7vIM?feature=oembed\" frameborder=\"0\" allow=\"accelerometer; autoplay; clipboard-write; encrypted-media; gyroscope; picture-in-picture; web-share\" referrerpolicy=\"strict-origin-when-cross-origin\" allowfullscreen><\/iframe><\/p>\n<p>&nbsp;<\/p>\n<p>El el Obispo Auxiliar y Vicario General Monse\u00f1or Gustavo Larraz\u00e1bal CMF fue el responsable de la bendici\u00f3n de la Educaci\u00f3n de San Juan.<\/p>\n<p><iframe loading=\"lazy\" title=\"SAN JUAN BENDICIONES \" width=\"800\" height=\"450\" src=\"https:\/\/www.youtube.com\/embed\/0xU-r_v9xmA?feature=oembed\" frameborder=\"0\" allow=\"accelerometer; autoplay; clipboard-write; encrypted-media; gyroscope; picture-in-picture; web-share\" referrerpolicy=\"strict-origin-when-cross-origin\" allowfullscreen><\/iframe><\/p>\n<p>&nbsp;<\/p>\n<p>A continuaci\u00f3n,\u00a0se colocaron ofrendas florales en reconocimiento a la vida y obra de Domingo Faustino Sarmiento, figura central en la educaci\u00f3n y la historia argentina por parte de los tres poderes del Gobierno de San Juan.<\/p>\n<p><img loading=\"lazy\" decoding=\"async\" class=\"alignnone size-full wp-image-91193\" src=\"https:\/\/vocesparalelas.com.ar\/sitio\/wp-content\/uploads\/2025\/09\/SAN-JUAN-SARMIENTO.jpg\" alt=\"\" width=\"800\" height=\"533\" srcset=\"https:\/\/vocesparalelas.com.ar\/sitio\/wp-content\/uploads\/2025\/09\/SAN-JUAN-SARMIENTO.jpg 800w, https:\/\/vocesparalelas.com.ar\/sitio\/wp-content\/uploads\/2025\/09\/SAN-JUAN-SARMIENTO-300x200.jpg 300w, https:\/\/vocesparalelas.com.ar\/sitio\/wp-content\/uploads\/2025\/09\/SAN-JUAN-SARMIENTO-768x512.jpg 768w\" sizes=\"auto, (max-width: 800px) 100vw, 800px\" \/><\/p>\n<p>Lleg\u00f3 el momento m\u00e1s emotivo cuando se honr\u00f3 a Domingo Faustino Sarmiento con un minuto de silencio.<\/p>\n<p><iframe loading=\"lazy\" title=\"SAN JUAN MINUTO DE SILENCIO A DOMINGO FAUSTINO SARMIENTO \" width=\"800\" height=\"450\" src=\"https:\/\/www.youtube.com\/embed\/e9V_MSUTBkE?feature=oembed\" frameborder=\"0\" allow=\"accelerometer; autoplay; clipboard-write; encrypted-media; gyroscope; picture-in-picture; web-share\" referrerpolicy=\"strict-origin-when-cross-origin\" allowfullscreen><\/iframe><\/p>\n<p>Fue el momento de los discursos con la Directora de la Casa Natal de Sarmiento, Lic. Luc\u00eda Gonz\u00e1lez, quien destac\u00f3 valores pol\u00edticos.<\/p>\n<p><iframe loading=\"lazy\" title=\"SAN JUAN DIRECTORA CASA SARMIENTO \" width=\"800\" height=\"450\" src=\"https:\/\/www.youtube.com\/embed\/8_YfJgcm2-k?feature=oembed\" frameborder=\"0\" allow=\"accelerometer; autoplay; clipboard-write; encrypted-media; gyroscope; picture-in-picture; web-share\" referrerpolicy=\"strict-origin-when-cross-origin\" allowfullscreen><\/iframe><\/p>\n<p>Sigui\u00f3 las palabras de la ministra de Educaci\u00f3n, Lic. Silvia Fuentes, quien remarc\u00f3 que \u00absoy una ministra de Educaci\u00f3n de la provincia donde naci\u00f3 Sarmiento y donde estamos comprometidos en renovar la educaci\u00f3n de San Juan. Comenzamos hace un a\u00f1o y medio y hoy estamos transformando el sistema educativo con una agenda que puso la educaci\u00f3n como prioridad. M\u00e1s de 25 mil chicos van a recibir computadoras y nuestras docentes tambi\u00e9n, porque valoramos y respetamos su labor. Como sanjuaninos tenemos que seguir trabajando juntos para mejorar la calidad educativa de San Juan y de toda la regi\u00f3n. Felicitaciones a nuestros docentes, son lo mejor que tenemos\u00bb.<\/p>\n<p><iframe loading=\"lazy\" title=\"SAN JUAN MINISTRA EDUCACI\u00d3N LIC SILVIA FUENTES \" width=\"800\" height=\"450\" src=\"https:\/\/www.youtube.com\/embed\/02QWAuN7guo?feature=oembed\" frameborder=\"0\" allow=\"accelerometer; autoplay; clipboard-write; encrypted-media; gyroscope; picture-in-picture; web-share\" referrerpolicy=\"strict-origin-when-cross-origin\" allowfullscreen><\/iframe><\/p>\n<p>Seguidamente, el gobernador de San Juan, Dr. Marcelo Orrego subray\u00f3 que \u00abun placer hoy disfrutar del D\u00eda del Maestro, homenajear nada m\u00e1s y nada menos que el proceso m\u00e1s importante que ha tenido la Argentina. La educaci\u00f3n es la herramienta m\u00e1s importante que tenemos como seres humanos para avanzar, evolucionar y tener una movilidad social ascendente. La mejor forma de rendirle homenaje a Sarmiento es hacerlo todos los d\u00edas, trabajando para nuestra patria y nuestra gente. Si logramos aprender, trabajar y producir, todo lo dem\u00e1s llega por a\u00f1adidura. En tiempos dif\u00edciles, hemos dado prioridad y vamos a seguir dando prioridad a la educaci\u00f3n, porque ese es el camino y el norte para San Juan. Ser docente es ser un ser especial, no cualquiera puede ser maestro. En definitiva, somos un poquito de todos los maestros que hemos tenido. Sin docentes, sin maestros, no hay revoluci\u00f3n, no hay transformaci\u00f3n. Mi respeto y mi reconocimiento al trabajo diario de cada uno de ellos\u00bb.<\/p>\n<p><iframe loading=\"lazy\" title=\"SAN JUAN GOBERNADOR DR MARCELO ORREGO \" width=\"800\" height=\"450\" src=\"https:\/\/www.youtube.com\/embed\/-D47UswRGHs?feature=oembed\" frameborder=\"0\" allow=\"accelerometer; autoplay; clipboard-write; encrypted-media; gyroscope; picture-in-picture; web-share\" referrerpolicy=\"strict-origin-when-cross-origin\" allowfullscreen><\/iframe><\/p>\n<p>&nbsp;<\/p>\n<p>As\u00ed se desarroll\u00f3 el homenaje a Domingo Facundo Sarmiento cuando los abanderados hicieron su paso y satisfechos de honrar el legado.<\/p>\n<p><iframe loading=\"lazy\" title=\"SAN JUAN CUERPO DE BANDERAS DE LAS ESCUELAS EDUCATIVAS\" width=\"800\" height=\"450\" src=\"https:\/\/www.youtube.com\/embed\/22w5fjmO7h8?feature=oembed\" frameborder=\"0\" allow=\"accelerometer; autoplay; clipboard-write; encrypted-media; gyroscope; picture-in-picture; web-share\" referrerpolicy=\"strict-origin-when-cross-origin\" allowfullscreen><\/iframe><\/p>\n<p>Para cerra el acto, el cuarteto de cuerda de la Orquesta Escuela de San Juan ejecut\u00f3 un tango para demostrar la m\u00fasica de Argentina.<\/p>\n<p><iframe loading=\"lazy\" title=\"SAN JUAN ORQUESTA ESCUELA \" width=\"800\" height=\"450\" src=\"https:\/\/www.youtube.com\/embed\/NFFb38gcz_I?feature=oembed\" frameborder=\"0\" allow=\"accelerometer; autoplay; clipboard-write; encrypted-media; gyroscope; picture-in-picture; web-share\" referrerpolicy=\"strict-origin-when-cross-origin\" allowfullscreen><\/iframe><\/p>\n<p>El acto reafirm\u00f3 el compromiso de la provincia con los valores que Sarmiento promovi\u00f3, destacando su legado educativo y cultural que sigue vigente en San Juan y en todo el pa\u00eds.<\/p>\n<p>&nbsp;<\/p>\n<p><img loading=\"lazy\" decoding=\"async\" class=\"alignnone size-full wp-image-83173\" src=\"https:\/\/vocesparalelas.com.ar\/sitio\/wp-content\/uploads\/2025\/02\/CASA-SARMIENTO-ESTATUA-01.jpg\" alt=\"\" width=\"800\" height=\"533\" srcset=\"https:\/\/vocesparalelas.com.ar\/sitio\/wp-content\/uploads\/2025\/02\/CASA-SARMIENTO-ESTATUA-01.jpg 800w, https:\/\/vocesparalelas.com.ar\/sitio\/wp-content\/uploads\/2025\/02\/CASA-SARMIENTO-ESTATUA-01-300x200.jpg 300w, https:\/\/vocesparalelas.com.ar\/sitio\/wp-content\/uploads\/2025\/02\/CASA-SARMIENTO-ESTATUA-01-768x512.jpg 768w\" sizes=\"auto, (max-width: 800px) 100vw, 800px\" \/><\/p>\n","protected":false},"excerpt":{"rendered":"<p>Rendir homenaje a 137\u00b0 a\u00f1os del fallecimiento de Domingo Faustino Sarmiento, es un honor para la comunidad de San Juan,<\/p>\n","protected":false},"author":3,"featured_media":91194,"comment_status":"closed","ping_status":"closed","sticky":false,"template":"","format":"standard","meta":{"_acf_changed":false,"_seopress_robots_primary_cat":"none","_seopress_titles_title":"","_seopress_titles_desc":"","_seopress_robots_index":"","colormag_page_container_layout":"default_layout","colormag_page_sidebar_layout":"default_layout","footnotes":""},"categories":[10,7],"tags":[],"class_list":["post-91180","post","type-post","status-publish","format-standard","has-post-thumbnail","hentry","category-opiniones","category-videos"],"acf":[],"_links":{"self":[{"href":"https:\/\/vocesparalelas.com.ar\/sitio\/wp-json\/wp\/v2\/posts\/91180","targetHints":{"allow":["GET"]}}],"collection":[{"href":"https:\/\/vocesparalelas.com.ar\/sitio\/wp-json\/wp\/v2\/posts"}],"about":[{"href":"https:\/\/vocesparalelas.com.ar\/sitio\/wp-json\/wp\/v2\/types\/post"}],"author":[{"embeddable":true,"href":"https:\/\/vocesparalelas.com.ar\/sitio\/wp-json\/wp\/v2\/users\/3"}],"replies":[{"embeddable":true,"href":"https:\/\/vocesparalelas.com.ar\/sitio\/wp-json\/wp\/v2\/comments?post=91180"}],"version-history":[{"count":1,"href":"https:\/\/vocesparalelas.com.ar\/sitio\/wp-json\/wp\/v2\/posts\/91180\/revisions"}],"predecessor-version":[{"id":91195,"href":"https:\/\/vocesparalelas.com.ar\/sitio\/wp-json\/wp\/v2\/posts\/91180\/revisions\/91195"}],"wp:featuredmedia":[{"embeddable":true,"href":"https:\/\/vocesparalelas.com.ar\/sitio\/wp-json\/wp\/v2\/media\/91194"}],"wp:attachment":[{"href":"https:\/\/vocesparalelas.com.ar\/sitio\/wp-json\/wp\/v2\/media?parent=91180"}],"wp:term":[{"taxonomy":"category","embeddable":true,"href":"https:\/\/vocesparalelas.com.ar\/sitio\/wp-json\/wp\/v2\/categories?post=91180"},{"taxonomy":"post_tag","embeddable":true,"href":"https:\/\/vocesparalelas.com.ar\/sitio\/wp-json\/wp\/v2\/tags?post=91180"}],"curies":[{"name":"wp","href":"https:\/\/api.w.org\/{rel}","templated":true}]}}