{"id":91167,"date":"2025-09-11T00:19:53","date_gmt":"2025-09-11T03:19:53","guid":{"rendered":"https:\/\/vocesparalelas.com.ar\/sitio\/?p=91167"},"modified":"2025-09-13T11:46:05","modified_gmt":"2025-09-13T14:46:05","slug":"san-juan-presento-el-plan-provincial-anticonsumo-2025-2027","status":"publish","type":"post","link":"https:\/\/vocesparalelas.com.ar\/sitio\/san-juan-presento-el-plan-provincial-anticonsumo-2025-2027\/","title":{"rendered":"San Juan present\u00f3 el \u00abPlan Provincial Anticonsumo 2025-2027\u00bb"},"content":{"rendered":"<p>San Juan lanz\u00f3 el \u00abPlan Provincial Anticonsumo 2025-2027\u00bb, una iniciativa integral dise\u00f1ada para abordar los consumos problem\u00e1ticos de sustancias, en especial de los j\u00f3venes, en todo el territorio.<\/p>\n<p>&nbsp;<\/p>\n<p>En este contexto, se conform\u00f3 la mesa acad\u00e9mica donde la directora de Prevenci\u00f3n y Asistencia de Consumos Problem\u00e1ticos, Lic. Daniela Merlo explic\u00f3 el trabajo que se realiz\u00f3 y el significado del Plan Provincial Anticonsumo 2025-2027.<\/p>\n<p><iframe loading=\"lazy\" title=\"SAN JUAN LIC. MERLO\" width=\"800\" height=\"450\" src=\"https:\/\/www.youtube.com\/embed\/ojEX7uNuBcA?feature=oembed\" frameborder=\"0\" allow=\"accelerometer; autoplay; clipboard-write; encrypted-media; gyroscope; picture-in-picture; web-share\" referrerpolicy=\"strict-origin-when-cross-origin\" allowfullscreen><\/iframe><\/p>\n<p>Posteriormente. el Ministro de de Familia y Desarrollo Humano, Prof. Carlos Platero describi\u00f3 el compromiso de los integrantes de la gesti\u00f3n para firmar la responsabilidad del Estado de poner fin a este flagelo del consumo.<\/p>\n<p><iframe loading=\"lazy\" title=\"SAN JUAN MINISTRO PROF. CARLOS PLATERO\" width=\"800\" height=\"450\" src=\"https:\/\/www.youtube.com\/embed\/WJ89WWHgL-c?feature=oembed\" frameborder=\"0\" allow=\"accelerometer; autoplay; clipboard-write; encrypted-media; gyroscope; picture-in-picture; web-share\" referrerpolicy=\"strict-origin-when-cross-origin\" allowfullscreen><\/iframe><\/p>\n<p>&nbsp;<\/p>\n<p>Finalmente, el gobernador de San Juan, Dr. Marcelo Orrego destac\u00f3 la responsabilidad de la gesti\u00f3n para el trabajo conjunto para buscar la manera de combatir los consumos problem\u00e1ticos. Primero los programas, los equipos y, por supuesto, la determinaci\u00f3n de que hay que hacerlo realidad. Tenemos con qu\u00e9. Y por supuesto, tenemos la convicci\u00f3n y saber que desde el amor podemos trabajar todos juntos, porque son muchos, los chicos cada vez m\u00e1s precoces, en una situaci\u00f3n de indefensi\u00f3n, y donde es necesario que el Estado definitivamente siempre est\u00e9 presente\u201d.<\/p>\n<p>&nbsp;<\/p>\n<p>Este plan reconoce el fen\u00f3meno como multicausal y complejo, afectando a la comunidad en m\u00faltiples niveles y generando costos sociales, econ\u00f3micos, pol\u00edticos y humanos. Se propone una respuesta multisectorial y compartida entre los distintos niveles de gobierno y actores sociales, buscando ir m\u00e1s all\u00e1 de la asistencia para incluir acciones preventivas y de intervenci\u00f3n temprana.<\/p>\n<p>Los objetivos clave giran en torno a la prevenci\u00f3n, asistencia, fortalecimiento institucional, inclusi\u00f3n social, formaci\u00f3n, investigaci\u00f3n, desarrollo y modernizaci\u00f3n, fundamentado en la evidencia cient\u00edfica y una perspectiva de derechos humanos.<\/p>\n<p>Para esta importante presentaci\u00f3n Orrego estuvo acompa\u00f1ado por el vicegobernador Fabi\u00e1n Mart\u00edn; los ministros Carlos Platero (Familia y Desarrollo Humano), Amilcar Dobladez (Salud), Silvia Fuentes (Educaci\u00f3n), Roberto Guti\u00e9rrez (Econom\u00eda, Hacienda y Finanzas), Gustavo Fern\u00e1ndez (Producci\u00f3n, Trabajo e Innovaci\u00f3n), Laura Palma (Gobierno), Guido Romero (Turismo, Deporte y Cultura); y secretarios de Estado, Federico R\u00edos (Ambiente y Desarrollo Sustentable), Enrique Delgado (Seguridad) y Emilio Achem (General de la Gobernaci\u00f3n); y la directora de Prevenci\u00f3n y Asistencia de Consumos Problem\u00e1ticos, Daniela Merlo.<\/p>\n<p>Adem\u00e1s, participaron intendentes; el arzobispo de San Juan Monse\u00f1or Jorge Lozano; autoridades de la Universidad Nacional de San Juan y de la Universidad Cat\u00f3lica de Cuyo, entre otros.<\/p>\n<p><iframe loading=\"lazy\" title=\"SAN JUAN GOBERNADOR DR MARCELO ORREGO \" width=\"800\" height=\"450\" src=\"https:\/\/www.youtube.com\/embed\/_MjcqBtpP1E?feature=oembed\" frameborder=\"0\" allow=\"accelerometer; autoplay; clipboard-write; encrypted-media; gyroscope; picture-in-picture; web-share\" referrerpolicy=\"strict-origin-when-cross-origin\" allowfullscreen><\/iframe><\/p>\n<p>&nbsp;<\/p>\n<p><strong><span style=\"color: #ff6600;\">Una estrategia integral, nunca vista<\/span><\/strong><\/p>\n<p>El \u00abPlan Provincial para el Abordaje Integral de los Consumos Problem\u00e1ticos 2025-2027\u00bb de San Juan es una estrategia integral e in\u00e9dita destinada a combatir los consumos problem\u00e1ticos en la provincia, con un foco especial en la juventud. Es gestionado por el Ministerio de Familia y Desarrollo Humano a trav\u00e9s de la Direcci\u00f3n de Prevenci\u00f3n y Asistencia de Consumos Problem\u00e1ticos.<\/p>\n<p>El plan es crucial porque aborda una realidad multicausal y compleja que genera altos costos sociales, econ\u00f3micos y humanos. La demanda de asistencia por consumos problem\u00e1ticos ha aumentado significativamente, pasando de 507 casos en 2020 a 1.450 en 2023. Busca superar un enfoque punitivo para adoptar uno de salud y derechos, priorizando la prevenci\u00f3n y el acompa\u00f1amiento integral.<\/p>\n<p><strong><span style=\"color: #ff6600;\">\u00bfEn qu\u00e9 consiste el programa?<\/span><\/strong><\/p>\n<p>El abordaje consiste en una pol\u00edtica p\u00fablica dise\u00f1ada rigurosamente en la evidencia cient\u00edfica, con acciones preventivas y de intervenci\u00f3n temprana. Su objetivo general es consolidarse como un modelo de referencia regional en el tratamiento de esta problem\u00e1tica.<\/p>\n<p><span style=\"color: #ff6600;\"><strong>\u00bfA qui\u00e9nes beneficia?<\/strong><\/span><\/p>\n<p>El plan est\u00e1 dirigido a la poblaci\u00f3n general de San Juan, pero pone un \u00e9nfasis prioritario en los j\u00f3venes, ya que la mayor demanda de asistencia proviene de la franja etaria de 17 a 20 a\u00f1os, seguida por menores de 16 a\u00f1os. Busca fortalecer los factores de protecci\u00f3n desde edades tempranas y asegurar que nadie quede sin contenci\u00f3n social.<\/p>\n<p><span style=\"color: #ff6600;\"><strong>\u00bfPor qu\u00e9 es multisectorial?<\/strong><\/span><\/p>\n<p>El plan es profundamente multisectorial, involucrando a una amplia red de colaboradores, como el sector productivo-empresarial; salud privada; universidades e institutos de formaci\u00f3n profesional y el sector sindical.<\/p>\n<p>Se articula con diversas \u00e1reas gubernamentales para una aplicaci\u00f3n integral:<\/p>\n<ul>\n<li>Secretar\u00eda de Estado de Seguridad y Orden P\u00fablico: Fortalece la prevenci\u00f3n, asegura la derivaci\u00f3n oportuna y el acompa\u00f1amiento integral, priorizando el acceso a la salud sobre el enfoque punitivo. Incluye formaci\u00f3n de fuerzas de seguridad en prevenci\u00f3n y reducci\u00f3n de da\u00f1os, y el establecimiento de protocolos de derivaci\u00f3n.<\/li>\n<li>Ministerio de Educaci\u00f3n: Implementa estrategias conjuntas en el \u00e1mbito educativo para la prevenci\u00f3n, asistencia, capacitaci\u00f3n docente y acompa\u00f1amiento. Promueve espacios de di\u00e1logo y reflexi\u00f3n en todos los niveles educativos.<\/li>\n<li>Ministerio de Producci\u00f3n: Fomenta la inclusi\u00f3n socio-laboral y fortalece la prevenci\u00f3n en entornos productivos. Dise\u00f1a trayectorias de formaci\u00f3n y capacitaci\u00f3n laboral, y promueve convenios con empresas para la inserci\u00f3n supervisada.<\/li>\n<li>Ministerio de Salud: Coordina la red sanitaria para garantizar atenci\u00f3n oportuna y de calidad en el primer nivel de atenci\u00f3n. Implementa protocolos cl\u00ednico-terap\u00e9uticos comunes, priorizando el trabajo interdisciplinario y la atenci\u00f3n ambulatoria.<\/li>\n<li>Ministerio de Turismo, Cultura y Deporte: Utiliza la cultura, el deporte y el turismo para fomentar entornos saludables y protectores. Implementa estrategias de prevenci\u00f3n en espacios tur\u00edsticos, deportivos y culturales, e incluye la participaci\u00f3n en actividades recreativas y culturales como parte del tratamiento.<\/li>\n<li>Ministerio de Econom\u00eda, Hacienda y Finanzas: Aborda el juego problem\u00e1tico, con campa\u00f1as de concientizaci\u00f3n sobre juego responsable, educaci\u00f3n a j\u00f3venes y adultos mayores, fortalecimiento digital para el acceso a la red de atenci\u00f3n y un registro conjunto de datos.<\/li>\n<li>Ministerio de Gobierno: Promueve la prevenci\u00f3n en la comunidad, facilita el acceso a derechos (documentaci\u00f3n, asesoramiento legal), impulsa la inclusi\u00f3n socio-laboral con programas de empleo y capacitaci\u00f3n, y realiza prevenci\u00f3n en el transporte.<\/li>\n<li>Ministerio de Infraestructura, Agua y Energ\u00eda: Construye y adec\u00faa espacios de tratamiento, promueve el consumo de agua potable y h\u00e1bitos saludables, fomenta entornos comunitarios con energ\u00edas limpias, e incluye a personas en tratamiento en programas de formaci\u00f3n y empleo relacionados con la infraestructura.<\/li>\n<li>Ministerio de Miner\u00eda: Implementa estrategias de prevenci\u00f3n en entornos mineros y comunidades cercanas, capacita a personal y delegados sindicales, y facilita la inclusi\u00f3n laboral de personas en tratamiento en el sector minero.<\/li>\n<li>Secretar\u00eda de Estado de Ambiente y Desarrollo Sustentable: Fortalece la prevenci\u00f3n y genera oportunidades de inclusi\u00f3n a trav\u00e9s de acciones socio-ambientales. Promueve entornos saludables y sostenibles e incluye a personas en tratamiento en proyectos productivos y comunitarios relacionados con el medio ambiente.<\/li>\n<\/ul>\n<p><span style=\"color: #ff6600;\"><strong>En acci\u00f3n<\/strong><\/span><\/p>\n<p>La implementaci\u00f3n del plan se traducir\u00e1 en programas espec\u00edficos para cada eje de acci\u00f3n:<\/p>\n<ul>\n<li>Prevenci\u00f3n: El \u00abPrograma Municipios en Acci\u00f3n\u00bb capacitar\u00e1 a las estructuras municipales para un abordaje integral. El \u00abPrograma Entre Todos\u00bb formar\u00e1 Mesas Municipales y Nodos Territoriales Preventivos para una micro red barrial. El \u00abPrograma de Red Provincial\u00bb unificar\u00e1 las acciones a nivel provincial y departamental. El \u00abPrograma Municipios Comprometidos\u00bb impulsar\u00e1 pol\u00edticas p\u00fablicas departamentales en cada municipio.<\/li>\n<li>Asistencia: Se crear\u00e1 la \u00abRed Asistencial para el Abordaje de los Consumos Problem\u00e1ticos\u00bb con dispositivos intermedios y residenciales de alta complejidad, financiada de manera mixta con aportes nacionales y provinciales. Se establecer\u00e1 el \u00abPrograma Telef\u00f3nico Provincial 141\u00bb para contenci\u00f3n y derivaci\u00f3n, \u00abProgramas de Atenci\u00f3n Espec\u00edfica a otros Consumos Problem\u00e1ticos\u00bb, \u00abProgramas de Casas de Medio Camino\u00bb para la reinserci\u00f3n social post-tratamiento, y \u00abProgramas para personas privadas de su libertad y\/o con medida socioeducativa\u00bb para su acompa\u00f1amiento y reinserci\u00f3n.<\/li>\n<li>Fortalecimiento Institucional: El \u00abPrograma Todos Juntos\u00bb sensibilizar\u00e1 a la comunidad e identificar\u00e1 factores de protecci\u00f3n para construir una red de actores que intervenga en la prevenci\u00f3n y detecci\u00f3n temprana.<\/li>\n<li>Inclusi\u00f3n Social: El \u00abPrograma Oportunidades\u00bb actuar\u00e1 como un puente para la inserci\u00f3n de las personas en tratamiento, facilitando el desarrollo de su proyecto de vida y la reinserci\u00f3n social.<\/li>\n<li>Formaci\u00f3n: El \u00abPrograma Formaci\u00f3n para el Abordaje Integral de los Consumos Problem\u00e1ticos\u00bb capacitar\u00e1 a profesionales y terapeutas, preferentemente de la provincia, en todos los aspectos de la problem\u00e1tica.<\/li>\n<li>Investigaci\u00f3n y Desarrollo: Se jerarquizar\u00e1 el \u00abPrograma de Observatorio Provincial de Drogas de San Juan\u00bb para la generaci\u00f3n de evidencia cient\u00edfica, con l\u00edneas de investigaci\u00f3n epidemiol\u00f3gica, estad\u00edsticas y geo-referenciamiento, evaluaci\u00f3n del Plan y programas, un Sistema de Alerta Temprana (SAT), y una Red de Investigaci\u00f3n y Difusi\u00f3n con universidades e institutos cient\u00edficos.<\/li>\n<li>Modernizaci\u00f3n: El \u00abPrograma de Digitalizaci\u00f3n de la Direcci\u00f3n\u00bb modernizar\u00e1 procesos, recursos y documentaci\u00f3n, integr\u00e1ndose al Sistema Integrado de la Administraci\u00f3n P\u00fablica Provincial.<\/li>\n<\/ul>\n<p><img loading=\"lazy\" decoding=\"async\" class=\"alignnone size-full wp-image-65642\" src=\"https:\/\/vocesparalelas.com.ar\/sitio\/wp-content\/uploads\/2023\/11\/GOBIERNO-SAN-JUAN.jpg\" alt=\"\" width=\"800\" height=\"600\" srcset=\"https:\/\/vocesparalelas.com.ar\/sitio\/wp-content\/uploads\/2023\/11\/GOBIERNO-SAN-JUAN.jpg 800w, https:\/\/vocesparalelas.com.ar\/sitio\/wp-content\/uploads\/2023\/11\/GOBIERNO-SAN-JUAN-300x225.jpg 300w, https:\/\/vocesparalelas.com.ar\/sitio\/wp-content\/uploads\/2023\/11\/GOBIERNO-SAN-JUAN-768x576.jpg 768w\" sizes=\"auto, (max-width: 800px) 100vw, 800px\" \/><\/p>\n<p>&nbsp;<\/p>\n","protected":false},"excerpt":{"rendered":"<p>San Juan lanz\u00f3 el \u00abPlan Provincial Anticonsumo 2025-2027\u00bb, una iniciativa integral dise\u00f1ada para abordar los consumos problem\u00e1ticos de sustancias, en<\/p>\n","protected":false},"author":3,"featured_media":91170,"comment_status":"closed","ping_status":"closed","sticky":false,"template":"","format":"standard","meta":{"_acf_changed":false,"_seopress_robots_primary_cat":"none","_seopress_titles_title":"","_seopress_titles_desc":"","_seopress_robots_index":"","colormag_page_container_layout":"default_layout","colormag_page_sidebar_layout":"default_layout","footnotes":""},"categories":[10,7],"tags":[],"class_list":["post-91167","post","type-post","status-publish","format-standard","has-post-thumbnail","hentry","category-opiniones","category-videos"],"acf":[],"_links":{"self":[{"href":"https:\/\/vocesparalelas.com.ar\/sitio\/wp-json\/wp\/v2\/posts\/91167","targetHints":{"allow":["GET"]}}],"collection":[{"href":"https:\/\/vocesparalelas.com.ar\/sitio\/wp-json\/wp\/v2\/posts"}],"about":[{"href":"https:\/\/vocesparalelas.com.ar\/sitio\/wp-json\/wp\/v2\/types\/post"}],"author":[{"embeddable":true,"href":"https:\/\/vocesparalelas.com.ar\/sitio\/wp-json\/wp\/v2\/users\/3"}],"replies":[{"embeddable":true,"href":"https:\/\/vocesparalelas.com.ar\/sitio\/wp-json\/wp\/v2\/comments?post=91167"}],"version-history":[{"count":1,"href":"https:\/\/vocesparalelas.com.ar\/sitio\/wp-json\/wp\/v2\/posts\/91167\/revisions"}],"predecessor-version":[{"id":91175,"href":"https:\/\/vocesparalelas.com.ar\/sitio\/wp-json\/wp\/v2\/posts\/91167\/revisions\/91175"}],"wp:featuredmedia":[{"embeddable":true,"href":"https:\/\/vocesparalelas.com.ar\/sitio\/wp-json\/wp\/v2\/media\/91170"}],"wp:attachment":[{"href":"https:\/\/vocesparalelas.com.ar\/sitio\/wp-json\/wp\/v2\/media?parent=91167"}],"wp:term":[{"taxonomy":"category","embeddable":true,"href":"https:\/\/vocesparalelas.com.ar\/sitio\/wp-json\/wp\/v2\/categories?post=91167"},{"taxonomy":"post_tag","embeddable":true,"href":"https:\/\/vocesparalelas.com.ar\/sitio\/wp-json\/wp\/v2\/tags?post=91167"}],"curies":[{"name":"wp","href":"https:\/\/api.w.org\/{rel}","templated":true}]}}