{"id":91154,"date":"2025-09-10T23:16:23","date_gmt":"2025-09-11T02:16:23","guid":{"rendered":"https:\/\/vocesparalelas.com.ar\/sitio\/?p=91154"},"modified":"2025-09-12T21:53:05","modified_gmt":"2025-09-13T00:53:05","slug":"se-conmemoro-los-137o-aniversario-al-paso-a-la-inmortalidad-de-domingo-faustino-sarmiento-en-la-fi-de-la-unsj","status":"publish","type":"post","link":"https:\/\/vocesparalelas.com.ar\/sitio\/se-conmemoro-los-137o-aniversario-al-paso-a-la-inmortalidad-de-domingo-faustino-sarmiento-en-la-fi-de-la-unsj\/","title":{"rendered":"Se conmemor\u00f3 los 137\u00ba Aniversario al paso a la inmortalidad de Domingo Faustino Sarmiento en la FI de la UNSJ"},"content":{"rendered":"<p>La comunidad universitaria de la Facultad de Ingenier\u00eda de la Universidad Nacional de San Juan se reuni\u00f3 en la Plaza Seca para conmemorar los 137\u00ba Aniversario al paso a la inmortalidad de Domingo Faustino Sarmiento, pr\u00f3cer de San Juan que fortaleci\u00f3 la educaci\u00f3n p\u00fablica para la democratizaci\u00f3n de los pueblos.<\/p>\n<p>En este contexto tan emotivo ingres\u00f3 la Bandera de Argentina de la FI de la UNSJ portada por Mar\u00eda Pia Dibella y escoltada por Leandro Canto y Federico Olmos.<\/p>\n<p>Posteriormente, la Decana de la FI, Dra. Ing. Andrea D\u00edaz junto a la y a la subjefa del Departamento de Ingenier\u00eda en Minas, Ing. Andrea Tello, tuvieron la responsabilidad de izar la ense\u00f1a patria, donde el viento hizo flamear la Bandera Argentina con la fuerza del legado de Domingo Faustino Sarmiento.<\/p>\n<p><iframe loading=\"lazy\" title=\"FI UNSJ \" width=\"800\" height=\"450\" src=\"https:\/\/www.youtube.com\/embed\/wCBIPqDnszs?feature=oembed\" frameborder=\"0\" allow=\"accelerometer; autoplay; clipboard-write; encrypted-media; gyroscope; picture-in-picture; web-share\" referrerpolicy=\"strict-origin-when-cross-origin\" allowfullscreen><\/iframe><\/p>\n<p>Seguidamente, se enton\u00f3 el Himno Nacional Argentino con el acompa\u00f1amiento de las voces de la comunidad universitaria.<\/p>\n<p><iframe loading=\"lazy\" title=\"FI UNSJ HIMNO NACIONAL ARGENTINO \" width=\"800\" height=\"450\" src=\"https:\/\/www.youtube.com\/embed\/t3e01TNniyM?feature=oembed\" frameborder=\"0\" allow=\"accelerometer; autoplay; clipboard-write; encrypted-media; gyroscope; picture-in-picture; web-share\" referrerpolicy=\"strict-origin-when-cross-origin\" allowfullscreen><\/iframe><\/p>\n<p>A continuaci\u00f3n, se enton\u00f3 el Himno Sarmiento para rendir el homenaje de fortalecer la defensa de la educaci\u00f3n p\u00fablica, laica e inclusiva que brinda la FI de la UNSJ .<\/p>\n<p><iframe loading=\"lazy\" title=\"FI UNSJ HIMNO A SARMIENTO \" width=\"800\" height=\"450\" src=\"https:\/\/www.youtube.com\/embed\/EQJb5-Rqq1s?feature=oembed\" frameborder=\"0\" allow=\"accelerometer; autoplay; clipboard-write; encrypted-media; gyroscope; picture-in-picture; web-share\" referrerpolicy=\"strict-origin-when-cross-origin\" allowfullscreen><\/iframe><\/p>\n<p>El momento que enfatiza el legado fue cuando expres\u00f3 el pensamiento del Gran Maestro de Am\u00e9rica por el Ingeniero Daniel Cabrera, docente del Departamento de Ingenier\u00eda de Minas, coordinador de la Carrera Ingenier\u00eda en Metalurgia Extractiva.<\/p>\n<p><iframe loading=\"lazy\" title=\"FI UNSJ \" width=\"800\" height=\"450\" src=\"https:\/\/www.youtube.com\/embed\/5dekt5q9t60?feature=oembed\" frameborder=\"0\" allow=\"accelerometer; autoplay; clipboard-write; encrypted-media; gyroscope; picture-in-picture; web-share\" referrerpolicy=\"strict-origin-when-cross-origin\" allowfullscreen><\/iframe><\/p>\n<p>&nbsp;<\/p>\n<p>&nbsp;<\/p>\n<p>Finalmente, la Decana de la FI de la UNSJ, Dra. Andrea D\u00edaz, quien invit\u00f3 a seguir fortaleciendo del legado de Domingo Faustino Sarmiento y los que lucharon para construir lo que es hoy la Unidad Acad\u00e9mica.<\/p>\n<p><iframe loading=\"lazy\" title=\"FI UNSJ DECANA DRA. ANDREA D\u00cdAZ \" width=\"800\" height=\"450\" src=\"https:\/\/www.youtube.com\/embed\/0m3pafttm9Q?feature=oembed\" frameborder=\"0\" allow=\"accelerometer; autoplay; clipboard-write; encrypted-media; gyroscope; picture-in-picture; web-share\" referrerpolicy=\"strict-origin-when-cross-origin\" allowfullscreen><\/iframe><\/p>\n<p>&nbsp;<\/p>\n<p><img loading=\"lazy\" decoding=\"async\" class=\"alignnone size-full wp-image-63271\" src=\"https:\/\/vocesparalelas.com.ar\/sitio\/wp-content\/uploads\/2023\/08\/FI-DECANOS-01.jpg\" alt=\"\" width=\"800\" height=\"600\" srcset=\"https:\/\/vocesparalelas.com.ar\/sitio\/wp-content\/uploads\/2023\/08\/FI-DECANOS-01.jpg 800w, https:\/\/vocesparalelas.com.ar\/sitio\/wp-content\/uploads\/2023\/08\/FI-DECANOS-01-300x225.jpg 300w, https:\/\/vocesparalelas.com.ar\/sitio\/wp-content\/uploads\/2023\/08\/FI-DECANOS-01-768x576.jpg 768w\" sizes=\"auto, (max-width: 800px) 100vw, 800px\" \/><\/p>\n<p><img loading=\"lazy\" decoding=\"async\" class=\"alignnone size-full wp-image-91161\" src=\"https:\/\/vocesparalelas.com.ar\/sitio\/wp-content\/uploads\/2025\/09\/FI-UNSJ-SARMIENTO-03.jpg\" alt=\"\" width=\"800\" height=\"533\" srcset=\"https:\/\/vocesparalelas.com.ar\/sitio\/wp-content\/uploads\/2025\/09\/FI-UNSJ-SARMIENTO-03.jpg 800w, https:\/\/vocesparalelas.com.ar\/sitio\/wp-content\/uploads\/2025\/09\/FI-UNSJ-SARMIENTO-03-300x200.jpg 300w, https:\/\/vocesparalelas.com.ar\/sitio\/wp-content\/uploads\/2025\/09\/FI-UNSJ-SARMIENTO-03-768x512.jpg 768w\" sizes=\"auto, (max-width: 800px) 100vw, 800px\" \/><\/p>\n<p><img loading=\"lazy\" decoding=\"async\" class=\"alignnone size-full wp-image-60280\" src=\"https:\/\/vocesparalelas.com.ar\/sitio\/wp-content\/uploads\/2023\/06\/FI-UNSJ-FRENTE.jpg\" alt=\"\" width=\"800\" height=\"600\" srcset=\"https:\/\/vocesparalelas.com.ar\/sitio\/wp-content\/uploads\/2023\/06\/FI-UNSJ-FRENTE.jpg 800w, https:\/\/vocesparalelas.com.ar\/sitio\/wp-content\/uploads\/2023\/06\/FI-UNSJ-FRENTE-300x225.jpg 300w, https:\/\/vocesparalelas.com.ar\/sitio\/wp-content\/uploads\/2023\/06\/FI-UNSJ-FRENTE-768x576.jpg 768w\" sizes=\"auto, (max-width: 800px) 100vw, 800px\" \/><\/p>\n","protected":false},"excerpt":{"rendered":"<p>La comunidad universitaria de la Facultad de Ingenier\u00eda de la Universidad Nacional de San Juan se reuni\u00f3 en la Plaza<\/p>\n","protected":false},"author":3,"featured_media":91158,"comment_status":"closed","ping_status":"closed","sticky":false,"template":"","format":"standard","meta":{"_acf_changed":false,"_seopress_robots_primary_cat":"none","_seopress_titles_title":"","_seopress_titles_desc":"","_seopress_robots_index":"","colormag_page_container_layout":"default_layout","colormag_page_sidebar_layout":"default_layout","footnotes":""},"categories":[10,7],"tags":[],"class_list":["post-91154","post","type-post","status-publish","format-standard","has-post-thumbnail","hentry","category-opiniones","category-videos"],"acf":[],"_links":{"self":[{"href":"https:\/\/vocesparalelas.com.ar\/sitio\/wp-json\/wp\/v2\/posts\/91154","targetHints":{"allow":["GET"]}}],"collection":[{"href":"https:\/\/vocesparalelas.com.ar\/sitio\/wp-json\/wp\/v2\/posts"}],"about":[{"href":"https:\/\/vocesparalelas.com.ar\/sitio\/wp-json\/wp\/v2\/types\/post"}],"author":[{"embeddable":true,"href":"https:\/\/vocesparalelas.com.ar\/sitio\/wp-json\/wp\/v2\/users\/3"}],"replies":[{"embeddable":true,"href":"https:\/\/vocesparalelas.com.ar\/sitio\/wp-json\/wp\/v2\/comments?post=91154"}],"version-history":[{"count":3,"href":"https:\/\/vocesparalelas.com.ar\/sitio\/wp-json\/wp\/v2\/posts\/91154\/revisions"}],"predecessor-version":[{"id":91162,"href":"https:\/\/vocesparalelas.com.ar\/sitio\/wp-json\/wp\/v2\/posts\/91154\/revisions\/91162"}],"wp:featuredmedia":[{"embeddable":true,"href":"https:\/\/vocesparalelas.com.ar\/sitio\/wp-json\/wp\/v2\/media\/91158"}],"wp:attachment":[{"href":"https:\/\/vocesparalelas.com.ar\/sitio\/wp-json\/wp\/v2\/media?parent=91154"}],"wp:term":[{"taxonomy":"category","embeddable":true,"href":"https:\/\/vocesparalelas.com.ar\/sitio\/wp-json\/wp\/v2\/categories?post=91154"},{"taxonomy":"post_tag","embeddable":true,"href":"https:\/\/vocesparalelas.com.ar\/sitio\/wp-json\/wp\/v2\/tags?post=91154"}],"curies":[{"name":"wp","href":"https:\/\/api.w.org\/{rel}","templated":true}]}}