{"id":91136,"date":"2025-09-10T21:05:47","date_gmt":"2025-09-11T00:05:47","guid":{"rendered":"https:\/\/vocesparalelas.com.ar\/sitio\/?p=91136"},"modified":"2025-09-13T11:53:53","modified_gmt":"2025-09-13T14:53:53","slug":"proyecto-de-ley-de-modernizacion-y-transparencia-del-transporte-de-personas-y-cargas-de-la-provincia-de-san-juan","status":"publish","type":"post","link":"https:\/\/vocesparalelas.com.ar\/sitio\/proyecto-de-ley-de-modernizacion-y-transparencia-del-transporte-de-personas-y-cargas-de-la-provincia-de-san-juan\/","title":{"rendered":"Proyecto de Ley de Modernizaci\u00f3n y Transparencia del Transporte de Personas y Cargas de la Provincia de San Juan"},"content":{"rendered":"<p>En el marco de una reuni\u00f3n conjunta de las comisiones de Legislaci\u00f3n y Asuntos Constitucionales &#8211; LAC &#8211; y de Obras y Servicios P\u00fablicos, los legisladores integrantes recibieron al secretario de Tr\u00e1nsito y Transporte, Marcelo Molina, para abordar el proyecto de Ley de Modernizaci\u00f3n y Transparencia del Transporte de Personas y Cargas de la Provincia de San Juan.<\/p>\n<p>El encuentro se desarroll\u00f3 en el segundo piso del edificio Anexo de la Legislatura Provincial y fue presidido por los presidentes de ambas comisiones, los diputados Dr. Juan de la Cruz C\u00f3rdoba &#8211; LAC &#8211; y Enzo Cornejo &#8211; Obras y Servicios P\u00fablicos.<\/p>\n<p><img loading=\"lazy\" decoding=\"async\" class=\"alignnone size-full wp-image-91140\" src=\"https:\/\/vocesparalelas.com.ar\/sitio\/wp-content\/uploads\/2025\/09\/CDSJ-TRANSPORTE-01.jpg\" alt=\"\" width=\"800\" height=\"458\" srcset=\"https:\/\/vocesparalelas.com.ar\/sitio\/wp-content\/uploads\/2025\/09\/CDSJ-TRANSPORTE-01.jpg 800w, https:\/\/vocesparalelas.com.ar\/sitio\/wp-content\/uploads\/2025\/09\/CDSJ-TRANSPORTE-01-300x172.jpg 300w, https:\/\/vocesparalelas.com.ar\/sitio\/wp-content\/uploads\/2025\/09\/CDSJ-TRANSPORTE-01-768x440.jpg 768w\" sizes=\"auto, (max-width: 800px) 100vw, 800px\" \/><\/p>\n<p>Tambi\u00e9n participaron los legisladores Federico Rizo, Marcela Quiroga, Fernando Patinella, Mar\u00eda Rita Lascano, Franco Aranda, Pedro Albagli, Graciela Seva, Mario Herrero, Juan Carlos Quiroga Moyano, Fernanda Paredes, Emilio Escudero, Marcelo Mallea, Leopoldo Soler, Alejandra Leonardo, Eduardo Cabello, M\u00f3nica Gonz\u00e1lez y Luis Rueda.<\/p>\n<p data-start=\"1146\" data-end=\"1582\">Durante la reuni\u00f3n, el secretario de Tr\u00e1nsito y Transporte, Marcelo Molina brind\u00f3 detalles sobre el expediente N\u00ba 1849, cuya iniciativa propone una profunda y necesaria reforma normativa que unifica y moderniza el r\u00e9gimen legal vigente. En ese sentido, explic\u00f3 que el proyecto busca poner fin a la fragmentaci\u00f3n normativa que ha caracterizado al sector, estableciendo un marco legal \u00fanico, claro y coherente que regule tanto el transporte de personas como el de cargas.<\/p>\n<p data-start=\"1584\" data-end=\"2063\">Asimismo, destac\u00f3 la incorporaci\u00f3n de principios rectores como calidad, accesibilidad, eficacia, mejora continua, modernizaci\u00f3n y universalidad, con el objetivo de situar al transporte provincial bajo est\u00e1ndares m\u00e1s elevados, alineados con los compromisos internacionales en materia de derechos humanos y desarrollo sostenible. Esta evoluci\u00f3n conceptual responde a la realidad social y econ\u00f3mica actual, promoviendo una prestaci\u00f3n del servicio p\u00fablico m\u00e1s eficiente y equitativa.<\/p>\n<p><strong><span style=\"color: #800080;\">Objetivos principales<\/span><\/strong><\/p>\n<ul>\n<li><strong><span style=\"color: #800080;\">Modernizaci\u00f3n y profesionalizaci\u00f3n: <\/span><\/strong>Actualizar los servicios de transporte para que sean m\u00e1s eficientes y profesionales.<\/li>\n<li><span style=\"color: #800080;\"><strong>Transparencia y competencia: <\/strong><\/span>Fomentar una mayor competencia en el mercado, lo que se traducir\u00eda en m\u00e1s opciones y mejores precios para los usuarios.<\/li>\n<li><strong><span style=\"color: #800080;\">Unificaci\u00f3n del sistema: <\/span><\/strong>Unificar en un registro \u00fanico (Reprotran) a todos los conductores de taxis, remises, colectivos, transporte escolar y transporte de carga.<\/li>\n<li><strong><span style=\"color: #800080;\">Sanciones econ\u00f3micas: <\/span><\/strong>Establecer multas elevadas, para quienes operen sin estar registrados.<\/li>\n<\/ul>\n<p><span style=\"color: #800080;\"><strong>Puntos clave de la reforma:<\/strong><\/span><\/p>\n<ul>\n<li><span style=\"color: #800080;\"><strong>Fin del alquiler de licencias: <\/strong><\/span>Se eliminar\u00e1 el sistema de licencias de taxis y remises, que era un foco de negocios millonarios, el registro ser\u00e1 personal e intransferible.<\/li>\n<li><span style=\"color: #800080;\"><strong>Creaci\u00f3n del Reprotran: <\/strong><\/span>Este registro provincial ser\u00e1 obligatorio para todos los choferes y veh\u00edculos.<\/li>\n<li><strong><span style=\"color: #800080;\">Inclusi\u00f3n de servicios: <\/span><\/strong>El registro abarca diversas modalidades de transporte, como taxis, remises, colectivos, transporte escolar.<\/li>\n<\/ul>\n<p data-start=\"2065\" data-end=\"2219\">Finalmente, los diputados realizaron diversas consultas para profundizar en el an\u00e1lisis del proyecto, que continuar\u00e1 en tratamiento en pr\u00f3ximas reuniones.<\/p>\n<p><iframe loading=\"lazy\" title=\"Marcelo Molina - Secretario de Tr\u00e1nsito y Transporte\" width=\"800\" height=\"450\" src=\"https:\/\/www.youtube.com\/embed\/hXp1YhdWSEM?feature=oembed\" frameborder=\"0\" allow=\"accelerometer; autoplay; clipboard-write; encrypted-media; gyroscope; picture-in-picture; web-share\" referrerpolicy=\"strict-origin-when-cross-origin\" allowfullscreen><\/iframe><\/p>\n<figure id=\"attachment_37951\" aria-describedby=\"caption-attachment-37951\" style=\"width: 800px\" class=\"wp-caption alignnone\"><img loading=\"lazy\" decoding=\"async\" class=\"size-full wp-image-37951\" src=\"https:\/\/vocesparalelas.com.ar\/sitio\/wp-content\/uploads\/2021\/05\/CAMARA-EDIFICIO.jpg\" alt=\"\" width=\"800\" height=\"515\" srcset=\"https:\/\/vocesparalelas.com.ar\/sitio\/wp-content\/uploads\/2021\/05\/CAMARA-EDIFICIO.jpg 800w, https:\/\/vocesparalelas.com.ar\/sitio\/wp-content\/uploads\/2021\/05\/CAMARA-EDIFICIO-300x193.jpg 300w, https:\/\/vocesparalelas.com.ar\/sitio\/wp-content\/uploads\/2021\/05\/CAMARA-EDIFICIO-768x494.jpg 768w\" sizes=\"auto, (max-width: 800px) 100vw, 800px\" \/><figcaption id=\"caption-attachment-37951\" class=\"wp-caption-text\">Legislatura Provincial de San Juan, Rep\u00fablica Argentina<\/figcaption><\/figure>\n","protected":false},"excerpt":{"rendered":"<p>En el marco de una reuni\u00f3n conjunta de las comisiones de Legislaci\u00f3n y Asuntos Constitucionales &#8211; LAC &#8211; y de<\/p>\n","protected":false},"author":3,"featured_media":91139,"comment_status":"closed","ping_status":"closed","sticky":false,"template":"","format":"standard","meta":{"_acf_changed":false,"_seopress_robots_primary_cat":"none","_seopress_titles_title":"","_seopress_titles_desc":"","_seopress_robots_index":"","colormag_page_container_layout":"default_layout","colormag_page_sidebar_layout":"default_layout","footnotes":""},"categories":[10,7],"tags":[],"class_list":["post-91136","post","type-post","status-publish","format-standard","has-post-thumbnail","hentry","category-opiniones","category-videos"],"acf":[],"_links":{"self":[{"href":"https:\/\/vocesparalelas.com.ar\/sitio\/wp-json\/wp\/v2\/posts\/91136","targetHints":{"allow":["GET"]}}],"collection":[{"href":"https:\/\/vocesparalelas.com.ar\/sitio\/wp-json\/wp\/v2\/posts"}],"about":[{"href":"https:\/\/vocesparalelas.com.ar\/sitio\/wp-json\/wp\/v2\/types\/post"}],"author":[{"embeddable":true,"href":"https:\/\/vocesparalelas.com.ar\/sitio\/wp-json\/wp\/v2\/users\/3"}],"replies":[{"embeddable":true,"href":"https:\/\/vocesparalelas.com.ar\/sitio\/wp-json\/wp\/v2\/comments?post=91136"}],"version-history":[{"count":3,"href":"https:\/\/vocesparalelas.com.ar\/sitio\/wp-json\/wp\/v2\/posts\/91136\/revisions"}],"predecessor-version":[{"id":91254,"href":"https:\/\/vocesparalelas.com.ar\/sitio\/wp-json\/wp\/v2\/posts\/91136\/revisions\/91254"}],"wp:featuredmedia":[{"embeddable":true,"href":"https:\/\/vocesparalelas.com.ar\/sitio\/wp-json\/wp\/v2\/media\/91139"}],"wp:attachment":[{"href":"https:\/\/vocesparalelas.com.ar\/sitio\/wp-json\/wp\/v2\/media?parent=91136"}],"wp:term":[{"taxonomy":"category","embeddable":true,"href":"https:\/\/vocesparalelas.com.ar\/sitio\/wp-json\/wp\/v2\/categories?post=91136"},{"taxonomy":"post_tag","embeddable":true,"href":"https:\/\/vocesparalelas.com.ar\/sitio\/wp-json\/wp\/v2\/tags?post=91136"}],"curies":[{"name":"wp","href":"https:\/\/api.w.org\/{rel}","templated":true}]}}