{"id":91129,"date":"2025-09-12T18:32:08","date_gmt":"2025-09-12T21:32:08","guid":{"rendered":"https:\/\/vocesparalelas.com.ar\/sitio\/?p=91129"},"modified":"2025-09-13T22:33:06","modified_gmt":"2025-09-14T01:33:06","slug":"mas-cargos-vacantes-de-supervision-escolar-rama-primaria-en-san-juan","status":"publish","type":"post","link":"https:\/\/vocesparalelas.com.ar\/sitio\/mas-cargos-vacantes-de-supervision-escolar-rama-primaria-en-san-juan\/","title":{"rendered":"M\u00e1s Cargos vacantes de Supervisi\u00f3n Escolar Rama Primaria en San Juan"},"content":{"rendered":"<p>El Ministerio de Educaci\u00f3n del Gobierno de San Juan, a trav\u00e9s de la Junta de Clasificaci\u00f3n Docente Rama Primaria, convoca a cubrir m\u00e1s cargos vacantes de Supervisi\u00f3n Escolar, conforme a lo dispuesto por la Resoluci\u00f3n N\u00ba 05313-ME-2024.<\/p>\n<p><span style=\"color: #ff6600;\"><strong>Cronograma<\/strong><\/span><\/p>\n<ul>\n<li>Exhibici\u00f3n de cargos vacantes: 12, 13, 14 y 15 de septiembre de 2025.<\/li>\n<li>Acto de ofrecimiento de cargo: 16 de septiembre de 2025.<\/li>\n<li>Canje de certificados: 17 de septiembre de 2025.<\/li>\n<\/ul>\n<p>Los docentes interesados deben concurrir con la siguiente documentaci\u00f3n:<\/p>\n<ul>\n<li>DNI.<\/li>\n<li>Fotocopia de DNI.<\/li>\n<li>Declaraci\u00f3n Jurada de Cargos emitida por el SIGE.<\/li>\n<li>Resoluci\u00f3n del cargo directivo por el cual concursa.<\/li>\n<\/ul>\n<p>Los cargos son los siguientes:<\/p>\n<p><span style=\"color: #ff6600;\"><strong>Supervisi\u00f3n escolar de educaci\u00f3n primaria<\/strong><\/span><\/p>\n<ul>\n<li>Orden 1. Car\u00e1cter interino. Zona 17. Radio 2. Turno: Ma\u00f1ana y Tarde. Motivo de la vacante: traslado de Luisa Aida Molina (T), Resoluci\u00f3n N\u00b0 3227-ME-2020; y jubilaci\u00f3n de Miryam Beatriz Rosales (I), Resoluci\u00f3n N\u00b0 17428-ME-2025.<\/li>\n<li>Orden 2. Car\u00e1cter interino. Zona 26. Radio 6. Turno: Ma\u00f1ana y Tarde. Motivo de la vacante: jubilaci\u00f3n de Nancy Jacqueline Mor\u00e1n (T), Resoluci\u00f3n N\u00b0 15487-ME-2025.<\/li>\n<\/ul>\n<p><span style=\"color: #ff6600;\"><strong>Supervisi\u00f3n escolar de educaci\u00f3n inicial<\/strong><\/span><\/p>\n<ul>\n<li>Orden 1. Car\u00e1cter interino. Zona 5. Radio 2. Turno: ma\u00f1ana y tarde. Motivo de la vacante: Creaci\u00f3n, Resoluci\u00f3n N\u00b0 5097-ME-2015, Resoluci\u00f3n N\u00b0 8666-ME-2015 y Resoluci\u00f3n N\u00b0 9814-ME-2015; y jubilaci\u00f3n de Marcela Elisa Fagale (I), Resoluci\u00f3n N\u00b0 17429-ME-2025.<\/li>\n<li>Orden2. Car\u00e1cter interino. Zona 12. Radio 6. Turno: Ma\u00f1ana y Tarde. Motivo de la vacante: jubilaci\u00f3n de Myriam Susana Radi (T), Resoluci\u00f3n N\u00b0 3067-ME-2020 y Resoluci\u00f3n N\u00b0 6444-ME-2020; y jubilaci\u00f3n de Mariela del Carmen Penisi (I), Resoluci\u00f3n N\u00b0 17688-ME-2025.<\/li>\n<\/ul>\n<p>El acto se desarrolla en la sede de Junta de Clasificaci\u00f3n Rama Primaria,\u00a0 Tucum\u00e1n 75 &#8211; N &#8211; Capital, el 16 de Septiembre de 2025, a las 13 hs..<\/p>\n<p>&nbsp;<\/p>\n<p><img loading=\"lazy\" decoding=\"async\" class=\"alignnone size-full wp-image-28629\" src=\"https:\/\/vocesparalelas.com.ar\/sitio\/wp-content\/uploads\/2020\/05\/MINISTERIO-EDUCACION-SJ.jpg\" alt=\"\" width=\"800\" height=\"533\" srcset=\"https:\/\/vocesparalelas.com.ar\/sitio\/wp-content\/uploads\/2020\/05\/MINISTERIO-EDUCACION-SJ.jpg 800w, https:\/\/vocesparalelas.com.ar\/sitio\/wp-content\/uploads\/2020\/05\/MINISTERIO-EDUCACION-SJ-300x200.jpg 300w, https:\/\/vocesparalelas.com.ar\/sitio\/wp-content\/uploads\/2020\/05\/MINISTERIO-EDUCACION-SJ-768x512.jpg 768w\" sizes=\"auto, (max-width: 800px) 100vw, 800px\" \/><\/p>\n","protected":false},"excerpt":{"rendered":"<p>El Ministerio de Educaci\u00f3n del Gobierno de San Juan, a trav\u00e9s de la Junta de Clasificaci\u00f3n Docente Rama Primaria, convoca<\/p>\n","protected":false},"author":3,"featured_media":5000,"comment_status":"closed","ping_status":"closed","sticky":false,"template":"","format":"standard","meta":{"_acf_changed":false,"_seopress_robots_primary_cat":"none","_seopress_titles_title":"","_seopress_titles_desc":"","_seopress_robots_index":"","colormag_page_container_layout":"default_layout","colormag_page_sidebar_layout":"default_layout","footnotes":""},"categories":[5],"tags":[],"class_list":["post-91129","post","type-post","status-publish","format-standard","has-post-thumbnail","hentry","category-ofrecimientos"],"acf":[],"_links":{"self":[{"href":"https:\/\/vocesparalelas.com.ar\/sitio\/wp-json\/wp\/v2\/posts\/91129","targetHints":{"allow":["GET"]}}],"collection":[{"href":"https:\/\/vocesparalelas.com.ar\/sitio\/wp-json\/wp\/v2\/posts"}],"about":[{"href":"https:\/\/vocesparalelas.com.ar\/sitio\/wp-json\/wp\/v2\/types\/post"}],"author":[{"embeddable":true,"href":"https:\/\/vocesparalelas.com.ar\/sitio\/wp-json\/wp\/v2\/users\/3"}],"replies":[{"embeddable":true,"href":"https:\/\/vocesparalelas.com.ar\/sitio\/wp-json\/wp\/v2\/comments?post=91129"}],"version-history":[{"count":4,"href":"https:\/\/vocesparalelas.com.ar\/sitio\/wp-json\/wp\/v2\/posts\/91129\/revisions"}],"predecessor-version":[{"id":91235,"href":"https:\/\/vocesparalelas.com.ar\/sitio\/wp-json\/wp\/v2\/posts\/91129\/revisions\/91235"}],"wp:featuredmedia":[{"embeddable":true,"href":"https:\/\/vocesparalelas.com.ar\/sitio\/wp-json\/wp\/v2\/media\/5000"}],"wp:attachment":[{"href":"https:\/\/vocesparalelas.com.ar\/sitio\/wp-json\/wp\/v2\/media?parent=91129"}],"wp:term":[{"taxonomy":"category","embeddable":true,"href":"https:\/\/vocesparalelas.com.ar\/sitio\/wp-json\/wp\/v2\/categories?post=91129"},{"taxonomy":"post_tag","embeddable":true,"href":"https:\/\/vocesparalelas.com.ar\/sitio\/wp-json\/wp\/v2\/tags?post=91129"}],"curies":[{"name":"wp","href":"https:\/\/api.w.org\/{rel}","templated":true}]}}