{"id":91124,"date":"2025-09-10T21:48:41","date_gmt":"2025-09-11T00:48:41","guid":{"rendered":"https:\/\/vocesparalelas.com.ar\/sitio\/?p=91124"},"modified":"2025-09-10T21:48:41","modified_gmt":"2025-09-11T00:48:41","slug":"asumieron-las-autoridades-estudiantiles-de-la-unsj-en-defensa-de-la-universidad-publica","status":"publish","type":"post","link":"https:\/\/vocesparalelas.com.ar\/sitio\/asumieron-las-autoridades-estudiantiles-de-la-unsj-en-defensa-de-la-universidad-publica\/","title":{"rendered":"Asumieron las autoridades estudiantiles de la UNSJ en defensa de la universidad p\u00fablica"},"content":{"rendered":"<p>Con la presencia de autoridades universitarias, provinciales, legislativas, gremiales, as\u00ed como candidatas y candidatos a diputados y gran cantidad de p\u00fablico, el movimiento estudiantil puso en funciones ayer a quienes tendr\u00e1n a su cargo la conducci\u00f3n de la Federaci\u00f3n Universitaria (FUSJ) y de los Centros de Estudiantes de 5 unidades acad\u00e9micas.<\/p>\n<p>El acto cont\u00f3 adem\u00e1s con la presencia del cuerpo de bandera integrado por Familiares de Ca\u00eddos en Malvinas. El Coro Vocacional, dirigido por M\u00f3nica Skowron, particip\u00f3 en la interpretaci\u00f3n del Himno Nacional Argentino y de obras de su repertorio.<\/p>\n<p>El Ing. Tadeo Berenguer, rector de la UNSJ, y la Esp. Andrea Leceta, vicerrectora presidieron la fila de autoridades, que estuvo tambi\u00e9n integrada por representantes de las facultades y de la Escuela Universitaria de Ciencias de la Salud.<\/p>\n<p>Por el escenario desfilaron los nuevos presidentes de los Centros de Estudiantes, acompa\u00f1ados por las y los integrantes de cada Comisi\u00f3n Directiva, para recibir sus certificaciones.<\/p>\n<ul>\n<li>Facultad de Filosof\u00eda, Humanidades y Artes: Gonzalo Valent\u00edn L\u00f3pez;<\/li>\n<li>Facultad de Ciencias Sociales: Cristian Jara;<\/li>\n<li>Facultad de Arquitectura, Urbanismo y Dise\u00f1o: Hern\u00e1n Ram\u00edrez;<\/li>\n<li>Escuela de Ciencias de la Salud: Ram\u00f3n Francisco Herrera<\/li>\n<li>Facultad de Ingenier\u00eda: Elias Franco Tello.<\/li>\n<\/ul>\n<p>La comisi\u00f3n directiva de la FUSJ<\/p>\n<ul>\n<li>Presidente: Gonzalo Leyes,<\/li>\n<li>Vicepresidenta: Xiomara Naranjo<\/li>\n<li>Secretario General: Facundo Thebault<\/li>\n<\/ul>\n<p>Cada presidente tuvo unos minutos para pronunciar su discurso; todos coincidieron en recordar a los estudiantes desaparecidos durante la dictadura y en sostener que la pol\u00edtica tiene que ser una herramienta para transformar la universidad.<\/p>\n<p>Gonzalo Leyes, flamante presidente de la FUSJ, fue el siguiente en los discursos.<\/p>\n<p>\u201cNac\u00ed y crec\u00ed en Caucete, en la localidad de El Rinc\u00f3n. Para nosotros, los que venimos de abajo y de muy lejos, la universidad dif\u00edcilmente est\u00e1 en el radar. Sin embargo, fue gracias al esfuerzo de mis viejos, que pude estudiar en la universidad. Pero con eso no hubiera sido suficiente sin una universidad p\u00fablica y gratuita, pero tampoco hubiera sido posible sin un Estado que acompa\u00f1\u00f3, con pol\u00edticas como el Progresar y el Conectar Igualdad, la trayectoria de millones de j\u00f3venes y adolescentes de nuestro pa\u00eds. Lo tengo que decir: ese fue un Estado presente y esos fueron gobiernos peronistas tambi\u00e9n\u201d, fueron sus primeras palabras.<\/p>\n<p>Continu\u00f3 relatando que \u201cMuy temprano me di cuenta de algo muy importante: la pol\u00edtica transforma vidas. No solo fuimos sujeto de esas pol\u00edticas, sino que tambi\u00e9n fuimos invitados a militar. Y la pol\u00edtica, que parec\u00eda reducida s\u00f3lo a unos pocos o con apellido, se convirti\u00f3 en una herramienta para que los que venimos de abajo, tambi\u00e9n pudi\u00e9ramos ser parte de la transformaci\u00f3n de nuestra Patria. En ese horizonte, la universidad es fundamental. Es ac\u00e1 donde se forman los profesionales del futuro, pero tambi\u00e9n ciudadanos y dirigentes comprometidos con la realidad de nuestra Patria\u201d.<\/p>\n<p>En un p\u00e1rrafo referido a la militancia, reconoci\u00f3 a sus antecesores y expres\u00f3 que \u201cHablar de militancia universitaria no puede ser posible sin reconocer el enorme trabajo que han realizado Cinthia de Luca, Ana Iturrieta, Andrea Rojas y todos los compa\u00f1eros que forman parte de la Comisi\u00f3n Directiva saliente. Tenemos muchos desaf\u00edos por delante: muchos representan nada m\u00e1s que la continuidad del trabajo que ya vienen realizando mis compa\u00f1eros Manuel Gim\u00e9nez y Cinthia De Luca, y que tiene que ver con garantizar el acceso a los derechos adquiridos y trabajar para seguir ampli\u00e1ndolos y con fortalecer el trabajo con los municipios, con las instituciones, con tender puentes con las escuelas secundarias y reafirmar que esta conducci\u00f3n va a defender con firmeza la autonom\u00eda de la Federaci\u00f3n y de los Centros de Estudiantes, porque no vamos a permitir que nadie que no sea estudiante se entrometa en las cuestiones que son por y para los estudiantes\u201d.<\/p>\n<p>Tambi\u00e9n tuvo palabras para la defensa de la educaci\u00f3n p\u00fablica. \u201cDecir que junto a los gremios que integran la multisectorial en defensa de la universidad p\u00fablica, a profundizar la lucha por el presupuesto universitario, por las becas estudiantiles y por salarios dignos para nuestros docentes y nodocentes. Tenemos muchos desaf\u00edos por delante y lo queremos hacer junto a todos: con los Centros de Estudiantes, con las agrupaciones estudiantiles y con cada estudiante. Ante el escenario tan dif\u00edcil que est\u00e1 atravesando nuestra sociedad, esta Federaci\u00f3n no va a ser indiferente. Queremos ser parte de las discusiones sobre el presente y futuro de nuestra provincia y queremos representar a los estudiantes universitarios, pero tambi\u00e9n a los que no llegan a la universidad, esos j\u00f3venes que hoy sienten el abandono del estado nacional y del estado provincial. Frente a eso, nosotros vamos a marcar una agenda: vamos a hablar de salud mental, sobre trabajo, sobre vivienda, porque creemos que es posible construir un futuro distinto para las juventudes. Esta federaci\u00f3n va a estar abierta para todos y todas. El movimiento estudiantil puede ser fuerte s\u00f3lo si estamos unidos y organizado\u201d.<\/p>\n<p>Con \u00e9nfasis, dijo que \u201cMilitamos no s\u00f3lo porque queremos que las cosas sean distintas: militamos porque somos parte de un pueblo que lleva en su esencia el germen patri\u00f3tico y revolucionario de nuestros pr\u00f3ceres, un pueblo que enfrent\u00f3 batallas, que resisti\u00f3 y que est\u00e1 luchando contra aquellos que lo quiere ver dormido y sin sue\u00f1os. Hoy, con la presencia de nuestros h\u00e9roes de Malvinas y con el legado de quienes nos precedieron, reafirmamos nuestro compromiso inquebrantable con los estudiantes, con la universidad p\u00fablica, gratuita y de calidad y nos ponemos a disposici\u00f3n de la construcci\u00f3n de una patria mejor\u201d.<\/p>\n<p>El discurso de cierre estuvo a cargo del rector de la UNSJ, Tadeo Berenguer, quien luego de agradecer a todas y todos los asistentes por su presencia, dijo: \u201cEstos actos son muy gratos porque aqu\u00ed se ve reflejada toda la comunidad. Estamos poniendo en funciones a las autoridades de la FUSJ y de los Centros de Estudiantes, dir\u00edamos que este es el corolario del proceso electoral que este a\u00f1o comenz\u00f3 en junio, con las elecciones generales, y que cierra ahora con el estamento estudiantil. Quiero dirigirme al equipo de Cinthia De Luca y a su equipo, a quienes quiero agradecer el acompa\u00f1amiento con la mirada particular del sector estudiantil a esta gesti\u00f3n y que ha dado frutos por el acompa\u00f1amiento en el \u00faltimo proceso electoral, poni\u00e9ndonos de acuerdo en un proyecto popular, que es el que estamos realizando\u201d.<\/p>\n<p>\u201cAl nuevo presidente, Gonzalo Leyes, le doy la bienvenida y a su conducci\u00f3n, que nos acompa\u00f1ar\u00e1 en los pr\u00f3ximos dos a\u00f1os, para seguir transformando esta Universidad, con un objetivo, que es el bien com\u00fan para toda la comunidad. Lo mismo para los Centros de Estudiantes\u201d.<\/p>\n<p>Se\u00f1al\u00f3 que \u201ceste proceso forma parte de la democracia universitaria, que es el pilar fundamental de este sistema universitario, que permite sostener la transparencia y la excelencia en la calidad universitaria. La voz y la acci\u00f3n de nuestros estudiantes es fundamental: ustedes son el sentido de nuestra Universidad, que adem\u00e1s de construir profesionales, debe forjar una mirada del mundo, ense\u00f1ar que lo social es lo fundamental y es lo pol\u00edtico, m\u00e1s all\u00e1 de lo personal, propiciando el pensamiento cr\u00edtico y la sensibilidad social, en estos momentos tan necesario en la vida de nuestro pa\u00eds\u201d.<\/p>\n<p>Concluy\u00f3 expresando que \u201ccomo estamento universitario, tienen un llamado fundamental, que es la acci\u00f3n y el compromiso colectivo, destacando la necesidad del di\u00e1logo, de la unidad y de la participaci\u00f3n para afrontar los desaf\u00edos\u201d.<\/p>\n<p><img loading=\"lazy\" decoding=\"async\" class=\"alignnone size-full wp-image-79515\" src=\"https:\/\/vocesparalelas.com.ar\/sitio\/wp-content\/uploads\/2024\/11\/UNSJ-LOGO-01.jpg\" alt=\"\" width=\"800\" height=\"459\" srcset=\"https:\/\/vocesparalelas.com.ar\/sitio\/wp-content\/uploads\/2024\/11\/UNSJ-LOGO-01.jpg 800w, https:\/\/vocesparalelas.com.ar\/sitio\/wp-content\/uploads\/2024\/11\/UNSJ-LOGO-01-300x172.jpg 300w, https:\/\/vocesparalelas.com.ar\/sitio\/wp-content\/uploads\/2024\/11\/UNSJ-LOGO-01-768x441.jpg 768w\" sizes=\"auto, (max-width: 800px) 100vw, 800px\" \/><\/p>\n","protected":false},"excerpt":{"rendered":"<p>Con la presencia de autoridades universitarias, provinciales, legislativas, gremiales, as\u00ed como candidatas y candidatos a diputados y gran cantidad de<\/p>\n","protected":false},"author":3,"featured_media":91149,"comment_status":"closed","ping_status":"closed","sticky":false,"template":"","format":"standard","meta":{"_acf_changed":false,"_seopress_robots_primary_cat":"none","_seopress_titles_title":"","_seopress_titles_desc":"","_seopress_robots_index":"","colormag_page_container_layout":"default_layout","colormag_page_sidebar_layout":"default_layout","footnotes":""},"categories":[1],"tags":[],"class_list":["post-91124","post","type-post","status-publish","format-standard","has-post-thumbnail","hentry","category-destacadas"],"acf":[],"_links":{"self":[{"href":"https:\/\/vocesparalelas.com.ar\/sitio\/wp-json\/wp\/v2\/posts\/91124","targetHints":{"allow":["GET"]}}],"collection":[{"href":"https:\/\/vocesparalelas.com.ar\/sitio\/wp-json\/wp\/v2\/posts"}],"about":[{"href":"https:\/\/vocesparalelas.com.ar\/sitio\/wp-json\/wp\/v2\/types\/post"}],"author":[{"embeddable":true,"href":"https:\/\/vocesparalelas.com.ar\/sitio\/wp-json\/wp\/v2\/users\/3"}],"replies":[{"embeddable":true,"href":"https:\/\/vocesparalelas.com.ar\/sitio\/wp-json\/wp\/v2\/comments?post=91124"}],"version-history":[{"count":1,"href":"https:\/\/vocesparalelas.com.ar\/sitio\/wp-json\/wp\/v2\/posts\/91124\/revisions"}],"predecessor-version":[{"id":91150,"href":"https:\/\/vocesparalelas.com.ar\/sitio\/wp-json\/wp\/v2\/posts\/91124\/revisions\/91150"}],"wp:featuredmedia":[{"embeddable":true,"href":"https:\/\/vocesparalelas.com.ar\/sitio\/wp-json\/wp\/v2\/media\/91149"}],"wp:attachment":[{"href":"https:\/\/vocesparalelas.com.ar\/sitio\/wp-json\/wp\/v2\/media?parent=91124"}],"wp:term":[{"taxonomy":"category","embeddable":true,"href":"https:\/\/vocesparalelas.com.ar\/sitio\/wp-json\/wp\/v2\/categories?post=91124"},{"taxonomy":"post_tag","embeddable":true,"href":"https:\/\/vocesparalelas.com.ar\/sitio\/wp-json\/wp\/v2\/tags?post=91124"}],"curies":[{"name":"wp","href":"https:\/\/api.w.org\/{rel}","templated":true}]}}