{"id":91120,"date":"2025-09-10T12:47:16","date_gmt":"2025-09-10T15:47:16","guid":{"rendered":"https:\/\/vocesparalelas.com.ar\/sitio\/?p=91120"},"modified":"2025-09-10T12:47:16","modified_gmt":"2025-09-10T15:47:16","slug":"se-suspenden-las-actividades-universitarias-de-la-unsj-por-fuerte-viento","status":"publish","type":"post","link":"https:\/\/vocesparalelas.com.ar\/sitio\/se-suspenden-las-actividades-universitarias-de-la-unsj-por-fuerte-viento\/","title":{"rendered":"Se suspenden las Actividades Universitarias de la UNSJ por fuerte viento"},"content":{"rendered":"<p>Debido al fuerte viento pronosticado para el Mi\u00e9rcoles, 10 de Septiembre de 2025, la Universidad Nacional de San Juan suspende sus actividades en la siesta y tarde.<\/p>\n<p><iframe loading=\"lazy\" title=\"SAN JUAN VIENTO ZONDA \" width=\"800\" height=\"450\" src=\"https:\/\/www.youtube.com\/embed\/AalgozjiQUM?feature=oembed\" frameborder=\"0\" allow=\"accelerometer; autoplay; clipboard-write; encrypted-media; gyroscope; picture-in-picture; web-share\" referrerpolicy=\"strict-origin-when-cross-origin\" allowfullscreen><\/iframe><\/p>\n<p>As\u00ed, las primeras Unidades que suspenden son la Facultad de Ingenier\u00eda, recomienda que las actividades acad\u00e9micas y administrativas se desarrollen en modalidad remota.<\/p>\n<p>La Facultad de Arquitectura, Urbanismo y Dise\u00f1o y la Escuela Universitaria de Ciencias de la Salud, que lo declaran a partir de las 13.30 hs<\/p>\n<p>En tanto, los tres Institutos Preuniversitarios Escuela Industrial, Escuela de Comercio y Colegio Central, interrumpir\u00e1n sus actividades desde las 14 horas. Es decir, en los turnos Intermedio y Tarde.<\/p>\n<p>A ese horario, 14 hs, tambi\u00e9n, suspenden sus tareas la Facultad de Ciencias Exactas, F\u00edsicas y Naturales, la Facultad de Filosof\u00eda, Humanidades y Artes y la Facultad de Ciencias Sociales.<\/p>\n<p>Por otra parte, quedan suspendidas las actividades deportivas en El Palomar, la atenci\u00f3n al p\u00fablico, Oficina de G\u00e9nero, Gimnasio Ambrosini, Salud Universitaria y\u00a0Natatorio Climatizado desde las 13.30 a las 18.30.<\/p>\n<p>Adem\u00e1s, no se realizar\u00e1 el servicio de cena en el Comedor Universitario de El Palomar.<\/p>\n<p><img loading=\"lazy\" decoding=\"async\" class=\"alignnone size-full wp-image-54035\" src=\"https:\/\/vocesparalelas.com.ar\/sitio\/wp-content\/uploads\/2022\/11\/UNSJ-LOGO-10.jpg\" alt=\"\" width=\"800\" height=\"533\" srcset=\"https:\/\/vocesparalelas.com.ar\/sitio\/wp-content\/uploads\/2022\/11\/UNSJ-LOGO-10.jpg 800w, https:\/\/vocesparalelas.com.ar\/sitio\/wp-content\/uploads\/2022\/11\/UNSJ-LOGO-10-300x200.jpg 300w, https:\/\/vocesparalelas.com.ar\/sitio\/wp-content\/uploads\/2022\/11\/UNSJ-LOGO-10-768x512.jpg 768w\" sizes=\"auto, (max-width: 800px) 100vw, 800px\" \/><\/p>\n","protected":false},"excerpt":{"rendered":"<p>Debido al fuerte viento pronosticado para el Mi\u00e9rcoles, 10 de Septiembre de 2025, la Universidad Nacional de San Juan suspende<\/p>\n","protected":false},"author":3,"featured_media":4280,"comment_status":"closed","ping_status":"closed","sticky":false,"template":"","format":"standard","meta":{"_acf_changed":false,"_seopress_robots_primary_cat":"none","_seopress_titles_title":"","_seopress_titles_desc":"","_seopress_robots_index":"","colormag_page_container_layout":"default_layout","colormag_page_sidebar_layout":"default_layout","footnotes":""},"categories":[1,7],"tags":[],"class_list":["post-91120","post","type-post","status-publish","format-standard","has-post-thumbnail","hentry","category-destacadas","category-videos"],"acf":[],"_links":{"self":[{"href":"https:\/\/vocesparalelas.com.ar\/sitio\/wp-json\/wp\/v2\/posts\/91120","targetHints":{"allow":["GET"]}}],"collection":[{"href":"https:\/\/vocesparalelas.com.ar\/sitio\/wp-json\/wp\/v2\/posts"}],"about":[{"href":"https:\/\/vocesparalelas.com.ar\/sitio\/wp-json\/wp\/v2\/types\/post"}],"author":[{"embeddable":true,"href":"https:\/\/vocesparalelas.com.ar\/sitio\/wp-json\/wp\/v2\/users\/3"}],"replies":[{"embeddable":true,"href":"https:\/\/vocesparalelas.com.ar\/sitio\/wp-json\/wp\/v2\/comments?post=91120"}],"version-history":[{"count":1,"href":"https:\/\/vocesparalelas.com.ar\/sitio\/wp-json\/wp\/v2\/posts\/91120\/revisions"}],"predecessor-version":[{"id":91123,"href":"https:\/\/vocesparalelas.com.ar\/sitio\/wp-json\/wp\/v2\/posts\/91120\/revisions\/91123"}],"wp:featuredmedia":[{"embeddable":true,"href":"https:\/\/vocesparalelas.com.ar\/sitio\/wp-json\/wp\/v2\/media\/4280"}],"wp:attachment":[{"href":"https:\/\/vocesparalelas.com.ar\/sitio\/wp-json\/wp\/v2\/media?parent=91120"}],"wp:term":[{"taxonomy":"category","embeddable":true,"href":"https:\/\/vocesparalelas.com.ar\/sitio\/wp-json\/wp\/v2\/categories?post=91120"},{"taxonomy":"post_tag","embeddable":true,"href":"https:\/\/vocesparalelas.com.ar\/sitio\/wp-json\/wp\/v2\/tags?post=91120"}],"curies":[{"name":"wp","href":"https:\/\/api.w.org\/{rel}","templated":true}]}}