{"id":91116,"date":"2025-09-10T12:39:15","date_gmt":"2025-09-10T15:39:15","guid":{"rendered":"https:\/\/vocesparalelas.com.ar\/sitio\/?p=91116"},"modified":"2025-09-10T12:39:15","modified_gmt":"2025-09-10T15:39:15","slug":"se-suspenden-las-actividades-educativas-en-san-juan-por-vientos-fuertes","status":"publish","type":"post","link":"https:\/\/vocesparalelas.com.ar\/sitio\/se-suspenden-las-actividades-educativas-en-san-juan-por-vientos-fuertes\/","title":{"rendered":"Se suspenden las Actividades Educativas en San Juan por vientos fuertes"},"content":{"rendered":"<p>Ante el alerta emitido por el Servicio Meteorol\u00f3gico Nacional y por recomendaci\u00f3n de Protecci\u00f3n Civil de la provincia, que inform\u00f3 que durante la jornada se prev\u00e9 la ocurrencia de vientos fuertes, el Ministerio de Educaci\u00f3n informa que se suspende las actividades escolares para la tarde, interturno, vespertino y nocturno de los niveles y modalidades, el Mi\u00e9rcoles, 10 de Septiembre de 2025.<\/p>\n<p><img loading=\"lazy\" decoding=\"async\" class=\"alignnone size-large wp-image-7132\" src=\"https:\/\/vocesparalelas.com.ar\/sitio\/wp-content\/uploads\/2017\/11\/ENSS-11-800x534.jpg\" alt=\"\" width=\"800\" height=\"534\" srcset=\"https:\/\/vocesparalelas.com.ar\/sitio\/wp-content\/uploads\/2017\/11\/ENSS-11-800x534.jpg 800w, https:\/\/vocesparalelas.com.ar\/sitio\/wp-content\/uploads\/2017\/11\/ENSS-11-300x200.jpg 300w, https:\/\/vocesparalelas.com.ar\/sitio\/wp-content\/uploads\/2017\/11\/ENSS-11-768x512.jpg 768w, https:\/\/vocesparalelas.com.ar\/sitio\/wp-content\/uploads\/2017\/11\/ENSS-11.jpg 1000w\" sizes=\"auto, (max-width: 800px) 100vw, 800px\" \/><\/p>\n<div class=\"itemFullText\">\n<p>A su vez, la suspensi\u00f3n tambi\u00e9n abarca a los llamados a cubrir cargos docentes y horas c\u00e1tedras, que estaban programados en estos turnos.<\/p>\n<p><iframe loading=\"lazy\" title=\"SAN JUAN VIENTO ZONDA \" width=\"800\" height=\"450\" src=\"https:\/\/www.youtube.com\/embed\/AalgozjiQUM?feature=oembed\" frameborder=\"0\" allow=\"accelerometer; autoplay; clipboard-write; encrypted-media; gyroscope; picture-in-picture; web-share\" referrerpolicy=\"strict-origin-when-cross-origin\" allowfullscreen><\/iframe><\/p>\n<p>La medida es de car\u00e1cter preventivo y el Ministerio de Educaci\u00f3n recuerda a directivos y docentes que se activa el Plan de Contingencia (Resoluci\u00f3n 12277-ME2024).<\/p>\n<p>La evoluci\u00f3n de las condiciones clim\u00e1ticas se sigue atentamente y de cambiar la situaci\u00f3n se informar\u00e1 por este medio.<\/p>\n<p><img loading=\"lazy\" decoding=\"async\" class=\"alignnone size-full wp-image-28629\" src=\"https:\/\/vocesparalelas.com.ar\/sitio\/wp-content\/uploads\/2020\/05\/MINISTERIO-EDUCACION-SJ.jpg\" alt=\"\" width=\"800\" height=\"533\" srcset=\"https:\/\/vocesparalelas.com.ar\/sitio\/wp-content\/uploads\/2020\/05\/MINISTERIO-EDUCACION-SJ.jpg 800w, https:\/\/vocesparalelas.com.ar\/sitio\/wp-content\/uploads\/2020\/05\/MINISTERIO-EDUCACION-SJ-300x200.jpg 300w, https:\/\/vocesparalelas.com.ar\/sitio\/wp-content\/uploads\/2020\/05\/MINISTERIO-EDUCACION-SJ-768x512.jpg 768w\" sizes=\"auto, (max-width: 800px) 100vw, 800px\" \/><\/p>\n<\/div>\n<p>&nbsp;<\/p>\n","protected":false},"excerpt":{"rendered":"<p>Ante el alerta emitido por el Servicio Meteorol\u00f3gico Nacional y por recomendaci\u00f3n de Protecci\u00f3n Civil de la provincia, que inform\u00f3<\/p>\n","protected":false},"author":3,"featured_media":20916,"comment_status":"closed","ping_status":"closed","sticky":false,"template":"","format":"standard","meta":{"_acf_changed":false,"_seopress_robots_primary_cat":"none","_seopress_titles_title":"","_seopress_titles_desc":"","_seopress_robots_index":"","colormag_page_container_layout":"default_layout","colormag_page_sidebar_layout":"default_layout","footnotes":""},"categories":[1,7],"tags":[],"class_list":["post-91116","post","type-post","status-publish","format-standard","has-post-thumbnail","hentry","category-destacadas","category-videos"],"acf":[],"_links":{"self":[{"href":"https:\/\/vocesparalelas.com.ar\/sitio\/wp-json\/wp\/v2\/posts\/91116","targetHints":{"allow":["GET"]}}],"collection":[{"href":"https:\/\/vocesparalelas.com.ar\/sitio\/wp-json\/wp\/v2\/posts"}],"about":[{"href":"https:\/\/vocesparalelas.com.ar\/sitio\/wp-json\/wp\/v2\/types\/post"}],"author":[{"embeddable":true,"href":"https:\/\/vocesparalelas.com.ar\/sitio\/wp-json\/wp\/v2\/users\/3"}],"replies":[{"embeddable":true,"href":"https:\/\/vocesparalelas.com.ar\/sitio\/wp-json\/wp\/v2\/comments?post=91116"}],"version-history":[{"count":1,"href":"https:\/\/vocesparalelas.com.ar\/sitio\/wp-json\/wp\/v2\/posts\/91116\/revisions"}],"predecessor-version":[{"id":91119,"href":"https:\/\/vocesparalelas.com.ar\/sitio\/wp-json\/wp\/v2\/posts\/91116\/revisions\/91119"}],"wp:featuredmedia":[{"embeddable":true,"href":"https:\/\/vocesparalelas.com.ar\/sitio\/wp-json\/wp\/v2\/media\/20916"}],"wp:attachment":[{"href":"https:\/\/vocesparalelas.com.ar\/sitio\/wp-json\/wp\/v2\/media?parent=91116"}],"wp:term":[{"taxonomy":"category","embeddable":true,"href":"https:\/\/vocesparalelas.com.ar\/sitio\/wp-json\/wp\/v2\/categories?post=91116"},{"taxonomy":"post_tag","embeddable":true,"href":"https:\/\/vocesparalelas.com.ar\/sitio\/wp-json\/wp\/v2\/tags?post=91116"}],"curies":[{"name":"wp","href":"https:\/\/api.w.org\/{rel}","templated":true}]}}