{"id":91105,"date":"2025-09-09T23:06:55","date_gmt":"2025-09-10T02:06:55","guid":{"rendered":"https:\/\/vocesparalelas.com.ar\/sitio\/?p=91105"},"modified":"2025-09-10T00:09:16","modified_gmt":"2025-09-10T03:09:16","slug":"se-entregaron-llaves-de-viviendas-y-escrituras-a-familias-de-distintos-departamentos-de-san-juan","status":"publish","type":"post","link":"https:\/\/vocesparalelas.com.ar\/sitio\/se-entregaron-llaves-de-viviendas-y-escrituras-a-familias-de-distintos-departamentos-de-san-juan\/","title":{"rendered":"Se entregaron llaves de viviendas y escrituras a familias de distintos departamentos de San Juan"},"content":{"rendered":"<p>Se trata de las nuevas casas del barrio Medepym en Rawson y del barrio Maip\u00fa 2, en Capital. Mientras que entregaron 200 escrituras a familias de Capital, Rivadavia, Santa Luc\u00eda, Rawson, Pocito y Chimbas<\/p>\n<p>En un emotivo acto realizado en el Centro de Convenciones \u201cTeniente Coronel Guillermo Barrena Guzm\u00e1n\u201d, el gobernador de San Juan, Dr. Marcelo Orrego presidi\u00f3 la entrega de nuevas viviendas y escrituras de regularizaci\u00f3n dominial, en el marco de las acciones del Instituto Provincial de la Vivienda (IPV), dependiente del Ministerio de Infraestructura, Agua y Energ\u00eda.<\/p>\n<p>Acompa\u00f1aron el vicegobernador Dr. Fabi\u00e1n Mart\u00edn; ministros de Infraestructura, Agua y Energ\u00eda, Arq. Fernando Perea; Gobierno, Dra. Laura Palma; intendentes de las Municipalidades de Rawson, Dr. Carlos Munisaga; de Chimbas, Daniela Rodr\u00edguez; de Santa Luc\u00eda, Juan Jos\u00e9 Orrego; de Rivadavia, Sergio Miodoski y de Capital, Dra. Susana Laciar, adem\u00e1s de autoridades provinciales.<\/p>\n<p>En esta oportunidad, se concret\u00f3 la entrega de 12 viviendas correspondientes a la ampliaci\u00f3n del barrio Medepym, en el Departamento Rawson, y de llaves de 16 departamentos del Barrio Maip\u00fa 2, Departamento Capital.<\/p>\n<p>En este contexto, el Vicegobernador Dr. Fabi\u00e1n Martin puntualiz\u00f3 que \u00abquiero felicitar a todas las familias que hoy cumplen su sue\u00f1o, ya sea recibiendo su vivienda o el t\u00edtulo de escritura de su hogar. Gracias a la gesti\u00f3n de nuestro gobernador, que retom\u00f3 la obra p\u00fablica con recursos mucho m\u00e1s limitados que los gobiernos anteriores, se han podido recuperar puestos de trabajo, construir casas y dar seguridad a quienes ya viv\u00edan en ellas. A cada familia que est\u00e1 recibiendo su casa o su escritura: que la disfruten con tranquilidad, porque ahora ese inmueble es suyo para toda la vida\u201d.<\/p>\n<p><iframe loading=\"lazy\" title=\"SAN JUAN VICEGOBERNADOR DR FABI\u00c1N MART\u00cdN \" width=\"800\" height=\"450\" src=\"https:\/\/www.youtube.com\/embed\/Liq5lQdleI0?feature=oembed\" frameborder=\"0\" allow=\"accelerometer; autoplay; clipboard-write; encrypted-media; gyroscope; picture-in-picture; web-share\" referrerpolicy=\"strict-origin-when-cross-origin\" allowfullscreen><\/iframe><\/p>\n<p>el gobernador Orrego dijo: \u201cRecibir la casa es un paso, pero contar con la escritura es fundamental para protegerla legalmente y cumplir ese sue\u00f1o tan anhelado. Quiero agradecer a cada familia por su paciencia y destacar el trabajo del equipo del IPV y del Ministerio de Infraestructura, que hizo posible este logro. Hoy estamos entregando cerca de 200 escrituras, un acto humilde pero muy importante para cada hogar\u201d.<\/p>\n<p><iframe loading=\"lazy\" title=\"SAN JUAN GOBERNADOR DR MARCELO ORREGO \" width=\"800\" height=\"450\" src=\"https:\/\/www.youtube.com\/embed\/ssO_zVfN2QY?feature=oembed\" frameborder=\"0\" allow=\"accelerometer; autoplay; clipboard-write; encrypted-media; gyroscope; picture-in-picture; web-share\" referrerpolicy=\"strict-origin-when-cross-origin\" allowfullscreen><\/iframe><\/p>\n<p><strong><span style=\"color: #ff6600;\">Entrega de llaves<\/span><\/strong><\/p>\n<p>Las viviendas del barrio Medepym responden al prototipo A1-17, de 58,15 m\u00b2 de superficie cubierta, con dos dormitorios, cocina-comedor y ba\u00f1o.<\/p>\n<p>El dise\u00f1o de la urbanizaci\u00f3n favorece la densificaci\u00f3n controlada, garantiza la accesibilidad y asegura la continuidad urbana con el resto del barrio. Adem\u00e1s, se dispuso un espacio verde comunitario en el extremo sur, pensado para promover la integraci\u00f3n social y mejorar la calidad ambiental.<\/p>\n<p>Por otro lado, los departamentos del barrio Maip\u00fa, tienen 3 dormitorios, estar comedor, cocina, lavadero y ba\u00f1o. Las viviendas cuentan con estructura sismorresistente, muros de ladrill\u00f3n, revoque interior pintado y exterior texturado, losa de hormig\u00f3n armado con cielorraso y aislaci\u00f3n t\u00e9rmica en techos.<\/p>\n<p>Disponen de instalaci\u00f3n sanitaria completa con cloacas, ba\u00f1o totalmente equipado, cocina con mesada de granito, bacha de acero inoxidable, cocina de 4 hornallas, termotanque, campana y pileta de lavadero. Los pisos y revestimientos son cer\u00e1micos en todos los ambientes h\u00famedos.<\/p>\n<p>La carpinter\u00eda es de aluminio con cortinas de enrollar de PVC, puertas de madera con marcos met\u00e1licos, rejas y mosquiteros. Poseen instalaci\u00f3n el\u00e9ctrica completa y sistema de provisi\u00f3n de agua mediante cisterna y tanques de reserva. Adem\u00e1s, cuentan con vered\u00edn perimetral, vereda de acceso individual y espacio de estacionamiento.<\/p>\n<p><span style=\"color: #ff6600;\"><strong>Las escrituras<\/strong><\/span><\/p>\n<p>Junto a la entrega de casas, el Gobierno de San Juan avanza en el proceso de regularizaci\u00f3n dominial para que cada familia adjudicataria acceda a la escritura definitiva de su hogar. A trav\u00e9s del \u00c1rea de Regularizaci\u00f3n Dominial \u2014integrada por equipos t\u00e9cnicos, administrativos y legales, junto con el Registro Notarial Especial del IPV\u2014 se logr\u00f3 entregar en esta jornada 200 escrituras a familias de los Departamentos Capital, Rivadavia, Santa Luc\u00eda, Rawson, Pocito y Chimbas.<\/p>\n<p>Este trabajo, que cont\u00f3 con la colaboraci\u00f3n de diversas \u00e1reas del IPV, busca brindar soluciones integrales a los beneficiarios y garantizar el derecho pleno a la vivienda propia.<\/p>\n<p>De esta manera, el Gobierno de San Juan contin\u00faa fortaleciendo su pol\u00edtica habitacional, no solo con la construcci\u00f3n de nuevas unidades, sino tambi\u00e9n con la regularizaci\u00f3n legal que otorga seguridad jur\u00eddica a las familias sanjuaninas.<\/p>\n<p>&nbsp;<\/p>\n<p><img loading=\"lazy\" decoding=\"async\" class=\"alignnone size-full wp-image-91114\" src=\"https:\/\/vocesparalelas.com.ar\/sitio\/wp-content\/uploads\/2025\/09\/SAN-JUAN-ESCRITURAS-02.jpg\" alt=\"\" width=\"800\" height=\"533\" srcset=\"https:\/\/vocesparalelas.com.ar\/sitio\/wp-content\/uploads\/2025\/09\/SAN-JUAN-ESCRITURAS-02.jpg 800w, https:\/\/vocesparalelas.com.ar\/sitio\/wp-content\/uploads\/2025\/09\/SAN-JUAN-ESCRITURAS-02-300x200.jpg 300w, https:\/\/vocesparalelas.com.ar\/sitio\/wp-content\/uploads\/2025\/09\/SAN-JUAN-ESCRITURAS-02-768x512.jpg 768w\" sizes=\"auto, (max-width: 800px) 100vw, 800px\" \/><\/p>\n<p>&nbsp;<\/p>\n<p><img loading=\"lazy\" decoding=\"async\" class=\"alignnone size-full wp-image-65642\" src=\"https:\/\/vocesparalelas.com.ar\/sitio\/wp-content\/uploads\/2023\/11\/GOBIERNO-SAN-JUAN.jpg\" alt=\"\" width=\"800\" height=\"600\" srcset=\"https:\/\/vocesparalelas.com.ar\/sitio\/wp-content\/uploads\/2023\/11\/GOBIERNO-SAN-JUAN.jpg 800w, https:\/\/vocesparalelas.com.ar\/sitio\/wp-content\/uploads\/2023\/11\/GOBIERNO-SAN-JUAN-300x225.jpg 300w, https:\/\/vocesparalelas.com.ar\/sitio\/wp-content\/uploads\/2023\/11\/GOBIERNO-SAN-JUAN-768x576.jpg 768w\" sizes=\"auto, (max-width: 800px) 100vw, 800px\" \/><\/p>\n","protected":false},"excerpt":{"rendered":"<p>Se trata de las nuevas casas del barrio Medepym en Rawson y del barrio Maip\u00fa 2, en Capital. Mientras que<\/p>\n","protected":false},"author":3,"featured_media":91113,"comment_status":"closed","ping_status":"closed","sticky":false,"template":"","format":"standard","meta":{"_acf_changed":false,"_seopress_robots_primary_cat":"none","_seopress_titles_title":"","_seopress_titles_desc":"","_seopress_robots_index":"","colormag_page_container_layout":"default_layout","colormag_page_sidebar_layout":"default_layout","footnotes":""},"categories":[1,7],"tags":[],"class_list":["post-91105","post","type-post","status-publish","format-standard","has-post-thumbnail","hentry","category-destacadas","category-videos"],"acf":[],"_links":{"self":[{"href":"https:\/\/vocesparalelas.com.ar\/sitio\/wp-json\/wp\/v2\/posts\/91105","targetHints":{"allow":["GET"]}}],"collection":[{"href":"https:\/\/vocesparalelas.com.ar\/sitio\/wp-json\/wp\/v2\/posts"}],"about":[{"href":"https:\/\/vocesparalelas.com.ar\/sitio\/wp-json\/wp\/v2\/types\/post"}],"author":[{"embeddable":true,"href":"https:\/\/vocesparalelas.com.ar\/sitio\/wp-json\/wp\/v2\/users\/3"}],"replies":[{"embeddable":true,"href":"https:\/\/vocesparalelas.com.ar\/sitio\/wp-json\/wp\/v2\/comments?post=91105"}],"version-history":[{"count":1,"href":"https:\/\/vocesparalelas.com.ar\/sitio\/wp-json\/wp\/v2\/posts\/91105\/revisions"}],"predecessor-version":[{"id":91115,"href":"https:\/\/vocesparalelas.com.ar\/sitio\/wp-json\/wp\/v2\/posts\/91105\/revisions\/91115"}],"wp:featuredmedia":[{"embeddable":true,"href":"https:\/\/vocesparalelas.com.ar\/sitio\/wp-json\/wp\/v2\/media\/91113"}],"wp:attachment":[{"href":"https:\/\/vocesparalelas.com.ar\/sitio\/wp-json\/wp\/v2\/media?parent=91105"}],"wp:term":[{"taxonomy":"category","embeddable":true,"href":"https:\/\/vocesparalelas.com.ar\/sitio\/wp-json\/wp\/v2\/categories?post=91105"},{"taxonomy":"post_tag","embeddable":true,"href":"https:\/\/vocesparalelas.com.ar\/sitio\/wp-json\/wp\/v2\/tags?post=91105"}],"curies":[{"name":"wp","href":"https:\/\/api.w.org\/{rel}","templated":true}]}}