{"id":91096,"date":"2025-09-09T23:26:14","date_gmt":"2025-09-10T02:26:14","guid":{"rendered":"https:\/\/vocesparalelas.com.ar\/sitio\/?p=91096"},"modified":"2025-09-09T23:26:14","modified_gmt":"2025-09-10T02:26:14","slug":"la-feria-agroproductiva-de-san-juan-en-la-plaza-seca-del-centro-civico","status":"publish","type":"post","link":"https:\/\/vocesparalelas.com.ar\/sitio\/la-feria-agroproductiva-de-san-juan-en-la-plaza-seca-del-centro-civico\/","title":{"rendered":"La Feria Agroproductiva de San Juan en la Plaza Seca del Centro C\u00edvico"},"content":{"rendered":"<p>El Mi\u00e9rcoles, 10 de Septiembre, de 10:00 a 13:30 horas., en la Plaza Seca del Centro C\u00edvico, se desarrolla la Feria Agroproductiva, organizada por la Direcci\u00f3n de Desarrollo Agropecuario dependiente del Ministerio de Producci\u00f3n, la feria busca fortalecer el circuito de comercializaci\u00f3n de los peque\u00f1os y medianos productores de la provincia.<\/p>\n<p>Los asistentes encuentran desde verduras y huevos hasta panificaci\u00f3n artesanal, miel, aceite de oliva, frutos secos y conservas, promoviendo el consumo de lo hecho en San Juan.<\/p>\n<p>Los sanjuaninos tendr\u00e1n la oportunidad de abastecerse de los mejores sabores de la tierra. La oferta incluir\u00e1 una diversidad de productos estacionales y elaborados: desde las verduras m\u00e1s frescas y huevos de campo hasta delicias como dulces artesanales, aceitunas curadas, aceite de oliva extra virgen, nueces y almendras. Adem\u00e1s, habr\u00e1 espacio para la panificaci\u00f3n casera, conservas y miel pura.<\/p>\n<p>El evento no solo es una oportunidad para comprar, sino tambi\u00e9n para conectar con los productores, conocer los procesos detr\u00e1s de cada item y valorar el trabajo que sustenta el sector agropecuario de la provincia. Es el lugar ideal para apoyar la producci\u00f3n local y llevar a la mesa alimentos con identidad de San Juan.<\/p>\n<p><img loading=\"lazy\" decoding=\"async\" class=\"alignnone size-full wp-image-65642\" src=\"https:\/\/vocesparalelas.com.ar\/sitio\/wp-content\/uploads\/2023\/11\/GOBIERNO-SAN-JUAN.jpg\" alt=\"\" width=\"800\" height=\"600\" srcset=\"https:\/\/vocesparalelas.com.ar\/sitio\/wp-content\/uploads\/2023\/11\/GOBIERNO-SAN-JUAN.jpg 800w, https:\/\/vocesparalelas.com.ar\/sitio\/wp-content\/uploads\/2023\/11\/GOBIERNO-SAN-JUAN-300x225.jpg 300w, https:\/\/vocesparalelas.com.ar\/sitio\/wp-content\/uploads\/2023\/11\/GOBIERNO-SAN-JUAN-768x576.jpg 768w\" sizes=\"auto, (max-width: 800px) 100vw, 800px\" \/><\/p>\n","protected":false},"excerpt":{"rendered":"<p>El Mi\u00e9rcoles, 10 de Septiembre, de 10:00 a 13:30 horas., en la Plaza Seca del Centro C\u00edvico, se desarrolla la<\/p>\n","protected":false},"author":3,"featured_media":89625,"comment_status":"closed","ping_status":"closed","sticky":false,"template":"","format":"standard","meta":{"_acf_changed":false,"_seopress_robots_primary_cat":"none","_seopress_titles_title":"","_seopress_titles_desc":"","_seopress_robots_index":"","colormag_page_container_layout":"default_layout","colormag_page_sidebar_layout":"default_layout","footnotes":""},"categories":[1],"tags":[],"class_list":["post-91096","post","type-post","status-publish","format-standard","has-post-thumbnail","hentry","category-destacadas"],"acf":[],"_links":{"self":[{"href":"https:\/\/vocesparalelas.com.ar\/sitio\/wp-json\/wp\/v2\/posts\/91096","targetHints":{"allow":["GET"]}}],"collection":[{"href":"https:\/\/vocesparalelas.com.ar\/sitio\/wp-json\/wp\/v2\/posts"}],"about":[{"href":"https:\/\/vocesparalelas.com.ar\/sitio\/wp-json\/wp\/v2\/types\/post"}],"author":[{"embeddable":true,"href":"https:\/\/vocesparalelas.com.ar\/sitio\/wp-json\/wp\/v2\/users\/3"}],"replies":[{"embeddable":true,"href":"https:\/\/vocesparalelas.com.ar\/sitio\/wp-json\/wp\/v2\/comments?post=91096"}],"version-history":[{"count":1,"href":"https:\/\/vocesparalelas.com.ar\/sitio\/wp-json\/wp\/v2\/posts\/91096\/revisions"}],"predecessor-version":[{"id":91099,"href":"https:\/\/vocesparalelas.com.ar\/sitio\/wp-json\/wp\/v2\/posts\/91096\/revisions\/91099"}],"wp:featuredmedia":[{"embeddable":true,"href":"https:\/\/vocesparalelas.com.ar\/sitio\/wp-json\/wp\/v2\/media\/89625"}],"wp:attachment":[{"href":"https:\/\/vocesparalelas.com.ar\/sitio\/wp-json\/wp\/v2\/media?parent=91096"}],"wp:term":[{"taxonomy":"category","embeddable":true,"href":"https:\/\/vocesparalelas.com.ar\/sitio\/wp-json\/wp\/v2\/categories?post=91096"},{"taxonomy":"post_tag","embeddable":true,"href":"https:\/\/vocesparalelas.com.ar\/sitio\/wp-json\/wp\/v2\/tags?post=91096"}],"curies":[{"name":"wp","href":"https:\/\/api.w.org\/{rel}","templated":true}]}}