{"id":91091,"date":"2025-09-09T23:03:00","date_gmt":"2025-09-10T02:03:00","guid":{"rendered":"https:\/\/vocesparalelas.com.ar\/sitio\/?p=91091"},"modified":"2025-09-09T23:18:59","modified_gmt":"2025-09-10T02:18:59","slug":"san-juan-cerca-en-el-departamento-pocito","status":"publish","type":"post","link":"https:\/\/vocesparalelas.com.ar\/sitio\/san-juan-cerca-en-el-departamento-pocito\/","title":{"rendered":"\u00abSan Juan Cerca\u00bb en el Departamento Pocito"},"content":{"rendered":"<p>El gobernador de San Juan, Dr. Marcelo Orrego visit\u00f3 la Escuela Jos\u00e9 Rudencindo Rojo, Aberastain entre calles 14 y 15, Departamento Pocito, donde se despleg\u00f3 una nueva edici\u00f3n del operativo integral San Juan Cerca. Cientos de vecinos del departamento y de zonas aleda\u00f1as pudieron realizar consultas y tr\u00e1mites vinculados a distintos organismos del Estado provincial.<\/p>\n<p>Durante la recorrida, el gobernador de San Juan, Dr. Marcelo Orrego dialog\u00f3 con los vecinos y destac\u00f3 que \u00abel valor de este tipo de acciones. Estoy muy contento de estar en Pocito, en un nuevo operativo m\u00e1s cerca. En esta ocasi\u00f3n, adem\u00e1s de la atenci\u00f3n habitual, entregamos notebooks a cooperativas del departamento y tambi\u00e9n insumos a emprendedores, en este caso del rubro textil. Estos encuentros nos permiten acercarnos, escuchar a la gente y brindar respuestas a quienes muchas veces no pueden llegar hasta el Centro C\u00edvico. Sinceramente, para nosotros es fundamental o\u00edr la voz clara de los vecinos y dar soluciones r\u00e1pidas, concretas y con la celeridad que ellos necesitan\u201d.<\/p>\n<p>El operativo cont\u00f3 con la participaci\u00f3n de dependencias de todos los ministerios, desde el de Familia y Desarrollo Humano \u2014a trav\u00e9s de la Direcci\u00f3n de Pol\u00edticas para la Equidad, que coordina la actividad\u2014 hasta los de Salud; Gobierno; Producci\u00f3n, Trabajo e Innovaci\u00f3n; Econom\u00eda, Finanzas y Hacienda; Educaci\u00f3n; Turismo, Cultura y Deporte; e Infraestructura, Agua y Energ\u00eda, adem\u00e1s de las secretar\u00edas de Ambiente y Desarrollo Sustentable y la de Seguridad y Orden P\u00fablico. Tambi\u00e9n se sumaron el EPRE y Obras Sanitarias.<\/p>\n<p>Los vecinos pudieron gestionar tr\u00e1mites como renovaci\u00f3n de DNI, partidas de nacimiento, certificados de antecedentes, regulaci\u00f3n dominial, consultas en Defensa al Consumidor, inscripci\u00f3n en programas para emprendedores, cooperativas y personas con discapacidad, tr\u00e1mites del IPV y gestiones de tarifas sociales de agua y energ\u00eda, entre otros.<\/p>\n<p>Adem\u00e1s, se ofrecieron controles m\u00e9dicos, vacunaci\u00f3n y turnos con especialistas, junto a propuestas recreativas para ni\u00f1os mientras los adultos realizaban sus tr\u00e1mites. Tambi\u00e9n se brind\u00f3 asesoramiento educativo sobre planes como FinEs y Progresar, desbloqueo de netbooks, gestiones docentes y capacitaciones laborales.<\/p>\n<p>Con estas acciones, el Gobierno de San Juan busca garantizar que los vecinos de cada departamento accedan en tiempo y forma a los principales servicios y tr\u00e1mites, sin necesidad de trasladarse hasta la capital.<\/p>\n<p>&nbsp;<\/p>\n<p><iframe loading=\"lazy\" title=\"Orrego recorri\u00f3 un nuevo operativo San Juan Cerca en Pocito\" width=\"800\" height=\"450\" src=\"https:\/\/www.youtube.com\/embed\/TdNuk8KLlhA?feature=oembed\" frameborder=\"0\" allow=\"accelerometer; autoplay; clipboard-write; encrypted-media; gyroscope; picture-in-picture; web-share\" referrerpolicy=\"strict-origin-when-cross-origin\" allowfullscreen><\/iframe><\/p>\n<p>&nbsp;<\/p>\n<p><img loading=\"lazy\" decoding=\"async\" class=\"alignnone size-full wp-image-65642\" src=\"https:\/\/vocesparalelas.com.ar\/sitio\/wp-content\/uploads\/2023\/11\/GOBIERNO-SAN-JUAN.jpg\" alt=\"\" width=\"800\" height=\"600\" srcset=\"https:\/\/vocesparalelas.com.ar\/sitio\/wp-content\/uploads\/2023\/11\/GOBIERNO-SAN-JUAN.jpg 800w, https:\/\/vocesparalelas.com.ar\/sitio\/wp-content\/uploads\/2023\/11\/GOBIERNO-SAN-JUAN-300x225.jpg 300w, https:\/\/vocesparalelas.com.ar\/sitio\/wp-content\/uploads\/2023\/11\/GOBIERNO-SAN-JUAN-768x576.jpg 768w\" sizes=\"auto, (max-width: 800px) 100vw, 800px\" \/><\/p>\n","protected":false},"excerpt":{"rendered":"<p>El gobernador de San Juan, Dr. Marcelo Orrego visit\u00f3 la Escuela Jos\u00e9 Rudencindo Rojo, Aberastain entre calles 14 y 15,<\/p>\n","protected":false},"author":3,"featured_media":91094,"comment_status":"closed","ping_status":"closed","sticky":false,"template":"","format":"standard","meta":{"_acf_changed":false,"_seopress_robots_primary_cat":"none","_seopress_titles_title":"","_seopress_titles_desc":"","_seopress_robots_index":"","colormag_page_container_layout":"default_layout","colormag_page_sidebar_layout":"default_layout","footnotes":""},"categories":[1,7],"tags":[],"class_list":["post-91091","post","type-post","status-publish","format-standard","has-post-thumbnail","hentry","category-destacadas","category-videos"],"acf":[],"_links":{"self":[{"href":"https:\/\/vocesparalelas.com.ar\/sitio\/wp-json\/wp\/v2\/posts\/91091","targetHints":{"allow":["GET"]}}],"collection":[{"href":"https:\/\/vocesparalelas.com.ar\/sitio\/wp-json\/wp\/v2\/posts"}],"about":[{"href":"https:\/\/vocesparalelas.com.ar\/sitio\/wp-json\/wp\/v2\/types\/post"}],"author":[{"embeddable":true,"href":"https:\/\/vocesparalelas.com.ar\/sitio\/wp-json\/wp\/v2\/users\/3"}],"replies":[{"embeddable":true,"href":"https:\/\/vocesparalelas.com.ar\/sitio\/wp-json\/wp\/v2\/comments?post=91091"}],"version-history":[{"count":1,"href":"https:\/\/vocesparalelas.com.ar\/sitio\/wp-json\/wp\/v2\/posts\/91091\/revisions"}],"predecessor-version":[{"id":91095,"href":"https:\/\/vocesparalelas.com.ar\/sitio\/wp-json\/wp\/v2\/posts\/91091\/revisions\/91095"}],"wp:featuredmedia":[{"embeddable":true,"href":"https:\/\/vocesparalelas.com.ar\/sitio\/wp-json\/wp\/v2\/media\/91094"}],"wp:attachment":[{"href":"https:\/\/vocesparalelas.com.ar\/sitio\/wp-json\/wp\/v2\/media?parent=91091"}],"wp:term":[{"taxonomy":"category","embeddable":true,"href":"https:\/\/vocesparalelas.com.ar\/sitio\/wp-json\/wp\/v2\/categories?post=91091"},{"taxonomy":"post_tag","embeddable":true,"href":"https:\/\/vocesparalelas.com.ar\/sitio\/wp-json\/wp\/v2\/tags?post=91091"}],"curies":[{"name":"wp","href":"https:\/\/api.w.org\/{rel}","templated":true}]}}