{"id":91087,"date":"2025-09-09T22:43:16","date_gmt":"2025-09-10T01:43:16","guid":{"rendered":"https:\/\/vocesparalelas.com.ar\/sitio\/?p=91087"},"modified":"2025-09-10T00:08:07","modified_gmt":"2025-09-10T03:08:07","slug":"musica-para-disfrutar-en-el-auditorio-ing-juan-victoria-de-san-juan","status":"publish","type":"post","link":"https:\/\/vocesparalelas.com.ar\/sitio\/musica-para-disfrutar-en-el-auditorio-ing-juan-victoria-de-san-juan\/","title":{"rendered":"M\u00fasica para disfrutar en el Auditorio Ing. Juan Victoria\u00a0de San Juan"},"content":{"rendered":"<p>El Auditorio Ing. Juan Victoria\u00a0se prepara para una semana cargada de m\u00fasica con propuestas que van desde el regreso del legendario cantante espa\u00f1ol Dyango, hasta un homenaje sinf\u00f3nico a Gustavo Cerati y el talento de la pianista alemana Beatrice Berthold.<\/p>\n<p>Una programaci\u00f3n diversa que se complementa con el Festival Cuyo Contempor\u00e1neo y el esperado Concierto de la Amistad, impulsado por el Ministerio de Turismo, Cultura y Deporte del Gobierno de San Juan junto a la Universidad Nacional de San Juan.<\/p>\n<p>El int\u00e9rprete espa\u00f1ol Jos\u00e9 G\u00f3mez Romero, conocido mundialmente como\u00a0Dyango, vuelve a la Argentina con su gira \u201cSu Amigo Dyango\u201d. Ser\u00e1 una noche de cl\u00e1sicos que atraviesan generaciones, con canciones como Coraz\u00f3n m\u00e1gico, Esta noche quiero brandy, Cuando quieras, donde quieras y el recordado d\u00fao Ese hombre junto a Pimpinela. El artista promete un recorrido \u00edntimo y emocionante por su trayectoria. Las entradas est\u00e1n disponibles en tuentrada.com y en la boleter\u00eda del Auditorio. La presentaci\u00f3n es el Martes, 9 de Septiembre, a las 21.30 hs.<\/p>\n<p>Adem\u00e1s, el Jueves 11 de Septiembre, desde las 19 hs.; y con entraba libre y gratuita, la pianista alemanaBeatrice Berthold, reconocida desde los a\u00f1os 90 como una de las int\u00e9rpretes m\u00e1s destacadas de su pa\u00eds, llega a San Juan para ofrecer un concierto de alt\u00edsimo nivel. Artista distinguida por el Consejo Nacional de M\u00fasica Alem\u00e1n, Berthold ha brillado en escenarios como la Filarmon\u00eda de Berl\u00edn, la Alte Oper de Frankfurt y el Festival de Lucerna, adem\u00e1s de grabar para sellos internacionales como EMI Classics.<\/p>\n<p>Su versatilidad la llev\u00f3 a presentarse como solista junto a importantes orquestas y directores de Europa, Am\u00e9rica y Asia, adem\u00e1s de colaborar en proyectos de m\u00fasica de c\u00e1mara con figuras como Lilya Zilberstein y Ver\u00f3nica Villarroel. Desde 2012 reside en Chile, donde desarrolla una intensa labor docente y art\u00edstica.<\/p>\n<p>El S\u00e1bado 13 de Septiembre, el grupo M\u00fasica para Volar presenta un concierto sinf\u00f3nico especial dedicado a la obra de Gustavo Cerati. M\u00e1s de 50 m\u00fasicos, entre orquesta, coro polif\u00f3nico y banda de rock, se unir\u00e1n en un espect\u00e1culo que recorrer\u00e1 la carrera del l\u00edder de Soda Stereo y su etapa solista, con joyas de discos como Fuerza natural, Ah\u00ed vamos, Siempre es hoy, Bocanada y Amor amarillo. La funci\u00f3n ser\u00e1 a las 21, en el Auditorio Juan Victoria. Entradas en boleter\u00eda y en <a href=\"http:\/\/www.mpvolar.com.ar\/\">www.mpvolar.com.ar<\/a>.<\/p>\n<p>En paralelo a estas grandes presentaciones, el espacio cultural tambi\u00e9n ser\u00e1 sede del Festival Cuyo Contempor\u00e1neo, que se realiza del 10 al 14 de Septiembre. El Mi\u00e9rcoles, 10 de Septiembre, a las 21, se presenta el Ensamble 4\u201933\u2019\u2019 con un homenaje a Luciano Berio, mientras que el Jueves 11 de Septiembre, es el turno de Berio + Beatles + Creaciones sanjuaninas. Ambas funciones con entrada libre y gratuita.<\/p>\n<p>Finalmente, el Viernes 12 de septiembre a las 21.30 h, la Orquesta Sinf\u00f3nica de la FFHA-UNSJ ofrecer\u00e1 el Concierto de la Amistad Argentina-Alemana, con el estreno del Concierto para Contrabajo de Noelia Escalzo con Leonardo Grosso como solista. El programa se completa con obras de Ernesto Drangosch y Johann Strauss, bajo la direcci\u00f3n del maestro Wolfgang Wengenroth. La entrada ser\u00e1 libre y gratuita.<\/p>\n<figure id=\"attachment_61468\" aria-describedby=\"caption-attachment-61468\" style=\"width: 800px\" class=\"wp-caption alignnone\"><img loading=\"lazy\" decoding=\"async\" class=\"size-full wp-image-61468\" src=\"https:\/\/vocesparalelas.com.ar\/sitio\/wp-content\/uploads\/2023\/07\/AUDITORIO-EDIFICIO.jpg\" alt=\"\" width=\"800\" height=\"533\" srcset=\"https:\/\/vocesparalelas.com.ar\/sitio\/wp-content\/uploads\/2023\/07\/AUDITORIO-EDIFICIO.jpg 800w, https:\/\/vocesparalelas.com.ar\/sitio\/wp-content\/uploads\/2023\/07\/AUDITORIO-EDIFICIO-300x200.jpg 300w, https:\/\/vocesparalelas.com.ar\/sitio\/wp-content\/uploads\/2023\/07\/AUDITORIO-EDIFICIO-768x512.jpg 768w\" sizes=\"auto, (max-width: 800px) 100vw, 800px\" \/><figcaption id=\"caption-attachment-61468\" class=\"wp-caption-text\">Auditorio Ing. Juan Victoria, Departamento Capital, Provincia San Juan, Rep\u00fablica Argentita<\/figcaption><\/figure>\n","protected":false},"excerpt":{"rendered":"<p>El Auditorio Ing. Juan Victoria\u00a0se prepara para una semana cargada de m\u00fasica con propuestas que van desde el regreso del<\/p>\n","protected":false},"author":3,"featured_media":59915,"comment_status":"closed","ping_status":"closed","sticky":false,"template":"","format":"standard","meta":{"_acf_changed":false,"_seopress_robots_primary_cat":"none","_seopress_titles_title":"","_seopress_titles_desc":"","_seopress_robots_index":"","colormag_page_container_layout":"default_layout","colormag_page_sidebar_layout":"default_layout","footnotes":""},"categories":[20],"tags":[],"class_list":["post-91087","post","type-post","status-publish","format-standard","has-post-thumbnail","hentry","category-cartelera"],"acf":[],"_links":{"self":[{"href":"https:\/\/vocesparalelas.com.ar\/sitio\/wp-json\/wp\/v2\/posts\/91087","targetHints":{"allow":["GET"]}}],"collection":[{"href":"https:\/\/vocesparalelas.com.ar\/sitio\/wp-json\/wp\/v2\/posts"}],"about":[{"href":"https:\/\/vocesparalelas.com.ar\/sitio\/wp-json\/wp\/v2\/types\/post"}],"author":[{"embeddable":true,"href":"https:\/\/vocesparalelas.com.ar\/sitio\/wp-json\/wp\/v2\/users\/3"}],"replies":[{"embeddable":true,"href":"https:\/\/vocesparalelas.com.ar\/sitio\/wp-json\/wp\/v2\/comments?post=91087"}],"version-history":[{"count":1,"href":"https:\/\/vocesparalelas.com.ar\/sitio\/wp-json\/wp\/v2\/posts\/91087\/revisions"}],"predecessor-version":[{"id":91090,"href":"https:\/\/vocesparalelas.com.ar\/sitio\/wp-json\/wp\/v2\/posts\/91087\/revisions\/91090"}],"wp:featuredmedia":[{"embeddable":true,"href":"https:\/\/vocesparalelas.com.ar\/sitio\/wp-json\/wp\/v2\/media\/59915"}],"wp:attachment":[{"href":"https:\/\/vocesparalelas.com.ar\/sitio\/wp-json\/wp\/v2\/media?parent=91087"}],"wp:term":[{"taxonomy":"category","embeddable":true,"href":"https:\/\/vocesparalelas.com.ar\/sitio\/wp-json\/wp\/v2\/categories?post=91087"},{"taxonomy":"post_tag","embeddable":true,"href":"https:\/\/vocesparalelas.com.ar\/sitio\/wp-json\/wp\/v2\/tags?post=91087"}],"curies":[{"name":"wp","href":"https:\/\/api.w.org\/{rel}","templated":true}]}}