{"id":91079,"date":"2025-09-09T22:09:40","date_gmt":"2025-09-10T01:09:40","guid":{"rendered":"https:\/\/vocesparalelas.com.ar\/sitio\/?p=91079"},"modified":"2025-09-09T22:09:40","modified_gmt":"2025-09-10T01:09:40","slug":"mega-agasajo-para-los-docentes-junto-a-uda-san-juan","status":"publish","type":"post","link":"https:\/\/vocesparalelas.com.ar\/sitio\/mega-agasajo-para-los-docentes-junto-a-uda-san-juan\/","title":{"rendered":"Mega agasajo para los docentes junto a UDA San Juan"},"content":{"rendered":"<p>El Viernes, 5 de Septiembre, en el Complejo La Superiora se convirti\u00f3 en el escenario del gran agasajo a los docentes, un evento memorable organizado por UDA San Juan. La noche fue un \u00e9xito rotundo y un merecido homenaje a los educadores de la provincia.<\/p>\n<p><img loading=\"lazy\" decoding=\"async\" class=\"alignnone size-large wp-image-91084 aligncenter\" src=\"https:\/\/vocesparalelas.com.ar\/sitio\/wp-content\/uploads\/2025\/09\/UDA-CENA-03-616x800.jpg\" alt=\"\" width=\"616\" height=\"800\" srcset=\"https:\/\/vocesparalelas.com.ar\/sitio\/wp-content\/uploads\/2025\/09\/UDA-CENA-03-616x800.jpg 616w, https:\/\/vocesparalelas.com.ar\/sitio\/wp-content\/uploads\/2025\/09\/UDA-CENA-03-231x300.jpg 231w, https:\/\/vocesparalelas.com.ar\/sitio\/wp-content\/uploads\/2025\/09\/UDA-CENA-03-768x997.jpg 768w, https:\/\/vocesparalelas.com.ar\/sitio\/wp-content\/uploads\/2025\/09\/UDA-CENA-03.jpg 789w\" sizes=\"auto, (max-width: 616px) 100vw, 616px\" \/><\/p>\n<p>La celebraci\u00f3n destac\u00f3 por su impecable organizaci\u00f3n, una propuesta gastron\u00f3mica de primer nivel y la brillante conducci\u00f3n de Nicol\u00e1s Capellino, cuya energ\u00eda contagi\u00f3 al p\u00fablico desde el primer momento.<\/p>\n<p>La fiesta tuvo grandes premios como televisores, efectivo y viajes a destinos como Buenos Aires, Carlos Paz y El Bols\u00f3n-Lago Puelo. Un momento especial fue la \u00abterapia de shock\u201d, en la que los docentes se animaron a un karaoke multitudinario con grandes cl\u00e1sicos musicales. La velada concluy\u00f3 con un gran baile que encendi\u00f3 la pista.<\/p>\n<p><img loading=\"lazy\" decoding=\"async\" class=\"alignnone size-full wp-image-91085\" src=\"https:\/\/vocesparalelas.com.ar\/sitio\/wp-content\/uploads\/2025\/09\/UDA-CENA-04.jpg\" alt=\"\" width=\"800\" height=\"596\" srcset=\"https:\/\/vocesparalelas.com.ar\/sitio\/wp-content\/uploads\/2025\/09\/UDA-CENA-04.jpg 800w, https:\/\/vocesparalelas.com.ar\/sitio\/wp-content\/uploads\/2025\/09\/UDA-CENA-04-300x224.jpg 300w, https:\/\/vocesparalelas.com.ar\/sitio\/wp-content\/uploads\/2025\/09\/UDA-CENA-04-768x572.jpg 768w\" sizes=\"auto, (max-width: 800px) 100vw, 800px\" \/><\/p>\n<p>La alegr\u00eda y la buena onda de los docentes llenaron el lugar, demostrando que este agasajo fue el reconocimiento perfecto a su valiosa labor. Fue un momento para compartir, encuentros y relax, sin duda, qued\u00f3 en el recuerdo por su gran energ\u00eda y por celebrar a la educaci\u00f3n social.<\/p>\n<p><iframe loading=\"lazy\" title=\"UDA SAN JUAN CENA DOCENTE 2025\" width=\"563\" height=\"1000\" src=\"https:\/\/www.youtube.com\/embed\/NyRyhaUkhT8?feature=oembed\" frameborder=\"0\" allow=\"accelerometer; autoplay; clipboard-write; encrypted-media; gyroscope; picture-in-picture; web-share\" referrerpolicy=\"strict-origin-when-cross-origin\" allowfullscreen><\/iframe><\/p>\n<p>La Comisi\u00f3n Directiva de UDA quiere expresar su profundo agradecimiento a los que hicieron posible el festejo inolvidable<\/p>\n<p><img loading=\"lazy\" decoding=\"async\" class=\"alignnone size-full wp-image-91083\" src=\"https:\/\/vocesparalelas.com.ar\/sitio\/wp-content\/uploads\/2025\/09\/UDA-CENA-02.jpg\" alt=\"\" width=\"800\" height=\"707\" srcset=\"https:\/\/vocesparalelas.com.ar\/sitio\/wp-content\/uploads\/2025\/09\/UDA-CENA-02.jpg 800w, https:\/\/vocesparalelas.com.ar\/sitio\/wp-content\/uploads\/2025\/09\/UDA-CENA-02-300x265.jpg 300w, https:\/\/vocesparalelas.com.ar\/sitio\/wp-content\/uploads\/2025\/09\/UDA-CENA-02-768x679.jpg 768w\" sizes=\"auto, (max-width: 800px) 100vw, 800px\" \/><\/p>\n<ul>\n<li>\u2060Agradecimientos institucionales: A la Municipalidad de Rawson, a su Intendente Carlos Munisaga, a la concejal Adriana D\u00edaz, a Silvia y Ver\u00f3nica, y al personal de la Secretar\u00eda de Educaci\u00f3n, as\u00ed como a todo el personal municipal y del Complejo La Superiora.<\/li>\n<li>Agradecimientos a proveedores y sponsors:<\/li>\n<li>Catering y gastronom\u00eda: Roberto Sosa, Ariel Navarro, Panader\u00eda Navarro, Pata Lista Gastronom\u00eda, Donata, Helader\u00eda del Parque y el Servicio Gastron\u00f3mico de Maximiliano Olivarez.<\/li>\n<li>Servicios para eventos: Victoriano Ambientaciones de Eventos, DJ Juan Mari\u00f1o y al equipo de sonido, luces y pantallas de Roberto Sosa.<\/li>\n<li>Empresas y comercios: Banco Columbia, ECP&amp;S &#8211; Equipamientos San Juan, Credicar, Netmarket, Bodega de Juan, Rubens Romero, Analia Gil y TCC.<\/li>\n<\/ul>\n<p>UDA San Juan agradece a los que de una u otra forma colaboraron para que esta, la primera gran cena del docente, fuera un \u00e9xito.<\/p>\n<p><img loading=\"lazy\" decoding=\"async\" class=\"alignnone size-full wp-image-74657\" src=\"https:\/\/vocesparalelas.com.ar\/sitio\/wp-content\/uploads\/2024\/07\/UDA-SAN-JUAN-01.jpg\" alt=\"\" width=\"800\" height=\"443\" srcset=\"https:\/\/vocesparalelas.com.ar\/sitio\/wp-content\/uploads\/2024\/07\/UDA-SAN-JUAN-01.jpg 800w, https:\/\/vocesparalelas.com.ar\/sitio\/wp-content\/uploads\/2024\/07\/UDA-SAN-JUAN-01-300x166.jpg 300w, https:\/\/vocesparalelas.com.ar\/sitio\/wp-content\/uploads\/2024\/07\/UDA-SAN-JUAN-01-768x425.jpg 768w\" sizes=\"auto, (max-width: 800px) 100vw, 800px\" \/><\/p>\n<p>&nbsp;<\/p>\n","protected":false},"excerpt":{"rendered":"<p>El Viernes, 5 de Septiembre, en el Complejo La Superiora se convirti\u00f3 en el escenario del gran agasajo a los<\/p>\n","protected":false},"author":3,"featured_media":91082,"comment_status":"closed","ping_status":"closed","sticky":false,"template":"","format":"standard","meta":{"_acf_changed":false,"_seopress_robots_primary_cat":"none","_seopress_titles_title":"","_seopress_titles_desc":"","_seopress_robots_index":"","colormag_page_container_layout":"default_layout","colormag_page_sidebar_layout":"default_layout","footnotes":""},"categories":[1,7],"tags":[],"class_list":["post-91079","post","type-post","status-publish","format-standard","has-post-thumbnail","hentry","category-destacadas","category-videos"],"acf":[],"_links":{"self":[{"href":"https:\/\/vocesparalelas.com.ar\/sitio\/wp-json\/wp\/v2\/posts\/91079","targetHints":{"allow":["GET"]}}],"collection":[{"href":"https:\/\/vocesparalelas.com.ar\/sitio\/wp-json\/wp\/v2\/posts"}],"about":[{"href":"https:\/\/vocesparalelas.com.ar\/sitio\/wp-json\/wp\/v2\/types\/post"}],"author":[{"embeddable":true,"href":"https:\/\/vocesparalelas.com.ar\/sitio\/wp-json\/wp\/v2\/users\/3"}],"replies":[{"embeddable":true,"href":"https:\/\/vocesparalelas.com.ar\/sitio\/wp-json\/wp\/v2\/comments?post=91079"}],"version-history":[{"count":1,"href":"https:\/\/vocesparalelas.com.ar\/sitio\/wp-json\/wp\/v2\/posts\/91079\/revisions"}],"predecessor-version":[{"id":91086,"href":"https:\/\/vocesparalelas.com.ar\/sitio\/wp-json\/wp\/v2\/posts\/91079\/revisions\/91086"}],"wp:featuredmedia":[{"embeddable":true,"href":"https:\/\/vocesparalelas.com.ar\/sitio\/wp-json\/wp\/v2\/media\/91082"}],"wp:attachment":[{"href":"https:\/\/vocesparalelas.com.ar\/sitio\/wp-json\/wp\/v2\/media?parent=91079"}],"wp:term":[{"taxonomy":"category","embeddable":true,"href":"https:\/\/vocesparalelas.com.ar\/sitio\/wp-json\/wp\/v2\/categories?post=91079"},{"taxonomy":"post_tag","embeddable":true,"href":"https:\/\/vocesparalelas.com.ar\/sitio\/wp-json\/wp\/v2\/tags?post=91079"}],"curies":[{"name":"wp","href":"https:\/\/api.w.org\/{rel}","templated":true}]}}