{"id":91071,"date":"2025-09-09T11:30:56","date_gmt":"2025-09-09T14:30:56","guid":{"rendered":"https:\/\/vocesparalelas.com.ar\/sitio\/?p=91071"},"modified":"2025-09-14T13:28:22","modified_gmt":"2025-09-14T16:28:22","slug":"la-industrial-corre-5k-2025-en-san-juan","status":"publish","type":"post","link":"https:\/\/vocesparalelas.com.ar\/sitio\/la-industrial-corre-5k-2025-en-san-juan\/","title":{"rendered":"\u00abLa Industrial Corre 5K 2025\u00bb en San Juan"},"content":{"rendered":"<p>El Instituto Preuniversitario de la Universidad Nacional de San Juan Escuela Industrial Domingo Faustino Sarmiento, el \u00a0Domingo, 14 de Septiembre, a las 10 hs.; de la la Municipalidad de la Ciudad Capital de San Juan, se desarrolla \u00abLa Industrial Corre 5K 2025 \u00ab, un evento deportivo que combina la actividad f\u00edsica con la solidaridad. Por ello invita a la comunidad educativa y familias de San Juan a participar en la carrera.<\/p>\n<p>Es importante destacar que un circuito de 5 kil\u00f3metros hasta llegar al Complejo El Palomar, llegando a las 11:00 hs. donde se entregan premios y menciones<\/p>\n<p>Esta iniciativa busca fomentar un estilo de vida saludable y, a la vez, recaudar fondos para un noble prop\u00f3sito. La inscripci\u00f3n es una\u00a0colaboraci\u00f3n voluntaria que se destina a la compra de elementos para el Departamento de Ingl\u00e9s de la instituci\u00f3n.<\/p>\n<p><u>ALIAS para la Colaboraci\u00f3n Voluntaria:<\/u>\u00a0\u00a0industrialcorre5k<\/p>\n<p><u>A nombre de:\u00a0 DIEGO ADOLFO AGUILAR ARANDA<\/u><\/p>\n<p>Para los primeros 150 inscriptos, hay un obsequio especial: una remera conmemorativa\u00a0del evento. No te pierdas la oportunidad de sumarte a esta jornada deportiva y solidaria.<\/p>\n<p>En este contexto previo, Voces Paralelas desarroll\u00f3 una entrevista period\u00edstica a la Prof. de la EIDFS de la UNSJ,\u00a0 Gisela\u00a0 Suligoy, quien describi\u00f3 lo que significa el evento deportivo y solidario para la comunidad educativa, la familia y las diferentes promociones que comparten un encuentro positivo.<\/p>\n<p><iframe loading=\"lazy\" title=\"EIDFS UNSJ PROF. GISELA SULIGOY\" width=\"800\" height=\"450\" src=\"https:\/\/www.youtube.com\/embed\/5zJsY6FQAKg?feature=oembed\" frameborder=\"0\" allow=\"accelerometer; autoplay; clipboard-write; encrypted-media; gyroscope; picture-in-picture; web-share\" referrerpolicy=\"strict-origin-when-cross-origin\" allowfullscreen><\/iframe><\/p>\n<p>&nbsp;<\/p>\n<p><strong><span style=\"color: #ff6600;\">Las inscripciones<\/span><\/strong><\/p>\n<p>Se pueden realizar\u00a0<a href=\"https:\/\/docs.google.com\/forms\/d\/e\/1FAIpQLSc0a9xTVJUpoaF3Dujq-mZzGo-ybJZgaF_3uacfF2TWHXCusg\/viewform\">https:\/\/docs.google.com\/forms\/d\/e\/1FAIpQLSc0a9xTVJUpoaF3Dujq-mZzGo-ybJZgaF_3uacfF2TWHXCusg\/viewform<\/a><\/p>\n<p>o puedes escanear el c\u00f3digo QR<\/p>\n<p><img loading=\"lazy\" decoding=\"async\" class=\"alignnone size-full wp-image-91074\" src=\"https:\/\/vocesparalelas.com.ar\/sitio\/wp-content\/uploads\/2025\/09\/EIDFS-QR.CORRE_.png\" alt=\"\" width=\"800\" height=\"583\" srcset=\"https:\/\/vocesparalelas.com.ar\/sitio\/wp-content\/uploads\/2025\/09\/EIDFS-QR.CORRE_.png 800w, https:\/\/vocesparalelas.com.ar\/sitio\/wp-content\/uploads\/2025\/09\/EIDFS-QR.CORRE_-300x219.png 300w, https:\/\/vocesparalelas.com.ar\/sitio\/wp-content\/uploads\/2025\/09\/EIDFS-QR.CORRE_-768x560.png 768w\" sizes=\"auto, (max-width: 800px) 100vw, 800px\" \/><\/p>\n<p>&nbsp;<\/p>\n<p>\u00a1An\u00edmate a participar y s\u00e9 parte de esta gran iniciativa!<\/p>\n<p><iframe loading=\"lazy\" title=\"EIDFS UNSJ\" width=\"800\" height=\"450\" src=\"https:\/\/www.youtube.com\/embed\/GtsIozWIh1M?feature=oembed\" frameborder=\"0\" allow=\"accelerometer; autoplay; clipboard-write; encrypted-media; gyroscope; picture-in-picture; web-share\" referrerpolicy=\"strict-origin-when-cross-origin\" allowfullscreen><\/iframe><\/p>\n<p><img loading=\"lazy\" decoding=\"async\" class=\"alignnone size-full wp-image-76910\" src=\"https:\/\/vocesparalelas.com.ar\/sitio\/wp-content\/uploads\/2024\/09\/EIDFS-UNSJ-CARRERA-06.jpg\" alt=\"\" width=\"800\" height=\"576\" srcset=\"https:\/\/vocesparalelas.com.ar\/sitio\/wp-content\/uploads\/2024\/09\/EIDFS-UNSJ-CARRERA-06.jpg 800w, https:\/\/vocesparalelas.com.ar\/sitio\/wp-content\/uploads\/2024\/09\/EIDFS-UNSJ-CARRERA-06-300x216.jpg 300w, https:\/\/vocesparalelas.com.ar\/sitio\/wp-content\/uploads\/2024\/09\/EIDFS-UNSJ-CARRERA-06-768x553.jpg 768w\" sizes=\"auto, (max-width: 800px) 100vw, 800px\" \/><\/p>\n<p>&nbsp;<\/p>\n<p><img loading=\"lazy\" decoding=\"async\" class=\"alignnone size-large wp-image-14441\" src=\"https:\/\/vocesparalelas.com.ar\/sitio\/wp-content\/uploads\/2018\/08\/UNSJ-EIDFS001-800x574.jpg\" alt=\"\" width=\"800\" height=\"574\" srcset=\"https:\/\/vocesparalelas.com.ar\/sitio\/wp-content\/uploads\/2018\/08\/UNSJ-EIDFS001-800x574.jpg 800w, https:\/\/vocesparalelas.com.ar\/sitio\/wp-content\/uploads\/2018\/08\/UNSJ-EIDFS001-300x215.jpg 300w, https:\/\/vocesparalelas.com.ar\/sitio\/wp-content\/uploads\/2018\/08\/UNSJ-EIDFS001-768x551.jpg 768w, https:\/\/vocesparalelas.com.ar\/sitio\/wp-content\/uploads\/2018\/08\/UNSJ-EIDFS001.jpg 1000w\" sizes=\"auto, (max-width: 800px) 100vw, 800px\" \/><\/p>\n","protected":false},"excerpt":{"rendered":"<p>El Instituto Preuniversitario de la Universidad Nacional de San Juan Escuela Industrial Domingo Faustino Sarmiento, el \u00a0Domingo, 14 de Septiembre,<\/p>\n","protected":false},"author":3,"featured_media":91075,"comment_status":"closed","ping_status":"closed","sticky":false,"template":"","format":"standard","meta":{"_acf_changed":false,"_seopress_robots_primary_cat":"none","_seopress_titles_title":"","_seopress_titles_desc":"","_seopress_robots_index":"","colormag_page_container_layout":"default_layout","colormag_page_sidebar_layout":"default_layout","footnotes":""},"categories":[10,7],"tags":[],"class_list":["post-91071","post","type-post","status-publish","format-standard","has-post-thumbnail","hentry","category-opiniones","category-videos"],"acf":[],"_links":{"self":[{"href":"https:\/\/vocesparalelas.com.ar\/sitio\/wp-json\/wp\/v2\/posts\/91071","targetHints":{"allow":["GET"]}}],"collection":[{"href":"https:\/\/vocesparalelas.com.ar\/sitio\/wp-json\/wp\/v2\/posts"}],"about":[{"href":"https:\/\/vocesparalelas.com.ar\/sitio\/wp-json\/wp\/v2\/types\/post"}],"author":[{"embeddable":true,"href":"https:\/\/vocesparalelas.com.ar\/sitio\/wp-json\/wp\/v2\/users\/3"}],"replies":[{"embeddable":true,"href":"https:\/\/vocesparalelas.com.ar\/sitio\/wp-json\/wp\/v2\/comments?post=91071"}],"version-history":[{"count":3,"href":"https:\/\/vocesparalelas.com.ar\/sitio\/wp-json\/wp\/v2\/posts\/91071\/revisions"}],"predecessor-version":[{"id":91078,"href":"https:\/\/vocesparalelas.com.ar\/sitio\/wp-json\/wp\/v2\/posts\/91071\/revisions\/91078"}],"wp:featuredmedia":[{"embeddable":true,"href":"https:\/\/vocesparalelas.com.ar\/sitio\/wp-json\/wp\/v2\/media\/91075"}],"wp:attachment":[{"href":"https:\/\/vocesparalelas.com.ar\/sitio\/wp-json\/wp\/v2\/media?parent=91071"}],"wp:term":[{"taxonomy":"category","embeddable":true,"href":"https:\/\/vocesparalelas.com.ar\/sitio\/wp-json\/wp\/v2\/categories?post=91071"},{"taxonomy":"post_tag","embeddable":true,"href":"https:\/\/vocesparalelas.com.ar\/sitio\/wp-json\/wp\/v2\/tags?post=91071"}],"curies":[{"name":"wp","href":"https:\/\/api.w.org\/{rel}","templated":true}]}}