{"id":91062,"date":"2025-09-08T21:09:43","date_gmt":"2025-09-09T00:09:43","guid":{"rendered":"https:\/\/vocesparalelas.com.ar\/sitio\/?p=91062"},"modified":"2025-09-10T00:10:11","modified_gmt":"2025-09-10T03:10:11","slug":"hasta-el-miercoles-10-de-septiembre-es-la-inscripcion-del-concurso-emprendedora-del-sol-2025-en-san-juan","status":"publish","type":"post","link":"https:\/\/vocesparalelas.com.ar\/sitio\/hasta-el-miercoles-10-de-septiembre-es-la-inscripcion-del-concurso-emprendedora-del-sol-2025-en-san-juan\/","title":{"rendered":"Hasta el Mi\u00e9rcoles, 10 de Septiembre es la inscripci\u00f3n del Concurso \u00abEmprendedora del Sol 2025\u00bb en San Juan"},"content":{"rendered":"<p>El Mi\u00e9rcoles, 10 de Septiembre vence el plazo para la inscripci\u00f3n para el Concurso \u00abEmprendedora del Sol 2025\u00bb en el marco de la Fiesta Nacional del Sol en San Juan, donde se reparten m\u00e1s de 73 millones de pesos en premios..<\/p>\n<p>Ya se han inscriptos 160 mujeres emprendedoras de los 19 departamentos de San Juan y dijeron presente en el certamen que reconoce el valor del trabajo y el esp\u00edritu emprendedor femenino.<\/p>\n<p>La segunda edici\u00f3n de la Emprendedora del Sol ya comienza a latir en San Juan. A solo dos semanas de haberse abierto las inscripciones, 180 mujeres de distintos rincones de la provincia confirmaron su participaci\u00f3n en este certamen que busca distinguir y fortalecer proyectos liderados por sanjuaninas.<\/p>\n<p>El concurso, que recorre los 19 departamentos en busca de talentos, entrega 73 millones de pesos en premios, adem\u00e1s de capacitaciones, mentor\u00edas y espacios de difusi\u00f3n para potenciar ideas y negocios. Su objetivo central es visibilizar el aporte de las mujeres a la econom\u00eda local, la innovaci\u00f3n y el desarrollo social y productivo.<\/p>\n<p>Tal como ocurri\u00f3 el a\u00f1o pasado, primero se eligen las representantes de cada departamento. Luego, un jurado integrado por referentes del \u00e1mbito productivo define a la ganadora provincial, quien recibe el premio mayor de 7 millones de pesos.<\/p>\n<p><img loading=\"lazy\" decoding=\"async\" class=\"alignnone size-full wp-image-90512\" src=\"https:\/\/vocesparalelas.com.ar\/sitio\/wp-content\/uploads\/2025\/08\/FNS-2025-02.png\" alt=\"\" width=\"800\" height=\"450\" srcset=\"https:\/\/vocesparalelas.com.ar\/sitio\/wp-content\/uploads\/2025\/08\/FNS-2025-02.png 800w, https:\/\/vocesparalelas.com.ar\/sitio\/wp-content\/uploads\/2025\/08\/FNS-2025-02-300x169.png 300w, https:\/\/vocesparalelas.com.ar\/sitio\/wp-content\/uploads\/2025\/08\/FNS-2025-02-768x432.png 768w\" sizes=\"auto, (max-width: 800px) 100vw, 800px\" \/><\/p>\n<p><span style=\"color: #ff6600;\"><strong>Premios por municipio<\/strong><\/span><\/p>\n<ul>\n<li>$2.000.000 para el primer puesto.<\/li>\n<li>$1.500.000 para el segundo puesto.<\/li>\n<\/ul>\n<p>A esto se suma el reconocimiento provincial, con el premio principal y una red de acompa\u00f1amiento destinada a consolidar las iniciativas participantes.<\/p>\n<p><strong><span style=\"color: #ff6600;\">\u00bfQui\u00e9nes pueden participar?<\/span><\/strong><\/p>\n<p>El certamen est\u00e1 destinado a mujeres mayores de 18 a\u00f1os, con proyectos en marcha o en etapa de idea, en sectores como industria, miner\u00eda, comercio, servicios o tecnolog\u00eda, tanto en \u00e1mbitos urbanos como rurales.<\/p>\n<p><span style=\"color: #ff6600;\"><strong>Inscripciones y fechas<\/strong><\/span><\/p>\n<p>Las interesadas pueden registrarse hasta el 10 de Septiembre, a trav\u00e9s del sitio oficial de la Fiesta Nacional del Sol 2025<\/p>\n<p><a href=\"http:\/\/www.fiestanacionaldelsol.com\">http:\/\/www.fiestanacionaldelsol.com<\/a><\/p>\n<p>o en las oficinas municipales. El cronograma contempla evaluaciones locales en Septiembre, capacitaciones en octubre y la gran premiaci\u00f3n el 22 de Noviembre.<\/p>\n<p>De este modo, San Juan se prepara para vivir una nueva edici\u00f3n de un certamen que no solo entrega premios, sino que tambi\u00e9n impulsa a las mujeres a convertirse en protagonistas del futuro productivo provincial.<\/p>\n<p><iframe loading=\"lazy\" title=\"SAN JUAN FNS 2025\" width=\"800\" height=\"450\" src=\"https:\/\/www.youtube.com\/embed\/hG6JPSqgl-k?feature=oembed\" frameborder=\"0\" allow=\"accelerometer; autoplay; clipboard-write; encrypted-media; gyroscope; picture-in-picture; web-share\" referrerpolicy=\"strict-origin-when-cross-origin\" allowfullscreen><\/iframe><\/p>\n<p>&nbsp;<\/p>\n<p>&nbsp;<\/p>\n","protected":false},"excerpt":{"rendered":"<p>El Mi\u00e9rcoles, 10 de Septiembre vence el plazo para la inscripci\u00f3n para el Concurso \u00abEmprendedora del Sol 2025\u00bb en el<\/p>\n","protected":false},"author":3,"featured_media":78769,"comment_status":"closed","ping_status":"closed","sticky":false,"template":"","format":"standard","meta":{"_acf_changed":false,"_seopress_robots_primary_cat":"none","_seopress_titles_title":"","_seopress_titles_desc":"","_seopress_robots_index":"","colormag_page_container_layout":"default_layout","colormag_page_sidebar_layout":"default_layout","footnotes":""},"categories":[8,7],"tags":[],"class_list":["post-91062","post","type-post","status-publish","format-standard","has-post-thumbnail","hentry","category-concursos","category-videos"],"acf":[],"_links":{"self":[{"href":"https:\/\/vocesparalelas.com.ar\/sitio\/wp-json\/wp\/v2\/posts\/91062","targetHints":{"allow":["GET"]}}],"collection":[{"href":"https:\/\/vocesparalelas.com.ar\/sitio\/wp-json\/wp\/v2\/posts"}],"about":[{"href":"https:\/\/vocesparalelas.com.ar\/sitio\/wp-json\/wp\/v2\/types\/post"}],"author":[{"embeddable":true,"href":"https:\/\/vocesparalelas.com.ar\/sitio\/wp-json\/wp\/v2\/users\/3"}],"replies":[{"embeddable":true,"href":"https:\/\/vocesparalelas.com.ar\/sitio\/wp-json\/wp\/v2\/comments?post=91062"}],"version-history":[{"count":3,"href":"https:\/\/vocesparalelas.com.ar\/sitio\/wp-json\/wp\/v2\/posts\/91062\/revisions"}],"predecessor-version":[{"id":91067,"href":"https:\/\/vocesparalelas.com.ar\/sitio\/wp-json\/wp\/v2\/posts\/91062\/revisions\/91067"}],"wp:featuredmedia":[{"embeddable":true,"href":"https:\/\/vocesparalelas.com.ar\/sitio\/wp-json\/wp\/v2\/media\/78769"}],"wp:attachment":[{"href":"https:\/\/vocesparalelas.com.ar\/sitio\/wp-json\/wp\/v2\/media?parent=91062"}],"wp:term":[{"taxonomy":"category","embeddable":true,"href":"https:\/\/vocesparalelas.com.ar\/sitio\/wp-json\/wp\/v2\/categories?post=91062"},{"taxonomy":"post_tag","embeddable":true,"href":"https:\/\/vocesparalelas.com.ar\/sitio\/wp-json\/wp\/v2\/tags?post=91062"}],"curies":[{"name":"wp","href":"https:\/\/api.w.org\/{rel}","templated":true}]}}