{"id":91051,"date":"2025-09-08T20:05:23","date_gmt":"2025-09-08T23:05:23","guid":{"rendered":"https:\/\/vocesparalelas.com.ar\/sitio\/?p=91051"},"modified":"2025-09-10T00:11:22","modified_gmt":"2025-09-10T03:11:22","slug":"el-cs-de-la-unsj-acelera-la-puesta-en-funcionamiento-de-su-carrera-docente","status":"publish","type":"post","link":"https:\/\/vocesparalelas.com.ar\/sitio\/el-cs-de-la-unsj-acelera-la-puesta-en-funcionamiento-de-su-carrera-docente\/","title":{"rendered":"El CS de la UNSJ acelera la puesta en funcionamiento de su Carrera Docente"},"content":{"rendered":"<p>En sesi\u00f3n ordinaria, el Consejo Superior de la Universidad Nacional de San Juan, el Jueves, 4 de Septiembre, trat\u00f3 sobre tablas el Expediente 1353\/2025, a solicitud de la vicerrectora Esp. Andrea Leceta.<\/p>\n<p>Ese expediente plante\u00f3 crear una Resoluci\u00f3n Complementaria a la Ordenanza 5\/19 del CS, Carrera Docente de la UNSJ, para que las Unidades que ya han tenido este a\u00f1o elecciones departamentales realicen, por \u00fanica vez, un nuevo acto para elegir a los miembros de cada Comisi\u00f3n Coordinadora de Evaluaci\u00f3n, figura prevista en esa Ordenanza. La petici\u00f3n fue aprobada por el Consejo Superior de la UNSJ.<\/p>\n<p>El Art\u00edculo 38 de la Ordenanza 5\/19 indica que \u201clos\/as miembros de la Comisi\u00f3n Coordinadora de la evaluaci\u00f3n ser\u00e1n designados\/as por los Consejos Directivos respectivos entre los\/as docentes electos\/as por los claustros departamentales\u201d y que la \u201celecci\u00f3n se efectuar\u00e1 por votaci\u00f3n secreta de sus pares, realizada en coincidencia con las elecciones departamentales (\u2026)\u201d. Esp. Andrea Leceta explic\u00f3 que ante el hecho de que ya hubo Facultades que ya cumplieron con sus elecciones, y en consultas con la Direcci\u00f3n de Organizaci\u00f3n y Asuntos Legales, surgi\u00f3 solicitar al CS una resoluci\u00f3n complementaria de la Ordenanza 5\/19 donde expresamente se solicitar\u00e1 que las Unidades que ya han tenido elecciones departamentales realicen, por \u00fanica vez, un nuevo acto eleccionario para elegir a los miembros de las Comisiones. La Vicerrectora dijo que la Escuela Universitaria de Ciencias de la Salud es un tema aparte a coordinar, debido a que esa unidad tiene un solo claustro.<\/p>\n<p>Las Facultades de la UNSJ que tuvieron elecciones departamentales son Ingenier\u00eda, Exactas y Arquitectura. Quedan Filosof\u00eda y Sociales. \u201cPor eso establecimos que\u00a0hasta el 30 de noviembre las Facultades tengan ya formalizadas\u00a0sus Comisiones Coordinadoras de Evaluaci\u00f3n. Tambi\u00e9n nos dar\u00eda tiempo a que se analicen y aprueben instrumentos de la Ordenanza que est\u00e1n faltando. Por ejemplo, para evaluar el desempe\u00f1o de los docentes uno de los requisitos es la encuesta de los alumnos. En la Ordenanza la encuesta no est\u00e1 hecha. Se ha dise\u00f1ado, pero hay que aprobarla. La idea es tenerlo aprobado este a\u00f1o para ya\u00a0el a\u00f1o pr\u00f3ximo podamos empezar a organizar la agenda\u00a0para comenzar a hacer la evaluaci\u00f3n peri\u00f3dica de desempe\u00f1o docente\u201d, grafic\u00f3 la Vicerrectora.<\/p>\n<p>Cada claustro debe elegir dos miembros (uno titular y uno suplente) y luego los Consejos Directivos de cada Unidad Acad\u00e9mica eligen los ocho miembros (cuatro titulares y cuatro suplentes) que conforman la Comisi\u00f3n Coordinadora de Evaluaci\u00f3n.<\/p>\n<p><span style=\"color: #ff6600;\"><strong>El inter\u00e9s de implementarla<\/strong><\/span><\/p>\n<p>La Carrera con la modalidad de evaluaci\u00f3n de desempe\u00f1o docente cada cuatro a\u00f1os a\u00fan no se ha puesto en pr\u00e1ctica en la UNSJ. \u201cLo que ten\u00edamos era el control de gesti\u00f3nen que los docentes deb\u00edan presentar un plan de labor y se realizaban encuestas a alumnos, en distintos momentos, generalmente a fin de a\u00f1o. Luego dej\u00f3 de hacerse. Por eso estamos interesados desde la gesti\u00f3n en tomar todos los recaudos para poner en marcha esta evaluaci\u00f3n de desempe\u00f1o. Me gustar\u00eda que a partir del 2026 pudi\u00e9ramos empezar con algunas evaluaciones\u201d, dijo a\u00a0<strong>InfoU\u00a0<\/strong>Andrea Leceta.<\/p>\n<p><span style=\"color: #ff6600;\"><strong>Otros temas<\/strong><\/span><\/p>\n<p>La UNSJ acept\u00f3, mediante la decisi\u00f3n del CS, la donaci\u00f3n por parte del Gobierno provincial del terreno del Complejo Universitario &#8211; CUIM &#8211; de Ignacio de la Roza y Meglioli, Departamento Rivadavia. De esta manera, ahora esta Universidad puede iniciar los tr\u00e1mites correspondientes para la escrituraci\u00f3n de ese terreno de unas catorce hect\u00e1reas. \u201cEl predio del CUIM no estaba a nombre de la UNSJ, estaba a nombre del Gobierno provincial. De esto nos enteramos en la gesti\u00f3n pasada\u201d &#8211; describi\u00f3 el Rector de la UNSJ, Ing. Tadeo Berenguer.<\/p>\n<p>Por otra parte, dio cuenta de su participaci\u00f3n a fines de Agosto en un nuevo Plenario de Rectores y Rectoras del Consejo Interuniversitario Nacional &#8211; CIN &#8211; en la Universidad Nacional de Rosario, donde adem\u00e1s se desarroll\u00f3 el \u201c1\u00b0 Congreso Nacional de Innovaci\u00f3n Universitaria \u00abEnse\u00f1anza, investigaci\u00f3n, gesti\u00f3n y territorio\u201d.<\/p>\n<p>\u00abEse Congreso la UNSJ present\u00f3 13 ponencias de muy buen nivel, vinculadas a los ejes tem\u00e1ticos del Congreso. Tambi\u00e9n,\u00a0 el 30 y 31 de Octubre, en Mar del Plata es el Encuentro Anual del SIU &#8211; Sistema de Informaci\u00f3n Universitaria-. En Rosario se habl\u00f3, seg\u00fan comentaron las autoridades de la UNSJ, que San Juan hab\u00eda dejado muy alta la vara en cuanto a la organizaci\u00f3n de ese encuentro el a\u00f1o pasado aqu\u00ed en el seno de esta Universidad.<\/p>\n<p>El CS aprob\u00f3 refrendos para que esta Universidad contin\u00fae con diferentes actividades con las partidas ya asignadas con anterioridad.<\/p>\n<p><span style=\"color: #ff6600;\"><strong>Universidad p\u00fablica hoy: s\u00f3lo un 0,4%\u00a0del PBI<\/strong><\/span><\/p>\n<p>\u00abRespecto de la Reuni\u00f3n del CIN, uno de los temas recurrentes fue la necesidad urgente de la sanci\u00f3n de un Presupuesto para el pa\u00eds, y record\u00f3 n\u00fameros. Los m\u00e1s de 7 billones de pesos que el Sistema Universitario clama al Estado nacional representan un 0,87 por ciento del PBI. La inversi\u00f3n que actualmente hace el Gobierno nacional en la Universidad p\u00fablica s\u00f3lo es un 0,4 por ciento\u00bb &#8211; concluy\u00f3 .<\/p>\n<p><img loading=\"lazy\" decoding=\"async\" class=\"alignnone size-full wp-image-79515\" src=\"https:\/\/vocesparalelas.com.ar\/sitio\/wp-content\/uploads\/2024\/11\/UNSJ-LOGO-01.jpg\" alt=\"\" width=\"800\" height=\"459\" srcset=\"https:\/\/vocesparalelas.com.ar\/sitio\/wp-content\/uploads\/2024\/11\/UNSJ-LOGO-01.jpg 800w, https:\/\/vocesparalelas.com.ar\/sitio\/wp-content\/uploads\/2024\/11\/UNSJ-LOGO-01-300x172.jpg 300w, https:\/\/vocesparalelas.com.ar\/sitio\/wp-content\/uploads\/2024\/11\/UNSJ-LOGO-01-768x441.jpg 768w\" sizes=\"auto, (max-width: 800px) 100vw, 800px\" \/><\/p>\n","protected":false},"excerpt":{"rendered":"<p>En sesi\u00f3n ordinaria, el Consejo Superior de la Universidad Nacional de San Juan, el Jueves, 4 de Septiembre, trat\u00f3 sobre<\/p>\n","protected":false},"author":3,"featured_media":91055,"comment_status":"closed","ping_status":"closed","sticky":false,"template":"","format":"standard","meta":{"_acf_changed":false,"_seopress_robots_primary_cat":"none","_seopress_titles_title":"","_seopress_titles_desc":"","_seopress_robots_index":"","colormag_page_container_layout":"default_layout","colormag_page_sidebar_layout":"default_layout","footnotes":""},"categories":[10],"tags":[],"class_list":["post-91051","post","type-post","status-publish","format-standard","has-post-thumbnail","hentry","category-opiniones"],"acf":[],"_links":{"self":[{"href":"https:\/\/vocesparalelas.com.ar\/sitio\/wp-json\/wp\/v2\/posts\/91051","targetHints":{"allow":["GET"]}}],"collection":[{"href":"https:\/\/vocesparalelas.com.ar\/sitio\/wp-json\/wp\/v2\/posts"}],"about":[{"href":"https:\/\/vocesparalelas.com.ar\/sitio\/wp-json\/wp\/v2\/types\/post"}],"author":[{"embeddable":true,"href":"https:\/\/vocesparalelas.com.ar\/sitio\/wp-json\/wp\/v2\/users\/3"}],"replies":[{"embeddable":true,"href":"https:\/\/vocesparalelas.com.ar\/sitio\/wp-json\/wp\/v2\/comments?post=91051"}],"version-history":[{"count":3,"href":"https:\/\/vocesparalelas.com.ar\/sitio\/wp-json\/wp\/v2\/posts\/91051\/revisions"}],"predecessor-version":[{"id":91057,"href":"https:\/\/vocesparalelas.com.ar\/sitio\/wp-json\/wp\/v2\/posts\/91051\/revisions\/91057"}],"wp:featuredmedia":[{"embeddable":true,"href":"https:\/\/vocesparalelas.com.ar\/sitio\/wp-json\/wp\/v2\/media\/91055"}],"wp:attachment":[{"href":"https:\/\/vocesparalelas.com.ar\/sitio\/wp-json\/wp\/v2\/media?parent=91051"}],"wp:term":[{"taxonomy":"category","embeddable":true,"href":"https:\/\/vocesparalelas.com.ar\/sitio\/wp-json\/wp\/v2\/categories?post=91051"},{"taxonomy":"post_tag","embeddable":true,"href":"https:\/\/vocesparalelas.com.ar\/sitio\/wp-json\/wp\/v2\/tags?post=91051"}],"curies":[{"name":"wp","href":"https:\/\/api.w.org\/{rel}","templated":true}]}}