{"id":91044,"date":"2025-09-08T19:41:21","date_gmt":"2025-09-08T22:41:21","guid":{"rendered":"https:\/\/vocesparalelas.com.ar\/sitio\/?p=91044"},"modified":"2025-09-10T00:14:48","modified_gmt":"2025-09-10T03:14:48","slug":"investigacion-y-educacion-musical-inclusiva-en-la-catedra-libre-de-musicologia-de-la-ffha-de-la-unsj","status":"publish","type":"post","link":"https:\/\/vocesparalelas.com.ar\/sitio\/investigacion-y-educacion-musical-inclusiva-en-la-catedra-libre-de-musicologia-de-la-ffha-de-la-unsj\/","title":{"rendered":"\u00abInvestigaci\u00f3n y Educaci\u00f3n musical inclusiva\u00bb en la C\u00e1tedra Libre de Musicolog\u00eda de la FFHA de la UNSJ"},"content":{"rendered":"<p>La C\u00e1tedra Libre de Musicolog\u00eda del Instituto de Estudios Musicales &#8211; IEM &#8211; de la Facultad de Filosof\u00eda, Humanidades y Artes de la Universidad Nacional de San Juan pone a disposici\u00f3n de personal docente e investigador su propuesta formativa 2025, que inicia el 16 de Septiembre. La c\u00e1tedra tendr\u00e1 una doble mirada: Investigaci\u00f3n y Educaci\u00f3n musical inclusiva.<\/p>\n<p>Creada en 2023 por Res. 056\/23-CD-FFHA esta c\u00e1tedra se proyecta como una herramienta clave dentro del Programa de Investigaci\u00f3n y Creaci\u00f3n en M\u00fasica (Res. N\u00b0 06-25-CD-FFHA), con el prop\u00f3sito de fortalecer la formaci\u00f3n de profesionales y estudiantes interesados en la investigaci\u00f3n musicol\u00f3gica, la gesti\u00f3n de proyectos y la docencia musical inclusiva.<\/p>\n<p><span style=\"color: #ff6600;\"><strong>Dos m\u00f3dulos y una visi\u00f3n<\/strong><\/span><\/p>\n<p>El 16 de Septiembre, a los 8 hs.; comienza el M\u00f3dulo I \u2013 Normativas universitarias y formulaci\u00f3n de proyectos en SIGEVA-UNSJ.<\/p>\n<p>Est\u00e1 dirigido a quienes deseen familiarizarse con la normativa institucional que regula la investigaci\u00f3n cient\u00edfica y la creaci\u00f3n art\u00edstica dentro de la UNSJ. Se aborda el dise\u00f1o de proyectos en la plataforma SIGEVA, con asesoramiento de especialistas y autoridades universitarias.<\/p>\n<p><strong><span style=\"color: #ff6600;\">Fechas<\/span><\/strong><\/p>\n<ul>\n<li>Martes, 16 y 23 de Septiembre, de 8 a 10.30 hs<\/li>\n<li>Jueves 18 y 25 de Septiembre, de 16 a 18.30 hs.<\/li>\n<\/ul>\n<p><strong><span style=\"color: #ff6600;\">Modalidad<\/span><\/strong><\/p>\n<ul>\n<li>Presencial, en el Departamento de M\u00fasica de la FFHA de la UNSJ<\/li>\n<\/ul>\n<p><strong><span style=\"color: #ff6600;\">Carga horaria<\/span><\/strong><\/p>\n<ul>\n<li>30 horas<\/li>\n<\/ul>\n<p>La C\u00e1tedra Libre de Musicolog\u00eda tiene como objetivos introducir a los participantes en las pol\u00edticas y normativas de esta Universidad en materia de investigaci\u00f3n y creaci\u00f3n art\u00edstica. Adem\u00e1s, asesorar en el dise\u00f1o de proyectos en la plataforma SIGEVA-UNSJ. tambi\u00e9n, fomentar la creaci\u00f3n de nuevos equipos de trabajo y l\u00edneas de investigaci\u00f3n en el \u00e1mbito musical.<\/p>\n<p>M\u00e1s tarde, en Octubre, comienza el M\u00f3dulo II\u2013 Educaci\u00f3n musical e inclusi\u00f3n educativa, que apunta a visibilizar y analizar experiencias inclusivas en la ense\u00f1anza de la m\u00fasica desde el nivel inicial hasta el universitario. Incluye estudios de caso, legislaci\u00f3n vigente, aportes de neurociencia y propuestas pedag\u00f3gicas desde una perspectiva cr\u00edtica y comprometida.<\/p>\n<p><strong><span style=\"color: #ff6600;\">Fecha<\/span><\/strong><\/p>\n<ul>\n<li>Mi\u00e9rcoles 1, 8, 15, 22 y 29 de Octubre de 2025<\/li>\n<li>Mi\u00e9rcoles, 5 y 12 de Noviembre de 2025<\/li>\n<\/ul>\n<p>Ambos m\u00f3dulos cuentan con equipos docentes de reconocida trayectoria pertenecientes a la UNSJ, garantizando una formaci\u00f3n interdisciplinaria y de calidad. Exigen un 75% de asistencia y la realizaci\u00f3n de un trabajo final integrador.<\/p>\n<p><span style=\"color: #ff6600;\"><strong>M\u00e1s informaci\u00f3n e inscripciones<\/strong><\/span><\/p>\n<p>Secretar\u00eda de Extensi\u00f3n Universitaria \u2013 FFHA \u2013 UNSJ<\/p>\n<p><a href=\"iem@ffha.unsj.edu.ar\">iem@ffha.unsj.edu.ar<\/a><\/p>\n<p><a href=\"https:\/\/www.facebook.com\/iem.ffha.unsj.2025\">https:\/\/www.facebook.com\/iem.ffha.unsj.2025<\/a><\/p>\n<p>Departamento de M\u00fasica, Sala de Inform\u00e1tica, FFHA<\/p>\n<p>Universidad Nacional de San Juan<\/p>\n<p><span style=\"color: #ff6600;\">Importante<\/span><\/p>\n<p>Asistir a la c\u00e1tedra con computadora personal<\/p>\n<p>&nbsp;<\/p>\n<p><img loading=\"lazy\" decoding=\"async\" class=\"alignnone size-large wp-image-43889\" src=\"https:\/\/vocesparalelas.com.ar\/sitio\/wp-content\/uploads\/2021\/11\/FFHA-FRENTE-1-800x600.jpg\" alt=\"\" width=\"800\" height=\"600\" srcset=\"https:\/\/vocesparalelas.com.ar\/sitio\/wp-content\/uploads\/2021\/11\/FFHA-FRENTE-1-800x600.jpg 800w, https:\/\/vocesparalelas.com.ar\/sitio\/wp-content\/uploads\/2021\/11\/FFHA-FRENTE-1-300x225.jpg 300w, https:\/\/vocesparalelas.com.ar\/sitio\/wp-content\/uploads\/2021\/11\/FFHA-FRENTE-1-768x576.jpg 768w, https:\/\/vocesparalelas.com.ar\/sitio\/wp-content\/uploads\/2021\/11\/FFHA-FRENTE-1.jpg 1024w\" sizes=\"auto, (max-width: 800px) 100vw, 800px\" \/><\/p>\n","protected":false},"excerpt":{"rendered":"<p>La C\u00e1tedra Libre de Musicolog\u00eda del Instituto de Estudios Musicales &#8211; IEM &#8211; de la Facultad de Filosof\u00eda, Humanidades y<\/p>\n","protected":false},"author":3,"featured_media":91047,"comment_status":"closed","ping_status":"closed","sticky":false,"template":"","format":"standard","meta":{"_acf_changed":false,"_seopress_robots_primary_cat":"none","_seopress_titles_title":"","_seopress_titles_desc":"","_seopress_robots_index":"","colormag_page_container_layout":"default_layout","colormag_page_sidebar_layout":"default_layout","footnotes":""},"categories":[9],"tags":[],"class_list":["post-91044","post","type-post","status-publish","format-standard","has-post-thumbnail","hentry","category-cursos"],"acf":[],"_links":{"self":[{"href":"https:\/\/vocesparalelas.com.ar\/sitio\/wp-json\/wp\/v2\/posts\/91044","targetHints":{"allow":["GET"]}}],"collection":[{"href":"https:\/\/vocesparalelas.com.ar\/sitio\/wp-json\/wp\/v2\/posts"}],"about":[{"href":"https:\/\/vocesparalelas.com.ar\/sitio\/wp-json\/wp\/v2\/types\/post"}],"author":[{"embeddable":true,"href":"https:\/\/vocesparalelas.com.ar\/sitio\/wp-json\/wp\/v2\/users\/3"}],"replies":[{"embeddable":true,"href":"https:\/\/vocesparalelas.com.ar\/sitio\/wp-json\/wp\/v2\/comments?post=91044"}],"version-history":[{"count":3,"href":"https:\/\/vocesparalelas.com.ar\/sitio\/wp-json\/wp\/v2\/posts\/91044\/revisions"}],"predecessor-version":[{"id":91050,"href":"https:\/\/vocesparalelas.com.ar\/sitio\/wp-json\/wp\/v2\/posts\/91044\/revisions\/91050"}],"wp:featuredmedia":[{"embeddable":true,"href":"https:\/\/vocesparalelas.com.ar\/sitio\/wp-json\/wp\/v2\/media\/91047"}],"wp:attachment":[{"href":"https:\/\/vocesparalelas.com.ar\/sitio\/wp-json\/wp\/v2\/media?parent=91044"}],"wp:term":[{"taxonomy":"category","embeddable":true,"href":"https:\/\/vocesparalelas.com.ar\/sitio\/wp-json\/wp\/v2\/categories?post=91044"},{"taxonomy":"post_tag","embeddable":true,"href":"https:\/\/vocesparalelas.com.ar\/sitio\/wp-json\/wp\/v2\/tags?post=91044"}],"curies":[{"name":"wp","href":"https:\/\/api.w.org\/{rel}","templated":true}]}}