{"id":91038,"date":"2025-09-08T19:26:49","date_gmt":"2025-09-08T22:26:49","guid":{"rendered":"https:\/\/vocesparalelas.com.ar\/sitio\/?p=91038"},"modified":"2025-09-08T19:26:49","modified_gmt":"2025-09-08T22:26:49","slug":"2-cohorte-de-la-diplomatura-de-responsabilidad-social-y-sustentabilidad-en-san-juan","status":"publish","type":"post","link":"https:\/\/vocesparalelas.com.ar\/sitio\/2-cohorte-de-la-diplomatura-de-responsabilidad-social-y-sustentabilidad-en-san-juan\/","title":{"rendered":"2\u00b0 cohorte de la Diplomatura de Responsabilidad Social y Sustentabilidad en San Juan"},"content":{"rendered":"<p>Luego del acto de bienvenida por parte de las autoridades involucradas, comenz\u00f3 el Viernes, 5 de Agosto de 2025, el cursado de la segunda cohorte de la Diplomatura de Responsabilidad Social y Sustentabilidad.<\/p>\n<p>M\u00e1s de 300 personas son parte de este espacio de formaci\u00f3n, que es una iniciativa de la Mesa de Responsabilidad Social, que integran organismos p\u00fablicos y asociaciones profesionales, civiles, empresariales y entidades educativas de la provincia.<\/p>\n<p>Seg\u00fan est\u00e1 previsto, la diplomatura tiene una extensi\u00f3n de 4 meses de cursado gratuito, Viernes y S\u00e1bados cada 15 d\u00edas. La asistencia a clase, dependiendo de la tem\u00e1tica, tiene una instancia mixta, es decir, virtual y presencial.<\/p>\n<p>Los docentes que tienen a cargo las diferentes tem\u00e1ticas son profesionales vinculados a la Universidad Nacional de San Juan y a la Universidad Cat\u00f3lica de Cuyo, adem\u00e1s de especialistas en algunas materias, externos.<\/p>\n<p>El objetivo de la diplomatura es brindar herramientas sobre \u00e9tica, responsabilidad social y sustentabilidad a la hora de encarar emprendimientos y acciones en organizaciones de todo tipo \u201cpara hacer una sociedad m\u00e1s justa y equitativa\u201d.<\/p>\n<p>Es importante consignar que la iniciativa es de gran inter\u00e9s de los profesionales de San Juan. A tal punto que en tan solo 3 d\u00edas, se duplic\u00f3 la cantidad de inscriptos, llegando a 614 personas. Por lo que para seleccionar los participantes se pidi\u00f3 la confirmaci\u00f3n por mail de esta inscripci\u00f3n. Las primeras 300 personas que lo hicieron son quienes efectivamente participar\u00e1n del cursado.<\/p>\n<p>Entre los inscriptos 485 son mujeres y 129 varones; de entre 18 y 72 a\u00f1os. Dos personas son extranjeros. La mayor\u00eda -474- reconocieron no haberse capacitado anteriormente en la tem\u00e1tica. De ellos, 259 personas son universitarios y 209 terciarios.<\/p>\n<p>Como dato anexo, 63 son estudiantes, pero hay entre los interesados, docentes (la mayor\u00eda: 244 personas), empleados administrativos, bibliotecarios, amas de casa, polic\u00edas, dirigentes de diversas entidades, consultores, DAI, emprendedores, profesionales de diversas \u00e1reas como abogados, psic\u00f3logos, martilleros, ingenieros, m\u00e9dicos, contadores, trabajadores sociales, trabajadores independientes e inclusive desempleados.<\/p>\n<p>&nbsp;<\/p>\n<p><img loading=\"lazy\" decoding=\"async\" class=\"alignnone size-full wp-image-91042\" src=\"https:\/\/vocesparalelas.com.ar\/sitio\/wp-content\/uploads\/2025\/09\/UNSJ-CURSO-RESPONSABILIDAD-02.jpg\" alt=\"\" width=\"800\" height=\"533\" srcset=\"https:\/\/vocesparalelas.com.ar\/sitio\/wp-content\/uploads\/2025\/09\/UNSJ-CURSO-RESPONSABILIDAD-02.jpg 800w, https:\/\/vocesparalelas.com.ar\/sitio\/wp-content\/uploads\/2025\/09\/UNSJ-CURSO-RESPONSABILIDAD-02-300x200.jpg 300w, https:\/\/vocesparalelas.com.ar\/sitio\/wp-content\/uploads\/2025\/09\/UNSJ-CURSO-RESPONSABILIDAD-02-768x512.jpg 768w\" sizes=\"auto, (max-width: 800px) 100vw, 800px\" \/><\/p>\n<p>&nbsp;<\/p>\n","protected":false},"excerpt":{"rendered":"<p>Luego del acto de bienvenida por parte de las autoridades involucradas, comenz\u00f3 el Viernes, 5 de Agosto de 2025, el<\/p>\n","protected":false},"author":3,"featured_media":91041,"comment_status":"closed","ping_status":"closed","sticky":false,"template":"","format":"standard","meta":{"_acf_changed":false,"_seopress_robots_primary_cat":"none","_seopress_titles_title":"","_seopress_titles_desc":"","_seopress_robots_index":"","colormag_page_container_layout":"default_layout","colormag_page_sidebar_layout":"default_layout","footnotes":""},"categories":[1],"tags":[],"class_list":["post-91038","post","type-post","status-publish","format-standard","has-post-thumbnail","hentry","category-destacadas"],"acf":[],"_links":{"self":[{"href":"https:\/\/vocesparalelas.com.ar\/sitio\/wp-json\/wp\/v2\/posts\/91038","targetHints":{"allow":["GET"]}}],"collection":[{"href":"https:\/\/vocesparalelas.com.ar\/sitio\/wp-json\/wp\/v2\/posts"}],"about":[{"href":"https:\/\/vocesparalelas.com.ar\/sitio\/wp-json\/wp\/v2\/types\/post"}],"author":[{"embeddable":true,"href":"https:\/\/vocesparalelas.com.ar\/sitio\/wp-json\/wp\/v2\/users\/3"}],"replies":[{"embeddable":true,"href":"https:\/\/vocesparalelas.com.ar\/sitio\/wp-json\/wp\/v2\/comments?post=91038"}],"version-history":[{"count":1,"href":"https:\/\/vocesparalelas.com.ar\/sitio\/wp-json\/wp\/v2\/posts\/91038\/revisions"}],"predecessor-version":[{"id":91043,"href":"https:\/\/vocesparalelas.com.ar\/sitio\/wp-json\/wp\/v2\/posts\/91038\/revisions\/91043"}],"wp:featuredmedia":[{"embeddable":true,"href":"https:\/\/vocesparalelas.com.ar\/sitio\/wp-json\/wp\/v2\/media\/91041"}],"wp:attachment":[{"href":"https:\/\/vocesparalelas.com.ar\/sitio\/wp-json\/wp\/v2\/media?parent=91038"}],"wp:term":[{"taxonomy":"category","embeddable":true,"href":"https:\/\/vocesparalelas.com.ar\/sitio\/wp-json\/wp\/v2\/categories?post=91038"},{"taxonomy":"post_tag","embeddable":true,"href":"https:\/\/vocesparalelas.com.ar\/sitio\/wp-json\/wp\/v2\/tags?post=91038"}],"curies":[{"name":"wp","href":"https:\/\/api.w.org\/{rel}","templated":true}]}}