{"id":91020,"date":"2025-09-08T20:50:21","date_gmt":"2025-09-08T23:50:21","guid":{"rendered":"https:\/\/vocesparalelas.com.ar\/sitio\/?p=91020"},"modified":"2025-09-10T00:10:45","modified_gmt":"2025-09-10T03:10:45","slug":"estrategia-provincial-de-ia-para-el-sector-productivo-de-san-juan","status":"publish","type":"post","link":"https:\/\/vocesparalelas.com.ar\/sitio\/estrategia-provincial-de-ia-para-el-sector-productivo-de-san-juan\/","title":{"rendered":"Estrategia Provincial de IA para el Sector Productivo de San Juan"},"content":{"rendered":"<p>Hasta el 30 de Septiembre las MiPymes pueden inscribirse para iniciar un diagn\u00f3stico digital a partir del cual se elabore su plan para hacer sus procesos mas eficientes con la incorporaci\u00f3n de IA.<\/p>\n<p>De este modo, la provincia de San Juan al presentar un plan integral para transformar su matriz productiva se convierte en pionera y busca posicionarse como un actor clave en la Econom\u00eda del Conocimiento.<\/p>\n<p>El Ministerio de Producci\u00f3n, Trabajo e Innovaci\u00f3n del Gobierno de San Juan, a trav\u00e9s de la Secretar\u00eda de Ciencia, Tecnolog\u00eda e Innovaci\u00f3n, presenta la Estrategia Provincial en Inteligencia Artificial (IA) aplicada al sector productivo.<\/p>\n<p>Este plan de acci\u00f3n posiciona a la provincia como l\u00edder en la adopci\u00f3n de tecnolog\u00edas de vanguardia en Argentina, sentando un precedente a nivel nacional.<\/p>\n<p>\u201cEste lanzamiento no es un punto de partida, sino la consolidaci\u00f3n de un camino ya iniciado y es fruto de concebir a la innovaci\u00f3n, la ciencia y la t\u00e9cnica como factores esenciales para el desarrollo productivo de la provincia\u201d &#8211; afirm\u00f3 el ministro Producci\u00f3n, Trabajo e Innovaci\u00f3n, CPN Gustavo Fern\u00e1ndez.<\/p>\n<p>El objetivo es que las empresas de San Juan con foco en las MiPyMEs y cadenas de valor de mayor impacto local, puedan integrar soluciones de Inteligencia Artificial y Machine Learning &#8211; M &#8211; para optimizar sus procesos, aumentar su competitividad y conquistar nuevos mercados.<\/p>\n<p>\u00abLo que estamos presentando no es solo un plan tecnol\u00f3gico, es una visi\u00f3n de futuro para la econom\u00eda de San Juan. Entendemos que la Inteligencia Artificial es un motor transversal de la Econom\u00eda del Conocimiento\u00bb &#8211; remarc\u00f3 el secretario del \u00e1rea, Dr. Germ\u00e1n Von Euw.<\/p>\n<p>\u00abMientras otros debaten, nosotros ya estamos ejecutando. Con esta estrategia, vamos a escalar las soluciones existentes para que el beneficio llegue a toda la cadena productiva provincial\u00bb, comentaron.<\/p>\n<p>El plan se estructura en cuatro ejes fundamentales: la formaci\u00f3n de talento local para los trabajos del futuro; el apoyo espec\u00edfico para la adopci\u00f3n en empresas e instituciones con impacto en el sistema productivo; la promoci\u00f3n de mejora de la infraestructura tecnol\u00f3gica y apoyo a MiPyMEs y StartUps; y la creaci\u00f3n de un marco \u00e9tico y de gobernanza que asegure un uso responsable y transparente de la IA.<\/p>\n<p>Con un despliegue planificado en cinco fases \u2013que van desde el diagn\u00f3stico de capacidades locales hasta la evaluaci\u00f3n y escalamiento de proyectos exitosos\u2013, San Juan no solo busca modernizar su econom\u00eda, sino tambi\u00e9n consolidarse como un polo de innovaci\u00f3n y desarrollo tecnol\u00f3gico de referencia en la regi\u00f3n y el pa\u00eds.<\/p>\n<p><strong><span style=\"color: #ff6600;\">Diagn\u00f3stico de Madurez Digital para MiPyMEs<\/span><\/strong><\/p>\n<p>Como acci\u00f3n espec\u00edfica para materializar el plan, se pone en marcha y se convoca a todas las pymes interesadas en participar del programa \u00abDiagn\u00f3stico de Madurez Digital para MiPyMEs\u00bb.<\/p>\n<p>Esta iniciativa permite a las peque\u00f1as y medianas empresas conocer su nivel de digitalizaci\u00f3n actual a trav\u00e9s de un \u00e1gil proceso de an\u00e1lisis. Se eval\u00faan desde las herramientas que utilizan a diario y sus procesos internos, hasta c\u00f3mo emplean los datos para tomar decisiones y cu\u00e1l es la percepci\u00f3n de su negocio en el entorno digital.<\/p>\n<p>Como resultado, cada MiPyME recibe un informe visual y una hoja de ruta pr\u00e1ctica con recomendaciones personalizadas de herramientas accesibles para iniciar o acelerar su crecimiento, incluyendo soluciones de Inteligencia Artificial.<\/p>\n<p>La propuesta est\u00e1 dirigida tanto para empresas que todav\u00eda no iniciaron ning\u00fan proceso de digitalizaci\u00f3n como para aquellas que ya se encuentran en distintos niveles de madurez.<\/p>\n<p>El diagn\u00f3stico funciona como una br\u00fajula tecnol\u00f3gica ayudando a cada organizaci\u00f3n a identificar su punto de partida y a avanzar, de manera pr\u00e1ctica, hacia el siguiente paso posible, en ese sentido, la invitaci\u00f3n es amplia y busca ofrecer a cada organizaci\u00f3n una oportunidad concreta de crecimiento, adaptada a su realidad actual.<\/p>\n<p>Cabe agregar que este Plan, se enmarca y viene a potenciar diversas acciones que ya se est\u00e1n gestando desde el Gobierno en el ecosistema local, como: Programa Fortalecimiento de Econom\u00eda del Conocimiento, programa Innovaci\u00f3n Startup, programa Apoyarnos en la Ciencia, convenio esencIA para la formaci\u00f3n de inteligencia artificial en la poblaci\u00f3n adulta, Primeras Jornadas de IA en medicina, Despierta tu talento digital, entre otros y eventos de sensibilizaci\u00f3n como fueron Sostenibilidad en la era de la Inteligencia Artificial, Startup Day, entre otros.<\/p>\n<p><span style=\"color: #ff6600;\"><strong>Link y condiciones para inscribirse para el Diagn\u00f3stico MiPyme<\/strong><\/span><\/p>\n<p><a href=\"https:\/\/acortar.link\/RdN3He\">https:\/\/acortar.link\/RdN3He<\/a><\/p>\n<p>Fecha M\u00e1xima: hasta el 30-set 2025<\/p>\n<p>&nbsp;<\/p>\n<p><img loading=\"lazy\" decoding=\"async\" class=\"alignnone size-full wp-image-65642\" src=\"https:\/\/vocesparalelas.com.ar\/sitio\/wp-content\/uploads\/2023\/11\/GOBIERNO-SAN-JUAN.jpg\" alt=\"\" width=\"800\" height=\"600\" srcset=\"https:\/\/vocesparalelas.com.ar\/sitio\/wp-content\/uploads\/2023\/11\/GOBIERNO-SAN-JUAN.jpg 800w, https:\/\/vocesparalelas.com.ar\/sitio\/wp-content\/uploads\/2023\/11\/GOBIERNO-SAN-JUAN-300x225.jpg 300w, https:\/\/vocesparalelas.com.ar\/sitio\/wp-content\/uploads\/2023\/11\/GOBIERNO-SAN-JUAN-768x576.jpg 768w\" sizes=\"auto, (max-width: 800px) 100vw, 800px\" \/><\/p>\n","protected":false},"excerpt":{"rendered":"<p>Hasta el 30 de Septiembre las MiPymes pueden inscribirse para iniciar un diagn\u00f3stico digital a partir del cual se elabore<\/p>\n","protected":false},"author":3,"featured_media":24712,"comment_status":"closed","ping_status":"closed","sticky":false,"template":"","format":"standard","meta":{"_acf_changed":false,"_seopress_robots_primary_cat":"none","_seopress_titles_title":"","_seopress_titles_desc":"","_seopress_robots_index":"","colormag_page_container_layout":"default_layout","colormag_page_sidebar_layout":"default_layout","footnotes":""},"categories":[9],"tags":[],"class_list":["post-91020","post","type-post","status-publish","format-standard","has-post-thumbnail","hentry","category-cursos"],"acf":[],"_links":{"self":[{"href":"https:\/\/vocesparalelas.com.ar\/sitio\/wp-json\/wp\/v2\/posts\/91020","targetHints":{"allow":["GET"]}}],"collection":[{"href":"https:\/\/vocesparalelas.com.ar\/sitio\/wp-json\/wp\/v2\/posts"}],"about":[{"href":"https:\/\/vocesparalelas.com.ar\/sitio\/wp-json\/wp\/v2\/types\/post"}],"author":[{"embeddable":true,"href":"https:\/\/vocesparalelas.com.ar\/sitio\/wp-json\/wp\/v2\/users\/3"}],"replies":[{"embeddable":true,"href":"https:\/\/vocesparalelas.com.ar\/sitio\/wp-json\/wp\/v2\/comments?post=91020"}],"version-history":[{"count":1,"href":"https:\/\/vocesparalelas.com.ar\/sitio\/wp-json\/wp\/v2\/posts\/91020\/revisions"}],"predecessor-version":[{"id":91061,"href":"https:\/\/vocesparalelas.com.ar\/sitio\/wp-json\/wp\/v2\/posts\/91020\/revisions\/91061"}],"wp:featuredmedia":[{"embeddable":true,"href":"https:\/\/vocesparalelas.com.ar\/sitio\/wp-json\/wp\/v2\/media\/24712"}],"wp:attachment":[{"href":"https:\/\/vocesparalelas.com.ar\/sitio\/wp-json\/wp\/v2\/media?parent=91020"}],"wp:term":[{"taxonomy":"category","embeddable":true,"href":"https:\/\/vocesparalelas.com.ar\/sitio\/wp-json\/wp\/v2\/categories?post=91020"},{"taxonomy":"post_tag","embeddable":true,"href":"https:\/\/vocesparalelas.com.ar\/sitio\/wp-json\/wp\/v2\/tags?post=91020"}],"curies":[{"name":"wp","href":"https:\/\/api.w.org\/{rel}","templated":true}]}}