{"id":91008,"date":"2025-09-08T09:15:21","date_gmt":"2025-09-08T12:15:21","guid":{"rendered":"https:\/\/vocesparalelas.com.ar\/sitio\/?p=91008"},"modified":"2025-09-08T21:17:07","modified_gmt":"2025-09-09T00:17:07","slug":"plan-provincial-de-alfabetizacion-comprendo-y-aprendo-para-la-modalidad-de-educacion-especial-de-san-juan","status":"publish","type":"post","link":"https:\/\/vocesparalelas.com.ar\/sitio\/plan-provincial-de-alfabetizacion-comprendo-y-aprendo-para-la-modalidad-de-educacion-especial-de-san-juan\/","title":{"rendered":"Plan Provincial de Alfabetizaci\u00f3n \u201cComprendo y Aprendo\u201d para la modalidad de Educaci\u00f3n Especial de San Juan"},"content":{"rendered":"<p>El Ministerio de Educaci\u00f3n del Gobierno de San Juan, a trav\u00e9s de la Direcci\u00f3n de Educaci\u00f3n Especial, lanz\u00f3 en Agosto de 2025 el Plan Provincial de Alfabetizaci\u00f3n \u201cComprendo y Aprendo\u201d para la modalidad de Educaci\u00f3n Especial, convirti\u00e9ndose en la \u00fanica provincia de la Rep\u00fablica Argentina, en contar con una propuesta de estas caracter\u00edsticas, que incluye un libro accesible y contextualizado. El material fue elaborado \u00edntegramente por profesionales de San Juan.<\/p>\n<p>La propuesta se implementa en 30 escuelas de Educaci\u00f3n Especial, 26 estatales y 4 privadas, alcanza a m\u00e1s de 500 estudiantes con discapacidad y cuenta con la acci\u00f3n de 58 docentes especializados, en otra muestra de las acciones del Ministerio de Educaci\u00f3n hacia la equidad y la calidad educativa.<\/p>\n<p>Uno de los pilares centrales del plan es el libro accesible, una herramienta did\u00e1ctica \u00fanica. Incluye pictogramas, c\u00f3digos QR para contenidos sonoros y materiales adaptados a la identidad provincial, que acompa\u00f1ar\u00e1 las pr\u00e1cticas en el aula con recursos did\u00e1cticos concretos.<\/p>\n<p>Este material bibliogr\u00e1fico titulado de forma participativa durante el acto de lanzamiento a trav\u00e9s de una votaci\u00f3n abierta. As\u00ed, el nombre elegido para el libro tras la votaci\u00f3n fue \u201cAventura bajo el sol\u201d.<\/p>\n<p>Dise\u00f1ado e implementado por la Direcci\u00f3n de Educaci\u00f3n Especial, el Plan Provincial de Alfabetizaci\u00f3n \u201cComprendo y Aprendo\u201d para la modalidad de Educaci\u00f3n Especial fue declarado de inter\u00e9s provincial por su valor pedag\u00f3gico e inclusivo.<\/p>\n<p><img loading=\"lazy\" decoding=\"async\" class=\"alignnone size-full wp-image-28629\" src=\"https:\/\/vocesparalelas.com.ar\/sitio\/wp-content\/uploads\/2020\/05\/MINISTERIO-EDUCACION-SJ.jpg\" alt=\"\" width=\"800\" height=\"533\" srcset=\"https:\/\/vocesparalelas.com.ar\/sitio\/wp-content\/uploads\/2020\/05\/MINISTERIO-EDUCACION-SJ.jpg 800w, https:\/\/vocesparalelas.com.ar\/sitio\/wp-content\/uploads\/2020\/05\/MINISTERIO-EDUCACION-SJ-300x200.jpg 300w, https:\/\/vocesparalelas.com.ar\/sitio\/wp-content\/uploads\/2020\/05\/MINISTERIO-EDUCACION-SJ-768x512.jpg 768w\" sizes=\"auto, (max-width: 800px) 100vw, 800px\" \/><\/p>\n","protected":false},"excerpt":{"rendered":"<p>El Ministerio de Educaci\u00f3n del Gobierno de San Juan, a trav\u00e9s de la Direcci\u00f3n de Educaci\u00f3n Especial, lanz\u00f3 en Agosto<\/p>\n","protected":false},"author":3,"featured_media":91013,"comment_status":"closed","ping_status":"closed","sticky":false,"template":"","format":"standard","meta":{"_acf_changed":false,"_seopress_robots_primary_cat":"none","_seopress_titles_title":"","_seopress_titles_desc":"","_seopress_robots_index":"","colormag_page_container_layout":"default_layout","colormag_page_sidebar_layout":"default_layout","footnotes":""},"categories":[10],"tags":[],"class_list":["post-91008","post","type-post","status-publish","format-standard","has-post-thumbnail","hentry","category-opiniones"],"acf":[],"_links":{"self":[{"href":"https:\/\/vocesparalelas.com.ar\/sitio\/wp-json\/wp\/v2\/posts\/91008","targetHints":{"allow":["GET"]}}],"collection":[{"href":"https:\/\/vocesparalelas.com.ar\/sitio\/wp-json\/wp\/v2\/posts"}],"about":[{"href":"https:\/\/vocesparalelas.com.ar\/sitio\/wp-json\/wp\/v2\/types\/post"}],"author":[{"embeddable":true,"href":"https:\/\/vocesparalelas.com.ar\/sitio\/wp-json\/wp\/v2\/users\/3"}],"replies":[{"embeddable":true,"href":"https:\/\/vocesparalelas.com.ar\/sitio\/wp-json\/wp\/v2\/comments?post=91008"}],"version-history":[{"count":1,"href":"https:\/\/vocesparalelas.com.ar\/sitio\/wp-json\/wp\/v2\/posts\/91008\/revisions"}],"predecessor-version":[{"id":91014,"href":"https:\/\/vocesparalelas.com.ar\/sitio\/wp-json\/wp\/v2\/posts\/91008\/revisions\/91014"}],"wp:featuredmedia":[{"embeddable":true,"href":"https:\/\/vocesparalelas.com.ar\/sitio\/wp-json\/wp\/v2\/media\/91013"}],"wp:attachment":[{"href":"https:\/\/vocesparalelas.com.ar\/sitio\/wp-json\/wp\/v2\/media?parent=91008"}],"wp:term":[{"taxonomy":"category","embeddable":true,"href":"https:\/\/vocesparalelas.com.ar\/sitio\/wp-json\/wp\/v2\/categories?post=91008"},{"taxonomy":"post_tag","embeddable":true,"href":"https:\/\/vocesparalelas.com.ar\/sitio\/wp-json\/wp\/v2\/tags?post=91008"}],"curies":[{"name":"wp","href":"https:\/\/api.w.org\/{rel}","templated":true}]}}