{"id":90994,"date":"2025-09-07T20:06:24","date_gmt":"2025-09-07T23:06:24","guid":{"rendered":"https:\/\/vocesparalelas.com.ar\/sitio\/?p=90994"},"modified":"2025-09-08T19:15:39","modified_gmt":"2025-09-08T22:15:39","slug":"la-solucion-es-con-todos","status":"publish","type":"post","link":"https:\/\/vocesparalelas.com.ar\/sitio\/la-solucion-es-con-todos\/","title":{"rendered":"\u00a1La Soluci\u00f3n es con Todos!"},"content":{"rendered":"<p>Desde la Uni\u00f3n Docente Argentina (UDA) San Juan, en representaci\u00f3n de los directores de nivel secundario y el cuerpo docente provincial, expresamos nuestra profunda solidaridad con la directora de la Escuela 9 de Julio. La agresi\u00f3n f\u00edsica que padeci\u00f3 demuestra que se ha traspasado un l\u00edmite que no podemos ignorar.<\/p>\n<p>Este lamentable suceso, hoy en los medios, es solo la punta del iceberg. Conocemos las innumerables agresiones verbales, descalificaciones y amenazas que ocurren a diario en nuestras instituciones, y que, por ser menos visibles, carecen de repercusi\u00f3n. Estos actos, sin la visibilidad de la prensa, tambi\u00e9n constituyen violencia y generan un clima de temor que afecta directamente la seguridad de nuestro personal y de nuestros alumnos.<\/p>\n<p>No podemos permitir la normalizaci\u00f3n de la violencia en nuestras escuelas. Es el momento de que todos los miembros de la comunidad educativa nos unamos: el Ministerio de Educaci\u00f3n, la Polic\u00eda, los padres y los alumnos.<\/p>\n<p>Es hora de colaborar para construir herramientas concretas que pongan fin a este ciclo de agresi\u00f3n. Debemos elaborar un plan que proteja eficazmente a nuestros docentes y estudiantes. Para lograrlo, la participaci\u00f3n de cada individuo es crucial.<\/p>\n<p>Nosotros, como gremio y directivos, nos ponemos a disposici\u00f3n de las autoridades para contribuir en la b\u00fasqueda de soluciones. Es ahora o nunca. Es prioritario resguardar a nuestros docentes, pero, sobre todo, proteger a nuestros alumnos, garantizando que las escuelas sigan siendo un espacio de paz y aprendizaje.<\/p>\n<p>&nbsp;<\/p>\n<p style=\"text-align: right;\">Comisi\u00f3n Directiva UDA Seccional San Juan<\/p>\n<p style=\"text-align: right;\">San Juan 7 de septiembre de 2025<\/p>\n<p>&nbsp;<\/p>\n<p>Uni\u00f3n Docentes Argentinos \u2013 UDA \u2013 San Juan \u00danico sindicato con representatividad en todas las gestiones, niveles y modalidades del sistema educativo<\/p>\n<p><span style=\"color: #ff6600;\"><strong>Adherida<\/strong><\/span><\/p>\n<ul>\n<li>Confederaci\u00f3n General del Trabajo de la Rep. Arg.<\/li>\n<li>Federaci\u00f3n de Trabajadores de la Educaci\u00f3n.<\/li>\n<\/ul>\n<p><span style=\"color: #ff6600;\"><strong>Datos importantes<\/strong><\/span><\/p>\n<p>Sarmiento 122 Capital-4200100-2644152728<\/p>\n<p><a href=\"http:\/\/www.udasanjuan.com.ar\">www.udasanjuan.com.ar<\/a><\/p>\n<p><a href=\"mailto:udasjinfo@gmail.com\">udasjinfo@gmail.com<\/a><\/p>\n<p><img loading=\"lazy\" decoding=\"async\" class=\"alignnone size-full wp-image-86898\" src=\"https:\/\/vocesparalelas.com.ar\/sitio\/wp-content\/uploads\/2025\/05\/UDA-LOGO.jpg\" alt=\"\" width=\"800\" height=\"455\" srcset=\"https:\/\/vocesparalelas.com.ar\/sitio\/wp-content\/uploads\/2025\/05\/UDA-LOGO.jpg 800w, https:\/\/vocesparalelas.com.ar\/sitio\/wp-content\/uploads\/2025\/05\/UDA-LOGO-300x171.jpg 300w, https:\/\/vocesparalelas.com.ar\/sitio\/wp-content\/uploads\/2025\/05\/UDA-LOGO-768x437.jpg 768w\" sizes=\"auto, (max-width: 800px) 100vw, 800px\" \/><\/p>\n","protected":false},"excerpt":{"rendered":"<p>Desde la Uni\u00f3n Docente Argentina (UDA) San Juan, en representaci\u00f3n de los directores de nivel secundario y el cuerpo docente<\/p>\n","protected":false},"author":3,"featured_media":74657,"comment_status":"closed","ping_status":"closed","sticky":false,"template":"","format":"standard","meta":{"_acf_changed":false,"_seopress_robots_primary_cat":"none","_seopress_titles_title":"","_seopress_titles_desc":"","_seopress_robots_index":"","colormag_page_container_layout":"default_layout","colormag_page_sidebar_layout":"default_layout","footnotes":""},"categories":[10],"tags":[],"class_list":["post-90994","post","type-post","status-publish","format-standard","has-post-thumbnail","hentry","category-opiniones"],"acf":[],"_links":{"self":[{"href":"https:\/\/vocesparalelas.com.ar\/sitio\/wp-json\/wp\/v2\/posts\/90994","targetHints":{"allow":["GET"]}}],"collection":[{"href":"https:\/\/vocesparalelas.com.ar\/sitio\/wp-json\/wp\/v2\/posts"}],"about":[{"href":"https:\/\/vocesparalelas.com.ar\/sitio\/wp-json\/wp\/v2\/types\/post"}],"author":[{"embeddable":true,"href":"https:\/\/vocesparalelas.com.ar\/sitio\/wp-json\/wp\/v2\/users\/3"}],"replies":[{"embeddable":true,"href":"https:\/\/vocesparalelas.com.ar\/sitio\/wp-json\/wp\/v2\/comments?post=90994"}],"version-history":[{"count":3,"href":"https:\/\/vocesparalelas.com.ar\/sitio\/wp-json\/wp\/v2\/posts\/90994\/revisions"}],"predecessor-version":[{"id":90999,"href":"https:\/\/vocesparalelas.com.ar\/sitio\/wp-json\/wp\/v2\/posts\/90994\/revisions\/90999"}],"wp:featuredmedia":[{"embeddable":true,"href":"https:\/\/vocesparalelas.com.ar\/sitio\/wp-json\/wp\/v2\/media\/74657"}],"wp:attachment":[{"href":"https:\/\/vocesparalelas.com.ar\/sitio\/wp-json\/wp\/v2\/media?parent=90994"}],"wp:term":[{"taxonomy":"category","embeddable":true,"href":"https:\/\/vocesparalelas.com.ar\/sitio\/wp-json\/wp\/v2\/categories?post=90994"},{"taxonomy":"post_tag","embeddable":true,"href":"https:\/\/vocesparalelas.com.ar\/sitio\/wp-json\/wp\/v2\/tags?post=90994"}],"curies":[{"name":"wp","href":"https:\/\/api.w.org\/{rel}","templated":true}]}}