{"id":90990,"date":"2025-09-07T09:45:10","date_gmt":"2025-09-07T12:45:10","guid":{"rendered":"https:\/\/vocesparalelas.com.ar\/sitio\/?p=90990"},"modified":"2025-09-08T20:31:20","modified_gmt":"2025-09-08T23:31:20","slug":"programacion-septiembre-2025-del-teatro-del-bicentenario-de-san-juan","status":"publish","type":"post","link":"https:\/\/vocesparalelas.com.ar\/sitio\/programacion-septiembre-2025-del-teatro-del-bicentenario-de-san-juan\/","title":{"rendered":"Programaci\u00f3n \u00abSeptiembre 2025\u00bb del Teatro del Bicentenario de San Juan"},"content":{"rendered":"<p>El Ministerio de Turismo, Cultura y Deporte del Gobierno de San Juan, a trav\u00e9s del Teatro del Bicentenario, presenta su variada programaci\u00f3n \u00abSeptiembre 2025\u00bb, con espect\u00e1culos para todos los p\u00fablicos y gustos art\u00edsticos. Tanto la Sala Principal como la Sala Audit\u00f3rium ser\u00e1n escenarios de propuestas internacionales, musicales multipremiados, danza contempor\u00e1nea, experiencias educativas y teatro local de primer nivel.<\/p>\n<p><span style=\"color: #ff6600;\"><strong>Sala Principal<\/strong><\/span><\/p>\n<p>La temporada se inaugura con \u201cEl Brote\u201d, la obra de Compa\u00f1\u00eda Criolla dirigida por Emiliano Dionisi y protagonizada por Roberto Peloni, que invita a reflexionar sobre los l\u00edmites entre realidad y ficci\u00f3n (s\u00e1bado 6, 21:30).<\/p>\n<p>El Festival Cuyo Contempor\u00e1neo llega con un homenaje in\u00e9dito a Karlheinz Stockhausen, dos noches dedicadas al c\u00e9lebre compositor alem\u00e1n con artistas internacionales avalados por la Fundaci\u00f3n Stockhausen (s\u00e1bado 13 y domingo 14, 21:00).<\/p>\n<p>Otro de los puntos altos del mes ser\u00e1 la llegada de \u201cCome From Away\u201d, el musical multipremiado que emocion\u00f3 al mundo con su historia real de solidaridad y humanidad, en su versi\u00f3n argentina (viernes 26, 21:30).<\/p>\n<p>Adem\u00e1s, se suma la experiencia educativa \u201cUn d\u00eda en la f\u00e1brica del arte\u201d, destinada a estudiantes de danza que podr\u00e1n recorrer los espacios del TB y vivir la rutina art\u00edstica desde adentro (martes 30, 14:30 a 16:00, gratuito).<\/p>\n<p>Completando la programaci\u00f3n, se desarrollar\u00e1 el seminario intensivo \u201cTejido Pulsante\u201d, a cargo de Carolina Mancuso, con laboratorio de danza contempor\u00e1nea y muestra final en la Sala Principal (8 al 17 de septiembre).<\/p>\n<p><span style=\"color: #ff6600;\"><strong>Sala Audit\u00f3rium<\/strong><\/span><\/p>\n<p>El mes tambi\u00e9n traer\u00e1 estrenos y propuestas en la Sala Audit\u00f3rium:<\/p>\n<p>Otra vez, una obra de danza y tango que explora el amor y el dolor (viernes 5, 21:30).<\/p>\n<p>Peque\u00f1os Mundos, concierto del Ensamble Barroco con un viaje musical al siglo XVIII (s\u00e1bado 6, 21:00).<\/p>\n<p>Pepe Blasco en Banda, presentaci\u00f3n de su disco Accionar junto a m\u00fasicos destacados (mi\u00e9rcoles 10, 21:30).<\/p>\n<p>Kika Alonso, con la presentaci\u00f3n oficial de su disco debut El camino de la luna (viernes 12, 21:30).<\/p>\n<p>Las Rococ\u00f3, comedia que retrata con humor las m\u00e1scaras sociales (s\u00e1bado 13, 21:00).<\/p>\n<p>Sarmiento en primera persona, documental innovador con inteligencia artificial sobre el Maestro de Am\u00e9rica (martes 16, 21:00).<\/p>\n<p>Salvador Oliva presenta: Oro del Desierto, una relectura del folklore cuyano (jueves 18, 21:30).<\/p>\n<p>Amor Amor \u2013 Opereta vienesa, espect\u00e1culo l\u00edrico con lo mejor de Leh\u00e1r y Straus (viernes 19, 21:30).<\/p>\n<p><span style=\"color: #ff6600;\"><strong>Entradas y descuentos<\/strong><\/span><\/p>\n<p>Las entradas ya se encuentran disponibles en la boleter\u00eda del Teatro del Bicentenario (lunes a viernes de 9:30 a 14 y de 16 a 20; s\u00e1bados de 9:30 a 14) y a trav\u00e9s de TuEntrada.com.<\/p>\n<p>El TB ofrece descuentos especiales en boleter\u00eda para jubilados, Ticket YA y Ticket Joven.<\/p>\n<p>Con propuestas internacionales, musicales consagrados, danza, m\u00fasica, teatro y experiencias educativas, el Teatro del Bicentenario reafirma en septiembre su rol como epicentro cultural de la regi\u00f3n.<\/p>\n<p><img loading=\"lazy\" decoding=\"async\" class=\"alignnone size-large wp-image-21666\" src=\"https:\/\/vocesparalelas.com.ar\/sitio\/wp-content\/uploads\/2019\/06\/TEATRO-BICENTENARIO-10-800x600.jpg\" alt=\"\" width=\"800\" height=\"600\" srcset=\"https:\/\/vocesparalelas.com.ar\/sitio\/wp-content\/uploads\/2019\/06\/TEATRO-BICENTENARIO-10-800x600.jpg 800w, https:\/\/vocesparalelas.com.ar\/sitio\/wp-content\/uploads\/2019\/06\/TEATRO-BICENTENARIO-10-300x225.jpg 300w, https:\/\/vocesparalelas.com.ar\/sitio\/wp-content\/uploads\/2019\/06\/TEATRO-BICENTENARIO-10-768x576.jpg 768w, https:\/\/vocesparalelas.com.ar\/sitio\/wp-content\/uploads\/2019\/06\/TEATRO-BICENTENARIO-10.jpg 1000w\" sizes=\"auto, (max-width: 800px) 100vw, 800px\" \/><\/p>\n","protected":false},"excerpt":{"rendered":"<p>El Ministerio de Turismo, Cultura y Deporte del Gobierno de San Juan, a trav\u00e9s del Teatro del Bicentenario, presenta su<\/p>\n","protected":false},"author":3,"featured_media":78320,"comment_status":"closed","ping_status":"closed","sticky":false,"template":"","format":"standard","meta":{"_acf_changed":false,"_seopress_robots_primary_cat":"none","_seopress_titles_title":"","_seopress_titles_desc":"","_seopress_robots_index":"","colormag_page_container_layout":"default_layout","colormag_page_sidebar_layout":"default_layout","footnotes":""},"categories":[20],"tags":[],"class_list":["post-90990","post","type-post","status-publish","format-standard","has-post-thumbnail","hentry","category-cartelera"],"acf":[],"_links":{"self":[{"href":"https:\/\/vocesparalelas.com.ar\/sitio\/wp-json\/wp\/v2\/posts\/90990","targetHints":{"allow":["GET"]}}],"collection":[{"href":"https:\/\/vocesparalelas.com.ar\/sitio\/wp-json\/wp\/v2\/posts"}],"about":[{"href":"https:\/\/vocesparalelas.com.ar\/sitio\/wp-json\/wp\/v2\/types\/post"}],"author":[{"embeddable":true,"href":"https:\/\/vocesparalelas.com.ar\/sitio\/wp-json\/wp\/v2\/users\/3"}],"replies":[{"embeddable":true,"href":"https:\/\/vocesparalelas.com.ar\/sitio\/wp-json\/wp\/v2\/comments?post=90990"}],"version-history":[{"count":1,"href":"https:\/\/vocesparalelas.com.ar\/sitio\/wp-json\/wp\/v2\/posts\/90990\/revisions"}],"predecessor-version":[{"id":90993,"href":"https:\/\/vocesparalelas.com.ar\/sitio\/wp-json\/wp\/v2\/posts\/90990\/revisions\/90993"}],"wp:featuredmedia":[{"embeddable":true,"href":"https:\/\/vocesparalelas.com.ar\/sitio\/wp-json\/wp\/v2\/media\/78320"}],"wp:attachment":[{"href":"https:\/\/vocesparalelas.com.ar\/sitio\/wp-json\/wp\/v2\/media?parent=90990"}],"wp:term":[{"taxonomy":"category","embeddable":true,"href":"https:\/\/vocesparalelas.com.ar\/sitio\/wp-json\/wp\/v2\/categories?post=90990"},{"taxonomy":"post_tag","embeddable":true,"href":"https:\/\/vocesparalelas.com.ar\/sitio\/wp-json\/wp\/v2\/tags?post=90990"}],"curies":[{"name":"wp","href":"https:\/\/api.w.org\/{rel}","templated":true}]}}