{"id":90971,"date":"2025-09-07T10:07:49","date_gmt":"2025-09-07T13:07:49","guid":{"rendered":"https:\/\/vocesparalelas.com.ar\/sitio\/?p=90971"},"modified":"2025-09-08T19:16:02","modified_gmt":"2025-09-08T22:16:02","slug":"mensajes-incomodos","status":"publish","type":"post","link":"https:\/\/vocesparalelas.com.ar\/sitio\/mensajes-incomodos\/","title":{"rendered":"Mensajes inc\u00f3modos"},"content":{"rendered":"<p>Por el Arzobispo de San Juan de Cuyo, Monse\u00f1or Jorge Lozano<\/p>\n<p>Te invito a volver la mirada hacia nuestro entorno y a reflexionar sobre c\u00f3mo anda la relaci\u00f3n con el mundo que habitamos. Hagamos un examen de conciencia personal y colectivo, a la luz de la espiritualidad cristiana y del llamado urgente que la crisis ecol\u00f3gica plantea a la humanidad. No es f\u00e1cil escuchar estos mensajes; nos interpelan en lo profundo, nos sacan de la comodidad y nos llaman a cambiar estilos de vida y h\u00e1bitos de consumo que han dejado huellas indelebles en la casa com\u00fan.<\/p>\n<p>No es casual que el mes de la creaci\u00f3n que estamos transitando en setiembre llegue con mensajes que perturban, que obligan a mirar en serio nuestras acciones cotidianas. Revisar el propio estilo de vida puede resultar inc\u00f3modo, porque implica confrontar h\u00e1bitos arraigados y reconocer nuestra complicidad, muchas veces inadvertida, en el deterioro ambiental. Te pido disculpas por incomodarte, pero no andamos bien; y algo tenemos que hacer. Si la voz de la conciencia sigue viva, estar\u00e1 dispuesta a abrirse a la transformaci\u00f3n.<\/p>\n<p>Para quienes nos reconocemos cristianos, la fe en un Dios creador de todo el Universo constituye el fundamento inquebrantable de nuestra relaci\u00f3n con el mundo. Como expresa bellamente el Himno en una de las Cartas de San Pablo: \u201cCristo es el Primog\u00e9nito de toda la creaci\u00f3n, porque en \u00c9l fueron creadas todas las cosas, tanto en el cielo como en la tierra (\u2026) Todo fue creado por medio de \u00c9l y para \u00c9l, (\u2026) y todo subsiste en \u00c9l\u201d (Colosenses 1, 15-16).<\/p>\n<p>La naturaleza no es un simple tel\u00f3n de fondo de la historia humana, sino un ser vivo que participa del drama de la redenci\u00f3n y de la esperanza (Romanos 8, 19-23). La creaci\u00f3n, herida y explotada, clama por justicia. Nuestra fe nos ense\u00f1a que todo subsiste en Cristo: el cosmos, la tierra, las aguas, los animales, las plantas y cada persona. Nada est\u00e1 fuera del amor creador y redentor de Dios.<\/p>\n<p>El Papa Francisco nos ha insistido en que \u201ctodo est\u00e1 interconectado\u201d, la realidad forma una trama de relaciones que nos une a Dios, a cada criatura y a toda la humanidad (LS 66). Este principio, lejos de ser una abstracci\u00f3n, tiene implicancias concretas: lo que hacemos, lo que consumimos, lo que desechamos, afecta no solo nuestro entorno inmediato sino el equilibrio global. El deterioro ambiental y el sufrimiento humano son dos caras de una misma crisis \u00e9tica y espiritual. El gemido de la tierra y el clamor de los pobres son un mismo grito de lamento (LS 49).<\/p>\n<p>La cultura del descarte, alimentada por la l\u00f3gica del \u201cusar y tirar\u201d, genera no solo pobreza y exclusi\u00f3n sino tambi\u00e9n un da\u00f1o irreversible al ambiente. El avance tecnol\u00f3gico, que podr\u00eda haber sido fuente de bienestar y equidad, se ha convertido en muchos casos en un factor de desigualdad y contaminaci\u00f3n del suelo, el agua y el aire. Los basurales electr\u00f3nicos en ciudades y periferias muestran la cara m\u00e1s amarga del progreso: computadoras, tel\u00e9fonos, electrodom\u00e9sticos, que ayer fueron s\u00edmbolo de estatus y comodidad, hoy son basura peligrosa. El costo ambiental y social de estos residuos suele ser invisible. El consumo sin freno es una herida abierta.<\/p>\n<p>Los mensajes inc\u00f3modos no tienen como objetivo paralizar ni generar culpa est\u00e9ril, sino movilizar hacia una conversi\u00f3n ecol\u00f3gica. Se trata de una transformaci\u00f3n profunda que involucra la mente y el coraz\u00f3n, la fe y las obras. Cambiar h\u00e1bitos de consumo implica preguntarse, antes de adquirir o desechar algo: \u00bflo necesito realmente?, \u00bfqu\u00e9 impacto tendr\u00e1 en la vida de otras personas y de la tierra?, \u00bfestoy dispuesto a vivir con menos para que otras personas puedan vivir con lo suficiente? Es un camino exigente, pero vital.<\/p>\n<p>La conversi\u00f3n ecol\u00f3gica tiene dimensiones personales y comunitarias. Implica gestos cotidianos como reducir el consumo de pl\u00e1sticos, reutilizar, reciclar, optar por productos locales y sostenibles, y sobre todo, educar en la conciencia de que todo est\u00e1 interconectado. Pero tambi\u00e9n requiere compromisos sociales y pol\u00edticos: exigir pol\u00edticas p\u00fablicas a favor del ambiente, apoyar iniciativas ciudadanas y solidarizarse con las comunidades m\u00e1s vulnerables al cambio clim\u00e1tico y la contaminaci\u00f3n.<\/p>\n<p>El fin de semana que viene se realiza en todo el pa\u00eds la Colecta M\u00e1s por Menos. Contamos con tu generosidad. \u201cHoy tu ayuda es esperanza viva\u201d.<\/p>\n<p><iframe loading=\"lazy\" title=\"SAN JUAN MONSE\u00d1OR JORGE LOZANO \" width=\"800\" height=\"450\" src=\"https:\/\/www.youtube.com\/embed\/7a9ANgOhz1Q?feature=oembed\" frameborder=\"0\" allow=\"accelerometer; autoplay; clipboard-write; encrypted-media; gyroscope; picture-in-picture; web-share\" referrerpolicy=\"strict-origin-when-cross-origin\" allowfullscreen><\/iframe><\/p>\n<p>&nbsp;<\/p>\n<p><img loading=\"lazy\" decoding=\"async\" class=\"alignnone size-full wp-image-61416\" src=\"https:\/\/vocesparalelas.com.ar\/sitio\/wp-content\/uploads\/2023\/07\/ARZOBISPADO-EDIFICIO.jpg\" alt=\"\" width=\"800\" height=\"600\" srcset=\"https:\/\/vocesparalelas.com.ar\/sitio\/wp-content\/uploads\/2023\/07\/ARZOBISPADO-EDIFICIO.jpg 800w, https:\/\/vocesparalelas.com.ar\/sitio\/wp-content\/uploads\/2023\/07\/ARZOBISPADO-EDIFICIO-300x225.jpg 300w, https:\/\/vocesparalelas.com.ar\/sitio\/wp-content\/uploads\/2023\/07\/ARZOBISPADO-EDIFICIO-768x576.jpg 768w\" sizes=\"auto, (max-width: 800px) 100vw, 800px\" \/><\/p>\n","protected":false},"excerpt":{"rendered":"<p>Por el Arzobispo de San Juan de Cuyo, Monse\u00f1or Jorge Lozano Te invito a volver la mirada hacia nuestro entorno<\/p>\n","protected":false},"author":3,"featured_media":81112,"comment_status":"closed","ping_status":"closed","sticky":false,"template":"","format":"standard","meta":{"_acf_changed":false,"_seopress_robots_primary_cat":"none","_seopress_titles_title":"","_seopress_titles_desc":"","_seopress_robots_index":"","colormag_page_container_layout":"default_layout","colormag_page_sidebar_layout":"default_layout","footnotes":""},"categories":[10,7],"tags":[],"class_list":["post-90971","post","type-post","status-publish","format-standard","has-post-thumbnail","hentry","category-opiniones","category-videos"],"acf":[],"_links":{"self":[{"href":"https:\/\/vocesparalelas.com.ar\/sitio\/wp-json\/wp\/v2\/posts\/90971","targetHints":{"allow":["GET"]}}],"collection":[{"href":"https:\/\/vocesparalelas.com.ar\/sitio\/wp-json\/wp\/v2\/posts"}],"about":[{"href":"https:\/\/vocesparalelas.com.ar\/sitio\/wp-json\/wp\/v2\/types\/post"}],"author":[{"embeddable":true,"href":"https:\/\/vocesparalelas.com.ar\/sitio\/wp-json\/wp\/v2\/users\/3"}],"replies":[{"embeddable":true,"href":"https:\/\/vocesparalelas.com.ar\/sitio\/wp-json\/wp\/v2\/comments?post=90971"}],"version-history":[{"count":1,"href":"https:\/\/vocesparalelas.com.ar\/sitio\/wp-json\/wp\/v2\/posts\/90971\/revisions"}],"predecessor-version":[{"id":90989,"href":"https:\/\/vocesparalelas.com.ar\/sitio\/wp-json\/wp\/v2\/posts\/90971\/revisions\/90989"}],"wp:featuredmedia":[{"embeddable":true,"href":"https:\/\/vocesparalelas.com.ar\/sitio\/wp-json\/wp\/v2\/media\/81112"}],"wp:attachment":[{"href":"https:\/\/vocesparalelas.com.ar\/sitio\/wp-json\/wp\/v2\/media?parent=90971"}],"wp:term":[{"taxonomy":"category","embeddable":true,"href":"https:\/\/vocesparalelas.com.ar\/sitio\/wp-json\/wp\/v2\/categories?post=90971"},{"taxonomy":"post_tag","embeddable":true,"href":"https:\/\/vocesparalelas.com.ar\/sitio\/wp-json\/wp\/v2\/tags?post=90971"}],"curies":[{"name":"wp","href":"https:\/\/api.w.org\/{rel}","templated":true}]}}