{"id":90963,"date":"2025-09-05T22:25:37","date_gmt":"2025-09-06T01:25:37","guid":{"rendered":"https:\/\/vocesparalelas.com.ar\/sitio\/?p=90963"},"modified":"2025-09-08T20:36:20","modified_gmt":"2025-09-08T23:36:20","slug":"programa-septiembre-2025-del-chalet-cantoni-de-san-juan","status":"publish","type":"post","link":"https:\/\/vocesparalelas.com.ar\/sitio\/programa-septiembre-2025-del-chalet-cantoni-de-san-juan\/","title":{"rendered":"Programa \u00abSeptiembre 2025\u00bb del Chalet Cantoni de San Juan"},"content":{"rendered":"<p>El Chalet Cantoni tiene una agenda durante Septiembre con actividades que combinan arte, m\u00fasica, cine, ferias, talleres y experiencias de bienestar. Con propuestas para distintos p\u00fablicos, este emblem\u00e1tico espacio se consolida como un punto de encuentro cultural para la comunidad sanjuanina.<\/p>\n<p>El Jueves, 4 de Septiembre, a las 20 hs, regresa el ciclo Pantallas Abiertas\u00a0con la proyecci\u00f3n de Disconnect (2012). Este drama de 115 minutos pone el foco en las contradicciones de la era digital y la incomunicaci\u00f3n en tiempos de redes sociales.\u00a0La entrada ser\u00e1 libre y gratuita por orden de llegada.<\/p>\n<p>El jard\u00edn del Chalet Cantoni se transforma en escenario de Bailar Temprano: Pop Sunset, una experiencia que fusiona m\u00fasica, danza y performance en un entorno al aire libre. El evento, que se realizar\u00e1 el 6 de Septiembre, desde las 18 hs., contar\u00e1 con el show en vivo de Fabricio Montilla Full Band, el Vinilo Set de DJ Rokers con cl\u00e1sicos de los 70, 80 y 90, y la puesta esc\u00e9nica del colectivo Yeguas Sagradas, que aportar\u00e1 su sello perform\u00e1tico \u00fanico. Para acompa\u00f1ar la tarde habr\u00e1 stands de comidas y bebidas. Las entradas ya est\u00e1n disponibles a trav\u00e9s del<\/p>\n<p><a href=\"https:\/\/tinyurl.com\/bailartemprano\">https:\/\/tinyurl.com\/bailartemprano<\/a><\/p>\n<p>El Domingo, 7 de Septiembre, de 16 a 21:30 hs., se realiza la primera edici\u00f3n del Paseo Cantoni, una feria cultural y productiva que re\u00fane a m\u00e1s de 60 emprendimientos locales. Los visitantes pueden recorrer propuestas de dise\u00f1o, arte gr\u00e1fico, tejidos, cer\u00e1mica, cosm\u00e9tica natural, panificados, cerveza artesanal y productos gourmet, entre otros. El evento contar\u00e1 adem\u00e1s con DJ en vivo y una cuidada puesta est\u00e9tica que promete una experiencia colectiva de sabores, m\u00fasica y creatividad. La entrada es libre y gratuita.<\/p>\n<p>El Martes, 9 de Septiembre, a las 20 hs., queda inaugurada la exposici\u00f3n Blanco y Negro, que re\u00fane obras de siete destacados artistas visuales: Adriana Carbajal, Humberto Costa, Pablo Henr\u00edquez, Graciela Manzano Aguil, Jorge Mar\u00fan, Estela Mil\u00e1n y Luis Romero. La muestra propone un recorrido por las posibilidades expresivas del monocromo, con obras que dialogan desde lo diverso pero mantienen la fuerza conceptual de la ausencia de color. Durante la apertura, el p\u00fablico puede disfrutar de una degustaci\u00f3n de vinos a cargo de proyectos locales. La exposici\u00f3n permanecer\u00e1 abierta hasta el 1 de octubre, de lunes a viernes, en horario de 9 a 13 hs. y de 17 a 20 hs.<\/p>\n<p>En la segunda quincena de septiembre, se realizar\u00e1 una jornada de Mindfulness. El lunes 15 de septiembre, de 19 a 21, se llevar\u00e1 adelant<strong>e <\/strong>\u201cVolver a lo esencial\u201d,\u00a0una experiencia vivencial organizada por Plenamente. La actividad estar\u00e1 guiada por la Lic. Valeria Soria y la Lic. Ver\u00f3nica Soria, quienes proponen una tarde de pr\u00e1cticas de mindfulness, movimientos conscientes y mindfullyoga. El objetivo es reconectar con los valores personales y salir del piloto autom\u00e1tico. \u00a0Se recomienda llevar manta, almohad\u00f3n y mate. El valor es de $20.000 y la inscripci\u00f3n se realiza a trav\u00e9s de formulario online<\/p>\n<p><a href=\"https:\/\/docs.google.com\/forms\/d\/e\/1FAIpQLSdoTVk-wpv_0Wt1b3zF_HAAasyqGFUUnayTajjulLRlHMxQQw\/viewform\">https:\/\/docs.google.com\/forms\/d\/e\/1FAIpQLSdoTVk-wpv_0Wt1b3zF_HAAasyqGFUUnayTajjulLRlHMxQQw\/viewform<\/a><\/p>\n<p>Adem\u00e1s, durante el mes se dicta el Taller de Cantoterapia\u00a0grupal, destinado a j\u00f3venes y adultos desde los 18 a\u00f1os, sin necesidad de experiencia vocal previa. Los encuentros ser\u00e1n los jueves, desde el 4 de septiembre, de 18 a 19:30. Se trabajar\u00e1 con t\u00e9cnicas de respiraci\u00f3n, vocalizaci\u00f3n y afinaci\u00f3n aplicadas al canto recreativo, buscando generar un espacio de expresi\u00f3n y bienestar. El valor mensual es de $18.000 y las inscripciones se realizan al 264-6291532.<\/p>\n<p>Con esta programaci\u00f3n diversa, el Chalet Cantoni invita al p\u00fablico a disfrutar de propuestas que abarcan la creaci\u00f3n art\u00edstica, el bienestar personal y el fortalecimiento del entramado productivo de San Juan.<\/p>\n<figure id=\"attachment_77863\" aria-describedby=\"caption-attachment-77863\" style=\"width: 800px\" class=\"wp-caption alignnone\"><img loading=\"lazy\" decoding=\"async\" class=\"size-full wp-image-77863\" src=\"https:\/\/vocesparalelas.com.ar\/sitio\/wp-content\/uploads\/2024\/10\/CHALET-CANTONI-NUEVO.jpg\" alt=\"\" width=\"800\" height=\"533\" srcset=\"https:\/\/vocesparalelas.com.ar\/sitio\/wp-content\/uploads\/2024\/10\/CHALET-CANTONI-NUEVO.jpg 800w, https:\/\/vocesparalelas.com.ar\/sitio\/wp-content\/uploads\/2024\/10\/CHALET-CANTONI-NUEVO-300x200.jpg 300w, https:\/\/vocesparalelas.com.ar\/sitio\/wp-content\/uploads\/2024\/10\/CHALET-CANTONI-NUEVO-768x512.jpg 768w\" sizes=\"auto, (max-width: 800px) 100vw, 800px\" \/><figcaption id=\"caption-attachment-77863\" class=\"wp-caption-text\">Chalet Cantoni, Departamento Rivadavia, Provincia San Juan, Rep\u00fablica Argentita<\/figcaption><\/figure>\n","protected":false},"excerpt":{"rendered":"<p>El Chalet Cantoni tiene una agenda durante Septiembre con actividades que combinan arte, m\u00fasica, cine, ferias, talleres y experiencias de<\/p>\n","protected":false},"author":3,"featured_media":46297,"comment_status":"closed","ping_status":"closed","sticky":false,"template":"","format":"standard","meta":{"_acf_changed":false,"_seopress_robots_primary_cat":"none","_seopress_titles_title":"","_seopress_titles_desc":"","_seopress_robots_index":"","colormag_page_container_layout":"default_layout","colormag_page_sidebar_layout":"default_layout","footnotes":""},"categories":[20],"tags":[],"class_list":["post-90963","post","type-post","status-publish","format-standard","has-post-thumbnail","hentry","category-cartelera"],"acf":[],"_links":{"self":[{"href":"https:\/\/vocesparalelas.com.ar\/sitio\/wp-json\/wp\/v2\/posts\/90963","targetHints":{"allow":["GET"]}}],"collection":[{"href":"https:\/\/vocesparalelas.com.ar\/sitio\/wp-json\/wp\/v2\/posts"}],"about":[{"href":"https:\/\/vocesparalelas.com.ar\/sitio\/wp-json\/wp\/v2\/types\/post"}],"author":[{"embeddable":true,"href":"https:\/\/vocesparalelas.com.ar\/sitio\/wp-json\/wp\/v2\/users\/3"}],"replies":[{"embeddable":true,"href":"https:\/\/vocesparalelas.com.ar\/sitio\/wp-json\/wp\/v2\/comments?post=90963"}],"version-history":[{"count":1,"href":"https:\/\/vocesparalelas.com.ar\/sitio\/wp-json\/wp\/v2\/posts\/90963\/revisions"}],"predecessor-version":[{"id":90966,"href":"https:\/\/vocesparalelas.com.ar\/sitio\/wp-json\/wp\/v2\/posts\/90963\/revisions\/90966"}],"wp:featuredmedia":[{"embeddable":true,"href":"https:\/\/vocesparalelas.com.ar\/sitio\/wp-json\/wp\/v2\/media\/46297"}],"wp:attachment":[{"href":"https:\/\/vocesparalelas.com.ar\/sitio\/wp-json\/wp\/v2\/media?parent=90963"}],"wp:term":[{"taxonomy":"category","embeddable":true,"href":"https:\/\/vocesparalelas.com.ar\/sitio\/wp-json\/wp\/v2\/categories?post=90963"},{"taxonomy":"post_tag","embeddable":true,"href":"https:\/\/vocesparalelas.com.ar\/sitio\/wp-json\/wp\/v2\/tags?post=90963"}],"curies":[{"name":"wp","href":"https:\/\/api.w.org\/{rel}","templated":true}]}}