{"id":90948,"date":"2025-09-05T21:49:51","date_gmt":"2025-09-06T00:49:51","guid":{"rendered":"https:\/\/vocesparalelas.com.ar\/sitio\/?p=90948"},"modified":"2025-09-05T21:49:51","modified_gmt":"2025-09-06T00:49:51","slug":"los-regalones-de-las-familias-del-departamento-pocito-tienen-su-eni-n-69-rinconcito-de-luz-de-san-juan","status":"publish","type":"post","link":"https:\/\/vocesparalelas.com.ar\/sitio\/los-regalones-de-las-familias-del-departamento-pocito-tienen-su-eni-n-69-rinconcito-de-luz-de-san-juan\/","title":{"rendered":"Los regalones de las familias del Departamento Pocito tienen su ENI N\u00b0 69 \u201cRinconcito de Luz\u201d de San Juan"},"content":{"rendered":"<p>El gobernador de San Juan, Dr. Marcelo Orrego inaugur\u00f3 la Escuela de Nivel Inicial N\u00b0 69 \u201cRinconcito de Luz\u201d, haciendo entrega de un moderno edificio de 401 m\u00b2 dise\u00f1ado y equipado con los recursos necesarios para la formaci\u00f3n educativa de cientos de ni\u00f1os del Barrio Las Pampas y otras zonas del departamento Pocito.<\/p>\n<p>Acompa\u00f1aron el vicegobernador Dr. Fabi\u00e1n Mart\u00edn; el intendente de la Municipalidad de Pocito, Prof. Fabi\u00e1n Aballay; los ministros de Educaci\u00f3n, Lic. Silvia Fuentes; de Gobierno, Dra. Laura Palma; de Infraestructura, Agua y Energ\u00eda, Arq. Fernando Perea, autoridades escolares y dem\u00e1s funcionarios provinciales.<\/p>\n<p><iframe loading=\"lazy\" title=\"Orrego inaugur\u00f3 una nueva escuela de Nivel Inicial en Pocito\" width=\"800\" height=\"450\" src=\"https:\/\/www.youtube.com\/embed\/kye53zdHWRo?feature=oembed\" frameborder=\"0\" allow=\"accelerometer; autoplay; clipboard-write; encrypted-media; gyroscope; picture-in-picture; web-share\" referrerpolicy=\"strict-origin-when-cross-origin\" allowfullscreen><\/iframe><\/p>\n<p>En este sentido, el gobernador de San Juan, Dr. Marcelo Orrego describi\u00f3 que \u00abpara nosotros la educaci\u00f3n no es una circunstancia, es una pol\u00edtica de Estado. En la tierra de Sarmiento siempre ser\u00e1 prioridad. Cada escuela que inauguramos no es un gasto, es una inversi\u00f3n en el futuro de nuestros chicos. Mi respeto y reconocimiento es para las docentes, porque son ustedes quienes, con vocaci\u00f3n, transmiten el conocimiento y acompa\u00f1an a los alumnos a\u00fan fuera de la escuela. A pesar de contar con menos recursos y sin obras nacionales, decidimos retomar y concretar proyectos. Ayer inauguramos una arteria fundamental en el sur de la provincia y hoy esta escuela, que ser\u00e1 parte de la vida de esta comunidad\u201d.<\/p>\n<p>\u201cCada vez que inauguramos una escuela, un hospital o una comisar\u00eda, s\u00e9 que estamos fortaleciendo las \u00e1reas m\u00e1s sensibles de la vida de los sanjuaninos. Vamos a seguir trabajando juntos, con esfuerzo, como una gran familia\u201d &#8211; sintetiz\u00f3 el gobernador de San Juan, Dr. Marcelo Orrego.<\/p>\n<p>Luego, el intendente de la Municipalidad de Pocito, Prof. Fabi\u00e1n Aballay enfatiz\u00f3 que \u201csin educaci\u00f3n no hay progreso. Con mucho menos recursos que nuestras gestiones, sin los fondos nacionales, este gobierno apost\u00f3 primero a la educaci\u00f3n y lo cumpli\u00f3. Hoy inauguramos este edificio y muchos otros, y adem\u00e1s hizo realidad el boleto escolar gratuito desde el nivel inicial hasta la universidad. Eso es invertir en el futuro de la provincia y del pa\u00eds. Cuando hay educaci\u00f3n, un pueblo tiene m\u00e1s seguridad y m\u00e1s salud, porque todo empieza ah\u00ed\u201d.<\/p>\n<p><span style=\"color: #ff6600;\"><strong>Caracter\u00edsticas del ENI N\u00b0 69 \u201cRinconcito de Luz\u201d<\/strong><\/span><\/p>\n<p>El nuevo edificio est\u00e1 ubicado sobre la Calle Proyectada 12 s\/n\u00b0 del Barrio Las Pampas, y consta de una superficie cubierta de 401 m\u00b2. Entre otros espacios, la obra contempl\u00f3 la construcci\u00f3n de \u00e1reas pedag\u00f3gicas, de esparcimiento y deportes, y de gobierno y servicios, e incluye modernas herramientas de seguridad.<\/p>\n<p>En su \u00c1rea Pedag\u00f3gica, el edificio cuenta con tres salas de nivel inicial equipadas con sanitarios para varones y mujeres, mesada con piletas lavamanos; armario con estantes para guardado de material did\u00e1ctico, mobiliario escolar (mesas y sillas), aire acondicionado y ventiladores de pared. Las mismas cuentan con un dep\u00f3sito de 3,30 m\u00b2 y est\u00e1n provistas con termotanques el\u00e9ctricos.<\/p>\n<p>Por su parte, el \u00c1rea de Gobierno y Servicios cuenta con una oficina para Direcci\u00f3n, provista con aire acondicionado y mobiliario; tres sanitarios para distintos usos: docentes, no docentes y personas con discapacidad; y una cocina con economato equipada con heladera, freezer, estanter\u00edas, termotanque el\u00e9ctrico, cocina y horno tipo industrial. Asimismo, el predio cuenta con una torre de tanques con una reserva total de 3.000 litros de agua potable de red, y estacionamiento para diez veh\u00edculos con port\u00f3n met\u00e1lico de acceso e iluminaci\u00f3n.<\/p>\n<p>A su vez, la obra incluye un sal\u00f3n de usos m\u00faltiples (SUM) y una ludoteca equipada con armario y climatizada con aires acondicionados y ventiladores. Adem\u00e1s, esta ENI cuenta con un patio de juegos con piso de caucho, equipado con un mangrullo y una calesita, y tambi\u00e9n posee un patio c\u00edvico con m\u00e1stil para actividades pedag\u00f3gicas al aire libre. Dichas \u00e1reas se completan con farolas de iluminaci\u00f3n, bancos, bebederos, canteros y arbolado.<\/p>\n<p>En materia de seguridad, el establecimiento posee matafuegos reglamentarios correspondientes, iluminaci\u00f3n de emergencias, carteler\u00eda indicativa, barrales antip\u00e1nicos, sensores de humo, alarma de incendio y un grupo electr\u00f3geno port\u00e1til. Tambi\u00e9n est\u00e1 provisto de alarma y rejas en ventanas, el predio se encuentra cerrado en todo su per\u00edmetro y cuenta con farolas de iluminaci\u00f3n exterior.<\/p>\n<p><img loading=\"lazy\" decoding=\"async\" class=\"alignnone size-full wp-image-28629\" src=\"https:\/\/vocesparalelas.com.ar\/sitio\/wp-content\/uploads\/2020\/05\/MINISTERIO-EDUCACION-SJ.jpg\" alt=\"\" width=\"800\" height=\"533\" srcset=\"https:\/\/vocesparalelas.com.ar\/sitio\/wp-content\/uploads\/2020\/05\/MINISTERIO-EDUCACION-SJ.jpg 800w, https:\/\/vocesparalelas.com.ar\/sitio\/wp-content\/uploads\/2020\/05\/MINISTERIO-EDUCACION-SJ-300x200.jpg 300w, https:\/\/vocesparalelas.com.ar\/sitio\/wp-content\/uploads\/2020\/05\/MINISTERIO-EDUCACION-SJ-768x512.jpg 768w\" sizes=\"auto, (max-width: 800px) 100vw, 800px\" \/><\/p>\n","protected":false},"excerpt":{"rendered":"<p>El gobernador de San Juan, Dr. Marcelo Orrego inaugur\u00f3 la Escuela de Nivel Inicial N\u00b0 69 \u201cRinconcito de Luz\u201d, haciendo<\/p>\n","protected":false},"author":3,"featured_media":90951,"comment_status":"closed","ping_status":"closed","sticky":false,"template":"","format":"standard","meta":{"_acf_changed":false,"_seopress_robots_primary_cat":"none","_seopress_titles_title":"","_seopress_titles_desc":"","_seopress_robots_index":"","colormag_page_container_layout":"default_layout","colormag_page_sidebar_layout":"default_layout","footnotes":""},"categories":[1,7],"tags":[],"class_list":["post-90948","post","type-post","status-publish","format-standard","has-post-thumbnail","hentry","category-destacadas","category-videos"],"acf":[],"_links":{"self":[{"href":"https:\/\/vocesparalelas.com.ar\/sitio\/wp-json\/wp\/v2\/posts\/90948","targetHints":{"allow":["GET"]}}],"collection":[{"href":"https:\/\/vocesparalelas.com.ar\/sitio\/wp-json\/wp\/v2\/posts"}],"about":[{"href":"https:\/\/vocesparalelas.com.ar\/sitio\/wp-json\/wp\/v2\/types\/post"}],"author":[{"embeddable":true,"href":"https:\/\/vocesparalelas.com.ar\/sitio\/wp-json\/wp\/v2\/users\/3"}],"replies":[{"embeddable":true,"href":"https:\/\/vocesparalelas.com.ar\/sitio\/wp-json\/wp\/v2\/comments?post=90948"}],"version-history":[{"count":1,"href":"https:\/\/vocesparalelas.com.ar\/sitio\/wp-json\/wp\/v2\/posts\/90948\/revisions"}],"predecessor-version":[{"id":90952,"href":"https:\/\/vocesparalelas.com.ar\/sitio\/wp-json\/wp\/v2\/posts\/90948\/revisions\/90952"}],"wp:featuredmedia":[{"embeddable":true,"href":"https:\/\/vocesparalelas.com.ar\/sitio\/wp-json\/wp\/v2\/media\/90951"}],"wp:attachment":[{"href":"https:\/\/vocesparalelas.com.ar\/sitio\/wp-json\/wp\/v2\/media?parent=90948"}],"wp:term":[{"taxonomy":"category","embeddable":true,"href":"https:\/\/vocesparalelas.com.ar\/sitio\/wp-json\/wp\/v2\/categories?post=90948"},{"taxonomy":"post_tag","embeddable":true,"href":"https:\/\/vocesparalelas.com.ar\/sitio\/wp-json\/wp\/v2\/tags?post=90948"}],"curies":[{"name":"wp","href":"https:\/\/api.w.org\/{rel}","templated":true}]}}